{"id":346055,"date":"2025-08-26T21:02:28","date_gmt":"2025-08-26T21:02:28","guid":{"rendered":"https:\/\/www.europesays.com\/fr\/346055\/"},"modified":"2025-08-26T21:02:28","modified_gmt":"2025-08-26T21:02:28","slug":"varces-allieres-et-risset-une-cueillette-de-pommes-dans-le-verger-du-parc-beylier-dimanche","status":"publish","type":"post","link":"https:\/\/www.europesays.com\/fr\/346055\/","title":{"rendered":"Varces-Alli\u00e8res-et-Risset. Une cueillette de pommes dans le verger du parc Beylier dimanche"},"content":{"rendered":"<p>Le verger citoyen du parc Beylier ouvrira ses portes dimanche 31\u00a0ao\u00fbt de 10\u00a0h \u00e0 12\u00a0h pour une cueillette de pommes organis\u00e9e par l\u2019association de la Vall\u00e9e de la Gresse en transition.<\/p>\n<p>Ce lieu ombrag\u00e9 rassemble bon nombre de Var\u00e7ois lors de ses ouvertures tout au long de l\u2019ann\u00e9e, au rythme des saisons, pour diverses animations\u00a0: apprentissage de la taille des arbres, r\u00e9alisation de compost, cueillette de pommes et confection de compote.<\/p>\n<p>Il est aussi familier pour les enfants des \u00e9coles var\u00e7oises qui y pratiquent la \u00ab\u00a0classe ouverte\u00a0\u00bb et qui plante des arbustes fruitiers, qui prennent soin des poules avec les b\u00e9n\u00e9voles de l\u2019association, et m\u00eame pour des musiciens que les habitants sont venus applaudir lors de petits concerts \u201cUn Sol Hit\u201d.<\/p>\n<p>Comme toujours, la cueillette, encadr\u00e9e par les b\u00e9n\u00e9voles qui apporteront tout le mat\u00e9riel, est gratuite, ouverte \u00e0 tout le monde.<\/p>\n<p>Ceux qui le d\u00e9sirent pourront participer \u00e0 la fabrication de la compote et ram\u00e8neront un pot \u00e0 d\u00e9guster chez eux.<\/p>\n","protected":false},"excerpt":{"rendered":"Le verger citoyen du parc Beylier ouvrira ses portes dimanche 31\u00a0ao\u00fbt de 10\u00a0h \u00e0 12\u00a0h pour une cueillette&hellip;\n","protected":false},"author":2,"featured_media":346056,"comment_status":"","ping_status":"","sticky":false,"template":"","format":"standard","meta":{"footnotes":""},"categories":[9566],"tags":[1111,11,2430,113,436,1777,674,1011,27,2731,7000,12,25,13056],"class_list":{"0":"post-346055","1":"post","2":"type-post","3":"status-publish","4":"format-standard","5":"has-post-thumbnail","7":"category-grenoble","8":"tag-actu","9":"tag-actualites","10":"tag-auvergne-rhone-alpes","11":"tag-edition-gresivaudan-oisans","12":"tag-environnement","13":"tag-eu","14":"tag-europe","15":"tag-fr","16":"tag-france","17":"tag-grenoble","18":"tag-lagglomeration","19":"tag-news","20":"tag-republique-francaise","21":"tag-varces-allieres-et-risset"},"share_on_mastodon":{"url":"https:\/\/pubeurope.com\/@fr\/115097091646846747","error":""},"_links":{"self":[{"href":"https:\/\/www.europesays.com\/fr\/wp-json\/wp\/v2\/posts\/346055","targetHints":{"allow":["GET"]}}],"collection":[{"href":"https:\/\/www.europesays.com\/fr\/wp-json\/wp\/v2\/posts"}],"about":[{"href":"https:\/\/www.europesays.com\/fr\/wp-json\/wp\/v2\/types\/post"}],"author":[{"embeddable":true,"href":"https:\/\/www.europesays.com\/fr\/wp-json\/wp\/v2\/users\/2"}],"replies":[{"embeddable":true,"href":"https:\/\/www.europesays.com\/fr\/wp-json\/wp\/v2\/comments?post=346055"}],"version-history":[{"count":0,"href":"https:\/\/www.europesays.com\/fr\/wp-json\/wp\/v2\/posts\/346055\/revisions"}],"wp:featuredmedia":[{"embeddable":true,"href":"https:\/\/www.europesays.com\/fr\/wp-json\/wp\/v2\/media\/346056"}],"wp:attachment":[{"href":"https:\/\/www.europesays.com\/fr\/wp-json\/wp\/v2\/media?parent=346055"}],"wp:term":[{"taxonomy":"category","embeddable":true,"href":"https:\/\/www.europesays.com\/fr\/wp-json\/wp\/v2\/categories?post=346055"},{"taxonomy":"post_tag","embeddable":true,"href":"https:\/\/www.europesays.com\/fr\/wp-json\/wp\/v2\/tags?post=346055"}],"curies":[{"name":"wp","href":"https:\/\/api.w.org\/{rel}","templated":true}]}}