{"id":346057,"date":"2025-08-26T21:03:16","date_gmt":"2025-08-26T21:03:16","guid":{"rendered":"https:\/\/www.europesays.com\/fr\/346057\/"},"modified":"2025-08-26T21:03:16","modified_gmt":"2025-08-26T21:03:16","slug":"grenoble-le-crif-denonce-un-detournement-de-memoire-lors-de-la-commemoration-de-la-rafle-du-26-aout-1942","status":"publish","type":"post","link":"https:\/\/www.europesays.com\/fr\/346057\/","title":{"rendered":"Grenoble : Le CRIF D\u00e9nonce Un \u00ab\u00a0d\u00e9tournement De M\u00e9moire\u00a0\u00bb Lors De La Comm\u00e9moration De La Rafle Du 26 Ao\u00fbt 1942"},"content":{"rendered":"<p class=\"\" data-is=\"component-paragraph\">Grenoble a \u00e9t\u00e9 le th\u00e9\u00e2tre d\u2019une vive pol\u00e9mique ce mardi, lors de la c\u00e9r\u00e9monie comm\u00e9morative de la rafle des familles juives du 26 ao\u00fbt 1942. Le Crif Grenoble-Dauphin\u00e9 a exprim\u00e9 son \u00ab indignation \u00bb apr\u00e8s le discours de Claus Habfast, repr\u00e9sentant la mairie, accus\u00e9 d\u2019avoir politis\u00e9 l\u2019\u00e9v\u00e9nement.<\/p>\n<p class=\"\" data-is=\"component-paragraph\">Selon le communiqu\u00e9 sign\u00e9 par \u00c9ric Hattab, pr\u00e9sident du Crif local, la c\u00e9r\u00e9monie devait \u00eatre un moment solennel de recueillement en hommage aux familles arr\u00eat\u00e9es par le r\u00e9gime de Vichy, livr\u00e9es aux nazis et extermin\u00e9es \u00ab pour la seule raison qu\u2019elles \u00e9taient juives \u00bb. Or, au lieu de s\u2019en tenir \u00e0 cette m\u00e9moire, le repr\u00e9sentant de la mairie a \u00e9voqu\u00e9 le conflit isra\u00e9lo-palestinien, les victimes civiles de Gaza et d\u00e9nonc\u00e9 \u00ab le gouvernement d\u2019extr\u00eame-droite isra\u00e9lien \u00bb.<\/p>\n<p class=\"\" data-is=\"component-paragraph\">Le Crif d\u00e9nonce une \u00ab confusion inacceptable entre Shoah et trag\u00e9die actuelle au Proche-Orient \u00bb, ainsi qu\u2019une \u00ab partialit\u00e9 \u00bb marqu\u00e9e par le silence sur les massacres du Hamas du 7 octobre 2023 et sur les otages isra\u00e9liens encore d\u00e9tenus.\u00a0Face \u00e0 ce discours jug\u00e9 offensant, plusieurs personnalit\u00e9s, dont la s\u00e9natrice Fr\u00e9d\u00e9rique Puissat, la d\u00e9put\u00e9e Camille Galliard-Minier et la conseill\u00e8re d\u00e9partementale Jo\u00eblle Hours, ont quitt\u00e9 la c\u00e9r\u00e9monie aux c\u00f4t\u00e9s d\u2019\u00c9ric Hattab.\u00a0<\/p>\n<p class=\"\" data-is=\"component-paragraph\">Celui-ci souligne que la cons\u00e9quence a \u00e9t\u00e9 grave : la pri\u00e8re en hommage aux victimes n\u2019a pas \u00e9t\u00e9 r\u00e9cit\u00e9e et la gerbe du Crif n\u2019a pas \u00e9t\u00e9 d\u00e9pos\u00e9e.<\/p>\n<p class=\"\" data-is=\"component-paragraph\">Le Crif exige d\u00e9sormais du maire de Grenoble que de tels \u00ab d\u00e9rapages \u00bb ne se reproduisent plus et que Claus Habfast soit \u00e9cart\u00e9 de toute prise de parole lors des comm\u00e9morations li\u00e9es \u00e0 la m\u00e9moire de la Shoah.<\/p>\n","protected":false},"excerpt":{"rendered":"Grenoble a \u00e9t\u00e9 le th\u00e9\u00e2tre d\u2019une vive pol\u00e9mique ce mardi, lors de la c\u00e9r\u00e9monie comm\u00e9morative de la rafle&hellip;\n","protected":false},"author":2,"featured_media":346058,"comment_status":"","ping_status":"","sticky":false,"template":"","format":"standard","meta":{"footnotes":""},"categories":[9566],"tags":[1111,11,2430,1777,674,1011,27,2731,12,25],"class_list":{"0":"post-346057","1":"post","2":"type-post","3":"status-publish","4":"format-standard","5":"has-post-thumbnail","7":"category-grenoble","8":"tag-actu","9":"tag-actualites","10":"tag-auvergne-rhone-alpes","11":"tag-eu","12":"tag-europe","13":"tag-fr","14":"tag-france","15":"tag-grenoble","16":"tag-news","17":"tag-republique-francaise"},"share_on_mastodon":{"url":"https:\/\/pubeurope.com\/@fr\/115097095584348181","error":""},"_links":{"self":[{"href":"https:\/\/www.europesays.com\/fr\/wp-json\/wp\/v2\/posts\/346057","targetHints":{"allow":["GET"]}}],"collection":[{"href":"https:\/\/www.europesays.com\/fr\/wp-json\/wp\/v2\/posts"}],"about":[{"href":"https:\/\/www.europesays.com\/fr\/wp-json\/wp\/v2\/types\/post"}],"author":[{"embeddable":true,"href":"https:\/\/www.europesays.com\/fr\/wp-json\/wp\/v2\/users\/2"}],"replies":[{"embeddable":true,"href":"https:\/\/www.europesays.com\/fr\/wp-json\/wp\/v2\/comments?post=346057"}],"version-history":[{"count":0,"href":"https:\/\/www.europesays.com\/fr\/wp-json\/wp\/v2\/posts\/346057\/revisions"}],"wp:featuredmedia":[{"embeddable":true,"href":"https:\/\/www.europesays.com\/fr\/wp-json\/wp\/v2\/media\/346058"}],"wp:attachment":[{"href":"https:\/\/www.europesays.com\/fr\/wp-json\/wp\/v2\/media?parent=346057"}],"wp:term":[{"taxonomy":"category","embeddable":true,"href":"https:\/\/www.europesays.com\/fr\/wp-json\/wp\/v2\/categories?post=346057"},{"taxonomy":"post_tag","embeddable":true,"href":"https:\/\/www.europesays.com\/fr\/wp-json\/wp\/v2\/tags?post=346057"}],"curies":[{"name":"wp","href":"https:\/\/api.w.org\/{rel}","templated":true}]}}