{"id":346059,"date":"2025-08-26T21:06:22","date_gmt":"2025-08-26T21:06:22","guid":{"rendered":"https:\/\/www.europesays.com\/fr\/346059\/"},"modified":"2025-08-26T21:06:22","modified_gmt":"2025-08-26T21:06:22","slug":"un-chantier-tres-complique-pourquoi-de-grosses-difficultes-de-circulation-sont-a-prevoir-sur-cette-route-tres-frequentee-pres-de-rennes","status":"publish","type":"post","link":"https:\/\/www.europesays.com\/fr\/346059\/","title":{"rendered":"\u00ab\u00a0Un chantier tr\u00e8s compliqu\u00e9\u00a0\u00bb\u00a0: pourquoi de grosses difficult\u00e9s de circulation sont \u00e0 pr\u00e9voir sur cette route tr\u00e8s fr\u00e9quent\u00e9e pr\u00e8s de Rennes"},"content":{"rendered":"<p>Automobilistes, pr\u00e9parez-vous \u00e0 gal\u00e9rer. Dans les prochains mois, d\u2019importants travaux auront lieu sur la route nationale 24 (RN 24), \u00e0 l\u2019ouest de Rennes, avec, \u00e0 la cl\u00e9, des difficult\u00e9s de circulation \u00e0 pr\u00e9voir. L\u2019id\u00e9e : cr\u00e9er une voie r\u00e9serv\u00e9e aux bus sur 1,8 km entre Le Rheu et le carrefour de la rue du Manoir de S\u00e9vign\u00e9, \u00e0 Vezin-le-Coquet, dans la zone industrielle de la route de Lorient.<\/p>\n<p>L\u2019infrastructure, qui sera am\u00e9nag\u00e9e dans le prolongement de la voie de bus existante dans Rennes, devrait permettre de r\u00e9duire les bouchons sur l\u2019un des axes les plus fr\u00e9quent\u00e9s de la m\u00e9tropole, avec jusqu\u2019\u00e0 32 000 v\u00e9hicules par jour. Autre objectif : favoriser un report de la voiture vers les bus, en leur permettant de circuler plus facilement et avec des horaires plus fiables aux heures de pointe. \u00ab Nous nous attendons \u00e0 un gain de temps de 4 minutes [en bus] par rapport aux conditions actuelles \u00bb, indique Fr\u00e9d\u00e9ric Lechelon, le directeur de la Direction interd\u00e9partementale des routes Ouest. Montant total du projet : 4 M\u20ac, financ\u00e9s par l\u2019\u00c9tat, Rennes M\u00e9tropole, le D\u00e9partement et la R\u00e9gion.<\/p>\n<p><img decoding=\"async\" src=\"https:\/\/www.europesays.com\/fr\/wp-content\/uploads\/2025\/08\/68adc3d286f3bfe00f00ad25.1.jpeg\" width=\"480\" height=\"300\" class=\"web_golden_m\" loading=\"lazy\" alt=\"Plan de la zone de travaux. Une premi\u00e8re phase est pr\u00e9vue sur le secteur du\u00a0Rheu et une seconde \u00e0 Vezin-le-Coquet.\"\/>Plan de la zone de travaux. Une premi\u00e8re phase est pr\u00e9vue sur le secteur du\u00a0Rheu et une seconde \u00e0 Vezin-le-Coquet. (Photo DIRO)<\/p>\n<p>Selon les \u00e9l\u00e9ments pr\u00e9sent\u00e9s ce mardi 26 ao\u00fbt lors d\u2019une conf\u00e9rence de presse, la nouvelle voie de bus sera cr\u00e9\u00e9e dans le sens Lorient-Rennes, \u00e0 la place de la bande d\u2019arr\u00eat d\u2019urgence et de la piste cyclable, qui basculera de l\u2019autre c\u00f4t\u00e9 de la RN 24 pour cr\u00e9er un double sens cyclable. Le covoiturage n\u2019y sera pas autoris\u00e9, contrairement \u00e0 ce qui a \u00e9t\u00e9 fait <a href=\"https:\/\/www.letelegramme.fr\/ille-et-vilaine\/rennes-35000\/axe-rennes-nantes-un-an-apres-sa-mise-en-service-bilan-positif-pour-la-voie-de-covoiturage-6671054.php\" target=\"_blank\" rel=\"noopener\">sur la RN 137 (Nantes-Rennes)<\/a> en 2023. En revanche, <a href=\"https:\/\/www.letelegramme.fr\/ille-et-vilaine\/rennes-35000\/trambus-a-rennes-ce-que-ca-va-changer-6746505.php\" target=\"_blank\" rel=\"noopener\">le futur trambus T2<\/a>, qui reliera Vezin-le-Coquet et Cesson-S\u00e9vign\u00e9 \u00e0 partir de <a href=\"https:\/\/www.letelegramme.fr\/ille-et-vilaine\/rennes-35000\/le-risque-dun-investissement-pour-rien-a-rennes-la-premiere-ligne-de-trambus-sur-les-rails-malgre-les-oppositions-6777918.php\" target=\"_blank\" rel=\"noopener\">fin 2027<\/a>, pourra circuler.<\/p>\n<p>Am\u00e9nagement au Rheu jusqu\u2019en novembre<\/p>\n<p>Si, sur le papier, cr\u00e9er cette nouvelle voie pour les transports en commune semble facile, les choses sont diff\u00e9rentes dans la r\u00e9alit\u00e9. D\u00e9placements des r\u00e9seaux, impacts sur la circulation, coordination avec les travaux du trambus dans Rennes \u00e0 partir de fin 2025\u2026 \u00ab Il s\u2019agit d\u2019un chantier tr\u00e8s compliqu\u00e9 \u00bb, reconna\u00eet Fr\u00e9d\u00e9ric Lechelon. \u00c0 tel point qu\u2019il avait \u00e9t\u00e9 <a href=\"https:\/\/www.letelegramme.fr\/ille-et-vilaine\/rennes-35000\/pres-de-rennes-cette-portion-de-route-va-etre-en-travaux-pendant-un-an-6554355.php\" target=\"_blank\" rel=\"noopener\">annonc\u00e9 pour 2024<\/a> avant d\u2019\u00eatre repouss\u00e9, le temps de mener des \u00e9tudes compl\u00e9mentaires.<\/p>\n<p>Dans le secteur du Rheu, les premiers coups de pelle ont \u00e9t\u00e9 donn\u00e9s en f\u00e9vrier dernier, afin de d\u00e9placer les r\u00e9seaux d\u2019\u00e9nergie et de t\u00e9l\u00e9communication. \u00ab \u00c7a n\u2019a pas \u00e9t\u00e9 aussi simple qu\u2019on le pensait mais c\u2019est termin\u00e9, annonce Fr\u00e9d\u00e9ric Lechelon. Les travaux d\u2019am\u00e9nagement vont donc pouvoir commencer d\u00e8s la semaine prochaine. \u00bb Jusqu\u2019au 14 novembre, la largeur des deux voies de circulation sera r\u00e9duite et la vitesse, limit\u00e9e \u00e0 50 km\/h au lieu de 70. Des fermetures ponctuelles sont aussi pr\u00e9vues la nuit. En outre, l\u2019acc\u00e8s \u00e0 la route d\u00e9partementale 129 depuis la RN 24 sera ferm\u00e9 (sauf le week-end).<\/p>\n<p>Une phase \u00ab compliqu\u00e9e \u00bb \u00e0 Vezin au printemps<\/p>\n<p>Dans le secteur de Vezin-le-Coquet (zone de la route de Lorient), le chantier de d\u00e9placements des r\u00e9seaux d\u00e9butera \u00e0 partir de fin septembre et se d\u00e9roulera jusqu\u2019en mars 2026. Il sera suivi de travaux d\u2019am\u00e9nagement en avril-mai. Une phase \u00ab compliqu\u00e9e \u00bb, avec \u00ab 15 jours difficiles \u00bb o\u00f9 la circulation sera r\u00e9duite \u00e0 une seule voie, pr\u00e9vient Fr\u00e9d\u00e9ric Lechelon. Le calendrier exact des travaux n\u2019est pas encore cal\u00e9. Selon le patron de la Diro, des itin\u00e9raires de d\u00e9viation seront mis en place mais \u00ab les premiers jours, le temps que les gens s\u2019organisent, ce ne sera pas suffisant \u00bb<\/p>\n","protected":false},"excerpt":{"rendered":"Automobilistes, pr\u00e9parez-vous \u00e0 gal\u00e9rer. Dans les prochains mois, d\u2019importants travaux auront lieu sur la route nationale 24 (RN&hellip;\n","protected":false},"author":2,"featured_media":346060,"comment_status":"","ping_status":"","sticky":false,"template":"","format":"standard","meta":{"footnotes":""},"categories":[2821],"tags":[1111,11,829,7048,21017,1777,674,1011,27,848,12,584,25,2803,33344],"class_list":{"0":"post-346059","1":"post","2":"type-post","3":"status-publish","4":"format-standard","5":"has-post-thumbnail","7":"category-rennes","8":"tag-actu","9":"tag-actualites","10":"tag-bretagne","11":"tag-bus","12":"tag-deplacements-a-rennes","13":"tag-eu","14":"tag-europe","15":"tag-fr","16":"tag-france","17":"tag-ille-et-vilaine","18":"tag-news","19":"tag-rennes","20":"tag-republique-francaise","21":"tag-transport","22":"tag-transport-en-commun"},"share_on_mastodon":{"url":"https:\/\/pubeurope.com\/@fr\/115097107983827398","error":""},"_links":{"self":[{"href":"https:\/\/www.europesays.com\/fr\/wp-json\/wp\/v2\/posts\/346059","targetHints":{"allow":["GET"]}}],"collection":[{"href":"https:\/\/www.europesays.com\/fr\/wp-json\/wp\/v2\/posts"}],"about":[{"href":"https:\/\/www.europesays.com\/fr\/wp-json\/wp\/v2\/types\/post"}],"author":[{"embeddable":true,"href":"https:\/\/www.europesays.com\/fr\/wp-json\/wp\/v2\/users\/2"}],"replies":[{"embeddable":true,"href":"https:\/\/www.europesays.com\/fr\/wp-json\/wp\/v2\/comments?post=346059"}],"version-history":[{"count":0,"href":"https:\/\/www.europesays.com\/fr\/wp-json\/wp\/v2\/posts\/346059\/revisions"}],"wp:featuredmedia":[{"embeddable":true,"href":"https:\/\/www.europesays.com\/fr\/wp-json\/wp\/v2\/media\/346060"}],"wp:attachment":[{"href":"https:\/\/www.europesays.com\/fr\/wp-json\/wp\/v2\/media?parent=346059"}],"wp:term":[{"taxonomy":"category","embeddable":true,"href":"https:\/\/www.europesays.com\/fr\/wp-json\/wp\/v2\/categories?post=346059"},{"taxonomy":"post_tag","embeddable":true,"href":"https:\/\/www.europesays.com\/fr\/wp-json\/wp\/v2\/tags?post=346059"}],"curies":[{"name":"wp","href":"https:\/\/api.w.org\/{rel}","templated":true}]}}