{"id":346063,"date":"2025-08-26T21:08:09","date_gmt":"2025-08-26T21:08:09","guid":{"rendered":"https:\/\/www.europesays.com\/fr\/346063\/"},"modified":"2025-08-26T21:08:09","modified_gmt":"2025-08-26T21:08:09","slug":"ca-tombe-a-leau-pour-julio-enciso","status":"publish","type":"post","link":"https:\/\/www.europesays.com\/fr\/346063\/","title":{"rendered":"\u00e7a tombe \u00e0 l\u2019eau pour Julio Enciso"},"content":{"rendered":"<p>Le groupe BlueCo devait accueillir une nouvelle p\u00e9pite dans ses rangs. Effectivement, <a href=\"https:\/\/www.footmercato.net\/club\/chelsea\/\" rel=\"nofollow noopener\" target=\"_blank\">Chelsea<\/a> comptait s\u2019offrir <a href=\"https:\/\/www.footmercato.net\/joueur\/julio-enciso\/\" rel=\"nofollow noopener\" target=\"_blank\">Julio Enciso<\/a> (Brighton) et <a href=\"https:\/\/www.footmercato.net\/a7347109828566713932-strasbourg-une-16e-et-une-17e-recrue-vont-debarquer\" rel=\"nofollow noopener\" target=\"_blank\">le pr\u00eater pour une saison \u00e0 Strasbourg<\/a>. Un joli coup tant le milieu offensif paraguayen de 21 ans est consid\u00e9r\u00e9 comme prometteur.<\/p>\n<p>            La suite apr\u00e8s cette publicit\u00e9<\/p>\n<p>Mais l\u2019op\u00e9ration est tomb\u00e9e \u00e0 l\u2019eau ce mardi. Comme l\u2019indique TyC Sports, BlueCo a d\u00e9cid\u00e9 de retirer son offre pour des raisons m\u00e9dicales. On rappelle que le joueur est actuellement out pour le d\u00e9but de saison \u00e0 cause d\u2019une op\u00e9ration au genou et il devrait donc rester chez les Seagulls.<\/p>\n<p>\n    Pub. le 26\/08\/2025 22:39<br \/>\n            &#8211; MAJ le 26\/08\/2025 22:41\n    <\/p>\n","protected":false},"excerpt":{"rendered":"Le groupe BlueCo devait accueillir une nouvelle p\u00e9pite dans ses rangs. Effectivement, Chelsea comptait s\u2019offrir Julio Enciso (Brighton)&hellip;\n","protected":false},"author":2,"featured_media":330091,"comment_status":"","ping_status":"","sticky":false,"template":"","format":"standard","meta":{"footnotes":""},"categories":[2820],"tags":[1111,11,1777,674,1011,27,775,12,25,640],"class_list":{"0":"post-346063","1":"post","2":"type-post","3":"status-publish","4":"format-standard","5":"has-post-thumbnail","7":"category-strasbourg","8":"tag-actu","9":"tag-actualites","10":"tag-eu","11":"tag-europe","12":"tag-fr","13":"tag-france","14":"tag-grand-est","15":"tag-news","16":"tag-republique-francaise","17":"tag-strasbourg"},"share_on_mastodon":{"url":"https:\/\/pubeurope.com\/@fr\/115097115446099836","error":""},"_links":{"self":[{"href":"https:\/\/www.europesays.com\/fr\/wp-json\/wp\/v2\/posts\/346063","targetHints":{"allow":["GET"]}}],"collection":[{"href":"https:\/\/www.europesays.com\/fr\/wp-json\/wp\/v2\/posts"}],"about":[{"href":"https:\/\/www.europesays.com\/fr\/wp-json\/wp\/v2\/types\/post"}],"author":[{"embeddable":true,"href":"https:\/\/www.europesays.com\/fr\/wp-json\/wp\/v2\/users\/2"}],"replies":[{"embeddable":true,"href":"https:\/\/www.europesays.com\/fr\/wp-json\/wp\/v2\/comments?post=346063"}],"version-history":[{"count":0,"href":"https:\/\/www.europesays.com\/fr\/wp-json\/wp\/v2\/posts\/346063\/revisions"}],"wp:featuredmedia":[{"embeddable":true,"href":"https:\/\/www.europesays.com\/fr\/wp-json\/wp\/v2\/media\/330091"}],"wp:attachment":[{"href":"https:\/\/www.europesays.com\/fr\/wp-json\/wp\/v2\/media?parent=346063"}],"wp:term":[{"taxonomy":"category","embeddable":true,"href":"https:\/\/www.europesays.com\/fr\/wp-json\/wp\/v2\/categories?post=346063"},{"taxonomy":"post_tag","embeddable":true,"href":"https:\/\/www.europesays.com\/fr\/wp-json\/wp\/v2\/tags?post=346063"}],"curies":[{"name":"wp","href":"https:\/\/api.w.org\/{rel}","templated":true}]}}