{"id":346064,"date":"2025-08-26T21:09:15","date_gmt":"2025-08-26T21:09:15","guid":{"rendered":"https:\/\/www.europesays.com\/fr\/346064\/"},"modified":"2025-08-26T21:09:15","modified_gmt":"2025-08-26T21:09:15","slug":"ciotti-veut-le-faire-tomber-estrosi-que-la-confiance-soit-votee-vos-elus-soutiendront-ils-le-gouvernement-bayrou-le-8-septembre","status":"publish","type":"post","link":"https:\/\/www.europesays.com\/fr\/346064\/","title":{"rendered":"Ciotti veut le faire tomber, Estrosi que la confiance soit vot\u00e9e&#8230; Vos \u00e9lus soutiendront-ils le gouvernement Bayrou le 8 septembre ?"},"content":{"rendered":"<p><strong>Lundi, Fran\u00e7ois Bayrou a mis en jeu la survie de son gouvernement : le 8 septembre prochain, les d\u00e9put\u00e9s devront se prononcer lors d\u2019un vote de confiance ou de d\u00e9fiance. Les opinions sont vari\u00e9es du c\u00f4t\u00e9 des \u00e9lus maralpins.<\/strong><\/p>\n<p>Il a pris tout le monde de court ce 25 ao\u00fbt lors de sa conf\u00e9rence de presse de rentr\u00e9e. En d\u00e9but de semaine, Fran\u00e7ois Bayrou a annonc\u00e9 la convocation extraordinaire de l\u2019Assembl\u00e9e nationale pour un vote de confiance programm\u00e9 le 8 septembre, soit dans moins de deux semaines.<\/p>\n<p>Le Premier ministre a obtenu d\u2019Emmanuel Macron qu\u2019il convoque une session anticip\u00e9e, le Parlement \u00e9tant encore en vacances\u2026 Un recours \u00e0 l\u2019article 49.1 de la Constitution engage sa responsabilit\u00e9 et celle des ministres, au risque, \u00e9videmment, d\u2019une chute. Avant une dissolution ? L\u2019hypoth\u00e8se, probable, <a href=\"https:\/\/www.bfmtv.com\/politique\/gouvernement\/direct-bientot-la-fin-du-gouvernement-bayrou-le-premier-ministre-va-se-soumettre-a-un-vote-de-confiance-le-8-septembre-la-gauche-et-le-rn-voteront-contre_LN-202508260071.html#:~:text=Emmanuel%20Macron%20ne%20%22souhaite%22%20pas%20une%20nouvelle%20dissolution%20mais%20ne%20se%20%22privera%20pas%20a%20priori%20d%27un%20pouvoir%20constitutionnel%22\" target=\"_blank\" rel=\"noopener nofollow\">est confort\u00e9e par l\u2019Elys\u00e9e<\/a>.<\/p>\n<p>Le Premier ministre joue son va-tout<\/p>\n<p>Une bombe dans un contexte de forte impopularit\u00e9. Fran\u00e7ois Bayrou souhaite ainsi jouer son va-tout, alors que la gronde s\u2019organise. On pense notamment \u00e0 la large mobilisation venue d\u2019Internet et attendue un peu partout dans le pays le 10 septembre. Une manifestation g\u00e9n\u00e9rale contre les (\u00e9ventuelles) mesures budg\u00e9taires.<\/p>\n<p>Autre date torpill\u00e9e avec cette annonce, celle de la motion de censure de <a href=\"https:\/\/nicepresse.com\/ils-veulent-vous-empoisonner-la-france-insoumise-sattaque-aux-deputes-des-alpes-maritimes-qui-nont-pas-denonce-la-loi-duplomb\/\" rel=\"nofollow noopener\" target=\"_blank\">La France insoumise<\/a>. Le parti attendait la fin septembre, lors de la rentr\u00e9e parlementaire, pour la d\u00e9poser. Tout va d\u00e9sormais s\u2019encha\u00eener.<\/p>\n<p>Car de nombreuses familles politiques ont affirm\u00e9 qu\u2019elles voteraient la d\u00e9fiance lors de ce scrutin. C\u2019est le cas de LFI donc, mais aussi du Rassemblement national, des Ecologistes, de l\u2019UDR ciottiste, des communistes ou encore du Parti socialiste. De l\u2019autre c\u00f4t\u00e9, les R\u00e9publicains ont confirm\u00e9 leur soutien \u00e0 Fran\u00e7ois Bayrou (reste \u00e0 voir si tous les d\u00e9put\u00e9s LR suivront bel et bien cette discipline, ce qui n\u2019est absolument pas certain), qui devrait aussi compter sur les membres des groupes Horizons, MoDem\u00a0et Ensemble.<\/p>\n<p>UDR et RN baissent le pouce<\/p>\n<p>Dans les Alpes-Maritimes, les intentions sont assez claires chez les d\u00e9put\u00e9s. Pour <a href=\"https:\/\/nicepresse.com\/eric-ciotti-pousse-les-republicains-a-trancher-rester-avec-macron-ou-assumer-lalliance-de-fait-avec-le-rn-et-son-parti-sur-les-textes-cles\/\" rel=\"nofollow noopener\" target=\"_blank\">\u00c9ric Ciotti<\/a>, pr\u00e9sident de l\u2019UDR (alli\u00e9 du RN) par exemple, il est \u00ab\u00a0naturellement inenvisageable d\u2019accorder la confiance \u00e0 un gouvernement et une majorit\u00e9 macroniste qui ont conduit depuis tant d\u2019ann\u00e9es la France sur le chemin de la faillite.\u00a0\u00bb<\/p>\n<p>Parmi ses soutiens, Bernard Chaix et Christelle D\u2019Intorni. La repr\u00e9sentante de la 5e circonscription maralpine voit en ce 8 septembre une \u00ab\u00a0oraison fun\u00e8bre de la Macronie\u00a0\u00bb, un \u00ab\u00a0aveu d\u2019impuissance face au d\u00e9sastre \u00e9conomico-social et institutionnel d\u2019Emmanuel Macron et de ses alli\u00e9s\u00a0\u00bb. Ce scrutin sera selon elle l\u2019occasion de \u00ab\u00a0renverser la table et d\u2019avoir le courage de redonner une destin\u00e9e, une cr\u00e9dibilit\u00e9 \u00e0 la France.\u00a0\u00bb<\/p>\n<p><a href=\"https:\/\/anneedelamer.nice.fr\/\" rel=\"nofollow noopener\" target=\"_blank\"><img loading=\"lazy\" decoding=\"async\" width=\"300\" height=\"300\" src=\"data:image\/svg+xml,%3Csvg%20xmlns=\" http:=\"\" alt=\"\" class=\"wp-image-235449\" data-lazy-src=\"https:\/\/www.europesays.com\/fr\/wp-content\/uploads\/2025\/04\/IMG_1416-2.png\"\/><\/a><\/p>\n<p>Au RN, Lionel Tivoli, Alexandra Masson et Bryan Masson iront dans le sens voulu par Jordan Bardella et Marine Le Pen, contre l\u2019ex\u00e9cutif.<\/p>\n<p>Les R\u00e9publicains devraient soutenir le gouvernement<\/p>\n<p>En revanche, chez les LR maralpins, \u00c9ric Pauget, Alexandra Martin et Mich\u00e8le Tabarot, la communication est moins explicite. Idem d\u2019ailleurs pour les cinq s\u00e9nateurs du 06, tous appartenant \u00e0 LR. Le parti dit ne pas vouloir \u00ab\u00a0s\u2019associer avec les d\u00e9magogues\u00a0\u00bb.<\/p>\n<p>Il donnera donc son feu vert \u00e0 Fran\u00e7ois Bayrou et \u00e0 ses ministres, bien que \u00ab\u00a0toutes les mesures budg\u00e9taires propos\u00e9es\u00a0\u00bb ne lui conviennent pas. Bruno Retailleau estime dans ce <a href=\"https:\/\/x.com\/lesRepublicains\/status\/1960274820882387454\" rel=\"nofollow\">m\u00eame communiqu\u00e9<\/a> que \u00ab\u00a0voter pour la chute du gouvernement, ce serait voter contre les int\u00e9r\u00eats de la France.\u00a0\u00bb <\/p>\n<blockquote class=\"twitter-tweet\">\n<p lang=\"fr\" dir=\"ltr\">Je suis comme les Fran\u00e7ais et les Ni\u00e7ois : je ne suis pas d\u2019accord avec toutes les mesures du gouvernement, surtout quand elles imposent des coupes qui privent nos concitoyens de projets essentiels.<br \/>Mais face \u00e0 l\u2019avenir de mon pays et de ma ville, je choisis toujours l\u2019int\u00e9r\u00eat\u2026 <a href=\"https:\/\/t.co\/VnVEMAz8Bq\" rel=\"nofollow\">pic.twitter.com\/VnVEMAz8Bq<\/a><\/p>\n<p>\u2014 Christian Estrosi (@cestrosi) <a href=\"https:\/\/twitter.com\/cestrosi\/status\/1960263150189584580?ref_src=twsrc%5Etfw\" target=\"_blank\" rel=\"noopener nofollow\">August 26, 2025<\/a><\/p><\/blockquote>\n<p>Vice-pr\u00e9sident d\u2019Horizons, le maire de Nice <a href=\"https:\/\/nicepresse.com\/nous-balaierons-tous-ceux-qui-ont-voulu-salir-nice-christian-estrosi-combattif-avant-le-top-depart-des-municipales-2026\/\" rel=\"nofollow noopener\" target=\"_blank\">Christian Estrosi<\/a> (qui n\u2019est plus parlementaire depuis quelques ann\u00e9es) se prononce en faveur de l\u2019actuel Premier ministre. Il d\u00e9fend sa position en invoquant \u00ab\u00a0l\u2019int\u00e9r\u00eat g\u00e9n\u00e9ral\u00a0\u00bb. Tout en nuan\u00e7ant, confiant, lui aussi, qu\u2019il \u00ab\u00a0n\u2019\u00e9tait pas toujours d\u2019accord avec toutes\u00a0\u00bb ses propositions.<\/p>\n<p>\t<script async src=\"https:\/\/platform.twitter.com\/widgets.js\" charset=\"utf-8\"><\/script><\/p>\n","protected":false},"excerpt":{"rendered":"Lundi, Fran\u00e7ois Bayrou a mis en jeu la survie de son gouvernement : le 8 septembre prochain, les&hellip;\n","protected":false},"author":2,"featured_media":346065,"comment_status":"","ping_status":"","sticky":false,"template":"","format":"standard","meta":{"footnotes":""},"categories":[2819],"tags":[1111,11,1777,674,1011,27,12,2401,882,25],"class_list":{"0":"post-346064","1":"post","2":"type-post","3":"status-publish","4":"format-standard","5":"has-post-thumbnail","7":"category-nice","8":"tag-actu","9":"tag-actualites","10":"tag-eu","11":"tag-europe","12":"tag-fr","13":"tag-france","14":"tag-news","15":"tag-nice","16":"tag-provence-alpes-cote-dazur","17":"tag-republique-francaise"},"share_on_mastodon":{"url":"https:\/\/pubeurope.com\/@fr\/115097119199945321","error":""},"_links":{"self":[{"href":"https:\/\/www.europesays.com\/fr\/wp-json\/wp\/v2\/posts\/346064","targetHints":{"allow":["GET"]}}],"collection":[{"href":"https:\/\/www.europesays.com\/fr\/wp-json\/wp\/v2\/posts"}],"about":[{"href":"https:\/\/www.europesays.com\/fr\/wp-json\/wp\/v2\/types\/post"}],"author":[{"embeddable":true,"href":"https:\/\/www.europesays.com\/fr\/wp-json\/wp\/v2\/users\/2"}],"replies":[{"embeddable":true,"href":"https:\/\/www.europesays.com\/fr\/wp-json\/wp\/v2\/comments?post=346064"}],"version-history":[{"count":0,"href":"https:\/\/www.europesays.com\/fr\/wp-json\/wp\/v2\/posts\/346064\/revisions"}],"wp:featuredmedia":[{"embeddable":true,"href":"https:\/\/www.europesays.com\/fr\/wp-json\/wp\/v2\/media\/346065"}],"wp:attachment":[{"href":"https:\/\/www.europesays.com\/fr\/wp-json\/wp\/v2\/media?parent=346064"}],"wp:term":[{"taxonomy":"category","embeddable":true,"href":"https:\/\/www.europesays.com\/fr\/wp-json\/wp\/v2\/categories?post=346064"},{"taxonomy":"post_tag","embeddable":true,"href":"https:\/\/www.europesays.com\/fr\/wp-json\/wp\/v2\/tags?post=346064"}],"curies":[{"name":"wp","href":"https:\/\/api.w.org\/{rel}","templated":true}]}}