{"id":346066,"date":"2025-08-26T21:10:10","date_gmt":"2025-08-26T21:10:10","guid":{"rendered":"https:\/\/www.europesays.com\/fr\/346066\/"},"modified":"2025-08-26T21:10:10","modified_gmt":"2025-08-26T21:10:10","slug":"le-milieu-de-logc-nice-pablo-rosario-en-partance-vers-le-fc-porto","status":"publish","type":"post","link":"https:\/\/www.europesays.com\/fr\/346066\/","title":{"rendered":"Le milieu de l&rsquo;OGC Nice Pablo Rosario en partance vers le FC Porto"},"content":{"rendered":"<p>En fin de contrat en juin 2026, Pablo Rosario faisait partie des joueurs ni\u00e7ois disposant d&rsquo;un bon de sortie. Comme le rapporte le journaliste sp\u00e9cialis\u00e9 Fabrizio Romano, la suite de sa carri\u00e8re va s&rsquo;\u00e9crire, sauf retournement de derni\u00e8re minute, au FC Porto. Le club portugais s&rsquo;est mis d&rsquo;accord avec l&rsquo;OGC Nice autour d&rsquo;une indemnit\u00e9 de transfert de 4 millions d&rsquo;euros.<\/p>\n<p>A Porto, le N\u00e9erlandais, qui doit encore passer sa visite m\u00e9dicale, retrouvera son ancien coach sur la C\u00f4te d&rsquo;Azur Francesco Farioli.\u00a0L&rsquo;Italien avait d\u00e9j\u00e0 envisag\u00e9 d&rsquo;attirer Rosario \u00e0 l&rsquo;Ajax Amsterdam l&rsquo;\u00e9t\u00e9 dernier mais le Gym n&rsquo;avait pas ouvert la porte.\u00a0<\/p>\n<p>Pablo Rosario, 28 ans, a disput\u00e9 148 matchs \u00e0 Nice depuis son arriv\u00e9e en 2021, dont le dernier samedi contre Auxerre.\u00a0<\/p>\n","protected":false},"excerpt":{"rendered":"En fin de contrat en juin 2026, Pablo Rosario faisait partie des joueurs ni\u00e7ois disposant d&rsquo;un bon de&hellip;\n","protected":false},"author":2,"featured_media":258812,"comment_status":"","ping_status":"","sticky":false,"template":"","format":"standard","meta":{"footnotes":""},"categories":[2819],"tags":[1111,11,1777,674,63,1011,27,12,2401,882,25,60],"class_list":{"0":"post-346066","1":"post","2":"type-post","3":"status-publish","4":"format-standard","5":"has-post-thumbnail","7":"category-nice","8":"tag-actu","9":"tag-actualites","10":"tag-eu","11":"tag-europe","12":"tag-football","13":"tag-fr","14":"tag-france","15":"tag-news","16":"tag-nice","17":"tag-provence-alpes-cote-dazur","18":"tag-republique-francaise","19":"tag-sports"},"share_on_mastodon":{"url":"https:\/\/pubeurope.com\/@fr\/115097123131170693","error":""},"_links":{"self":[{"href":"https:\/\/www.europesays.com\/fr\/wp-json\/wp\/v2\/posts\/346066","targetHints":{"allow":["GET"]}}],"collection":[{"href":"https:\/\/www.europesays.com\/fr\/wp-json\/wp\/v2\/posts"}],"about":[{"href":"https:\/\/www.europesays.com\/fr\/wp-json\/wp\/v2\/types\/post"}],"author":[{"embeddable":true,"href":"https:\/\/www.europesays.com\/fr\/wp-json\/wp\/v2\/users\/2"}],"replies":[{"embeddable":true,"href":"https:\/\/www.europesays.com\/fr\/wp-json\/wp\/v2\/comments?post=346066"}],"version-history":[{"count":0,"href":"https:\/\/www.europesays.com\/fr\/wp-json\/wp\/v2\/posts\/346066\/revisions"}],"wp:featuredmedia":[{"embeddable":true,"href":"https:\/\/www.europesays.com\/fr\/wp-json\/wp\/v2\/media\/258812"}],"wp:attachment":[{"href":"https:\/\/www.europesays.com\/fr\/wp-json\/wp\/v2\/media?parent=346066"}],"wp:term":[{"taxonomy":"category","embeddable":true,"href":"https:\/\/www.europesays.com\/fr\/wp-json\/wp\/v2\/categories?post=346066"},{"taxonomy":"post_tag","embeddable":true,"href":"https:\/\/www.europesays.com\/fr\/wp-json\/wp\/v2\/tags?post=346066"}],"curies":[{"name":"wp","href":"https:\/\/api.w.org\/{rel}","templated":true}]}}