{"id":346067,"date":"2025-08-26T21:11:09","date_gmt":"2025-08-26T21:11:09","guid":{"rendered":"https:\/\/www.europesays.com\/fr\/346067\/"},"modified":"2025-08-26T21:11:09","modified_gmt":"2025-08-26T21:11:09","slug":"tribune-reunification-de-la-bretagne-laissons-les-citoyens-voter","status":"publish","type":"post","link":"https:\/\/www.europesays.com\/fr\/346067\/","title":{"rendered":"[Tribune] \u00ab\u00a0R\u00e9unification de la Bretagne\u00a0: laissons les citoyens voter\u00a0!\u00a0\u00bb"},"content":{"rendered":"<p>Nantes, le 23 septembre\u00a0; Donges, le 30 septembre, Quimper, le 8 octobre\u00a0: la cit\u00e9 des Ducs de Bretagne va faire voyager le d\u00e9bat\u00a0! Ces trois rendez-vous ouverts \u00e0 tous placeront les participants en position d\u2019acteurs, avec un objectif majeur\u00a0: d\u00e9finir les modalit\u00e9s d\u2019un futur r\u00e9f\u00e9rendum portant sur le rattachement de la Loire-Atlantique \u00e0 la Bretagne. En clair, la volont\u00e9 est de permettre aux principaux concern\u00e9s &#8211; les habitants &#8211; de choisir les contours de leur r\u00e9gion gr\u00e2ce \u00e0 un vote organis\u00e9 dans les meilleures conditions.<\/p>\n<p>En 2018, 105\u00a0000 citoyens de Loire-Atlantique &#8211; soit 10\u00a0% du corps \u00e9lectoral du d\u00e9partement &#8211; ont sign\u00e9 une p\u00e9tition demandant la mise en place d\u2019une consultation populaire. Une p\u00e9tition d\u2019une telle ampleur \u00e0 l\u2019\u00e9chelle d\u2019un d\u00e9partement est in\u00e9dite dans l\u2019histoire de notre R\u00e9publique. Certains p\u00e9titionnaires \u00e9taient pour la r\u00e9unification, d\u2019autres \u00e9taient contre, mais une chose les rassemblait\u00a0: l\u2019envie de d\u00e9cider une bonne fois pour toutes de la meilleure des mani\u00e8res, celle qui consiste \u00e0 permettre aux citoyens de voter.<\/p>\n<p>L\u2019ex\u00e9cutif de la Ville de Nantes a consid\u00e9r\u00e9 qu\u2019une expression d\u00e9mocratique de 105\u00a0000 p\u00e9titionnaires du territoire n\u00e9cessite imp\u00e9rativement une r\u00e9ponse. Aussi, en 2021, le conseil municipal a vot\u00e9 pour demander officiellement \u00e0 l\u2019\u00c9tat d\u2019organiser un processus r\u00e9f\u00e9rendaire. D\u2019autres conseils municipaux ont suivi la dynamique et se sont exprim\u00e9s \u00e0 leur tour\u00a0: Rennes, Brest, Lorient, Vannes, Saint-Brieuc, Quimper, Saint-Herblain et tant d\u2019autres villes de Bretagne et de Loire-Atlantique se sont elles aussi tourn\u00e9es vers l\u2019\u00c9tat pour demander l\u2019organisation d\u2019une consultation des citoyens. R\u00e9ponse\u00a0? Aucune\u00a0!<\/p>\n<blockquote><p>\u00ab\u00a0La d\u00e9limitation des R\u00e9gions, qui impacte le quotidien des habitants, ne peut se faire sans les consulter.\u00a0\u00bb<\/p><\/blockquote>\n<p>La Ville de Nantes a alors cr\u00e9\u00e9 l\u2019Instance des enjeux bretons, rassemblant toutes les collectivit\u00e9s mobilis\u00e9es pour un r\u00e9f\u00e9rendum, afin de cr\u00e9er un collectif et donner du poids \u00e0 la demande. Sign\u00e9 par vingt-cinq maires et par le pr\u00e9sident de la R\u00e9gion Bretagne, un courrier a \u00e9t\u00e9 adress\u00e9 au gouvernement en 2023 pour engager le dialogue. R\u00e9ponse\u00a0? Aucune\u00a0!<\/p>\n<p>L\u2019\u00c9tat ne r\u00e9pond toujours pas mais Nantes, qui a la d\u00e9mocratie chevill\u00e9e au c\u0153ur, ne l\u00e2chera rien. Nous nous \u00e9tions engag\u00e9s \u00e0 tout faire pour obtenir ce r\u00e9f\u00e9rendum, nos engagements seront tenus. \u00c0 l\u2019initiative de la revue nantaise Place Publique, qui sera accompagn\u00e9e par le cabinet sp\u00e9cialis\u00e9 dans la d\u00e9mocratie participative Citizens Factory, les \u00e9v\u00e9nements de Nantes, Donges et Quimper permettront de continuer \u00e0 interpeller l\u2019\u00c9tat avec toujours plus de vigueur. Ils permettront par ailleurs d\u2019\u00e9clairer les citoyens sur les enjeux d\u2019une possible r\u00e9unification de la Bretagne. Et par-dessus tout, ils permettront de d\u00e9finir collectivement la meilleure m\u00e9thode permettant de r\u00e9ussir le r\u00e9f\u00e9rendum demand\u00e9.<\/p>\n<p>Quel p\u00e9rim\u00e8tre\u00a0? Quel calendrier\u00a0? Une \u00e9tape ou plusieurs\u00a0? Ce n\u2019est pas aux \u00e9lus de trancher ces questions mais bien aux citoyens, gr\u00e2ce \u00e0 leur intelligence collective. Le 23 septembre \u00e0 Nantes, le 30 septembre \u00e0 Donges, le 8 octobre \u00e0 Quimper, entrez dans la danse\u00a0! La d\u00e9limitation des R\u00e9gions, qui concerne le quotidien des habitants, ne peut se faire sans les consulter. La possible r\u00e9unification de la Bretagne n\u00e9cessite d\u2019obtenir un r\u00e9f\u00e9rendum. Mais, surtout, elle n\u00e9cessite de le r\u00e9ussir.<\/p>\n","protected":false},"excerpt":{"rendered":"Nantes, le 23 septembre\u00a0; Donges, le 30 septembre, Quimper, le 8 octobre\u00a0: la cit\u00e9 des Ducs de Bretagne&hellip;\n","protected":false},"author":2,"featured_media":346068,"comment_status":"","ping_status":"","sticky":false,"template":"","format":"standard","meta":{"footnotes":""},"categories":[2818],"tags":[1111,11,1777,674,1011,27,766,12,1427,2636,25],"class_list":{"0":"post-346067","1":"post","2":"type-post","3":"status-publish","4":"format-standard","5":"has-post-thumbnail","7":"category-nantes","8":"tag-actu","9":"tag-actualites","10":"tag-eu","11":"tag-europe","12":"tag-fr","13":"tag-france","14":"tag-nantes","15":"tag-news","16":"tag-opinions","17":"tag-pays-de-la-loire","18":"tag-republique-francaise"},"share_on_mastodon":{"url":"https:\/\/pubeurope.com\/@fr\/115097127072158089","error":""},"_links":{"self":[{"href":"https:\/\/www.europesays.com\/fr\/wp-json\/wp\/v2\/posts\/346067","targetHints":{"allow":["GET"]}}],"collection":[{"href":"https:\/\/www.europesays.com\/fr\/wp-json\/wp\/v2\/posts"}],"about":[{"href":"https:\/\/www.europesays.com\/fr\/wp-json\/wp\/v2\/types\/post"}],"author":[{"embeddable":true,"href":"https:\/\/www.europesays.com\/fr\/wp-json\/wp\/v2\/users\/2"}],"replies":[{"embeddable":true,"href":"https:\/\/www.europesays.com\/fr\/wp-json\/wp\/v2\/comments?post=346067"}],"version-history":[{"count":0,"href":"https:\/\/www.europesays.com\/fr\/wp-json\/wp\/v2\/posts\/346067\/revisions"}],"wp:featuredmedia":[{"embeddable":true,"href":"https:\/\/www.europesays.com\/fr\/wp-json\/wp\/v2\/media\/346068"}],"wp:attachment":[{"href":"https:\/\/www.europesays.com\/fr\/wp-json\/wp\/v2\/media?parent=346067"}],"wp:term":[{"taxonomy":"category","embeddable":true,"href":"https:\/\/www.europesays.com\/fr\/wp-json\/wp\/v2\/categories?post=346067"},{"taxonomy":"post_tag","embeddable":true,"href":"https:\/\/www.europesays.com\/fr\/wp-json\/wp\/v2\/tags?post=346067"}],"curies":[{"name":"wp","href":"https:\/\/api.w.org\/{rel}","templated":true}]}}