{"id":346069,"date":"2025-08-26T21:12:24","date_gmt":"2025-08-26T21:12:24","guid":{"rendered":"https:\/\/www.europesays.com\/fr\/346069\/"},"modified":"2025-08-26T21:12:24","modified_gmt":"2025-08-26T21:12:24","slug":"de-nouveaux-creneaux-de-visite-pour-lexposition-hokusai-au-chateau-de-nantes","status":"publish","type":"post","link":"https:\/\/www.europesays.com\/fr\/346069\/","title":{"rendered":"De nouveaux cr\u00e9neaux de visite pour l&rsquo;exposition Hokusai au ch\u00e2teau de Nantes"},"content":{"rendered":"<p>Face \u00e0 l&rsquo;immense succ\u00e8s de l&rsquo;exposition des \u0153uvres du peintre japonais Hokusai, depuis fin juin au ch\u00e2teau de Nantes, de nouveaux cr\u00e9neaux de visite vont \u00eatre propos\u00e9s. Il sera possible de r\u00e9server \u00e0 partir de ce vendredi midi.<\/p>\n<p>L&rsquo;exposition des \u0153uvres du peintre japonais Hokusai, <strong>c\u00e9l\u00e8bre pour son tableau de la Grande vague<\/strong>, ne d\u00e9semplit pas depuis son ouverture, fin juin, au ch\u00e2teau de Nantes. Des visiteurs demandent r\u00e9guli\u00e8rement si elle sera prolong\u00e9e, ce qui est impossible \u00ab\u00a0pour des raisons de conservation des \u0153uvres\u00a0\u00bb, pr\u00e9cise le Voyage \u00e0 Nantes. Alors, <strong>pour la derni\u00e8re semaine de l&rsquo;exposition<\/strong>, qui se termine le dimanche 7 septembre, des cr\u00e9neaux de visite suppl\u00e9mentaires vont \u00eatre propos\u00e9s.<\/p>\n<p>L&rsquo;exposition ouverte jusqu&rsquo;\u00e0 22 heures<\/p>\n<p>En clair, du lundi 1er septembre au vendredi 6, elle sera ouverte jusqu&rsquo;\u00e0 22 heures le soir et jusqu&rsquo;\u00e0 19h, le dimanche 7 septembre. Ce jour-l\u00e0, la visite sera gratuite et sans r\u00e9servation. <strong>Pour r\u00e9server sa place<\/strong> pour les autres jours, il faudra se connecter sur le site du mus\u00e9e d&rsquo;histoire de Nantes, <strong>ce vendredi 29 ao\u00fbt \u00e0 partir de midi<\/strong>.<\/p>\n<p>Pour le dernier week-end d&rsquo;ouverture de cette exposition exceptionnelle, le Cin\u00e9matographe diffusera \u00e0 11h <strong>un film documentaire<\/strong> intitul\u00e9 \u00ab\u00a0Hokusai, impressions du soleil levant\u00a0\u00bb.<\/p>\n","protected":false},"excerpt":{"rendered":"Face \u00e0 l&rsquo;immense succ\u00e8s de l&rsquo;exposition des \u0153uvres du peintre japonais Hokusai, depuis fin juin au ch\u00e2teau de&hellip;\n","protected":false},"author":2,"featured_media":346070,"comment_status":"","ping_status":"","sticky":false,"template":"","format":"standard","meta":{"footnotes":""},"categories":[2818],"tags":[1111,11,1777,674,1011,27,766,12,2636,25],"class_list":{"0":"post-346069","1":"post","2":"type-post","3":"status-publish","4":"format-standard","5":"has-post-thumbnail","7":"category-nantes","8":"tag-actu","9":"tag-actualites","10":"tag-eu","11":"tag-europe","12":"tag-fr","13":"tag-france","14":"tag-nantes","15":"tag-news","16":"tag-pays-de-la-loire","17":"tag-republique-francaise"},"share_on_mastodon":{"url":"https:\/\/pubeurope.com\/@fr\/115097130932649213","error":""},"_links":{"self":[{"href":"https:\/\/www.europesays.com\/fr\/wp-json\/wp\/v2\/posts\/346069","targetHints":{"allow":["GET"]}}],"collection":[{"href":"https:\/\/www.europesays.com\/fr\/wp-json\/wp\/v2\/posts"}],"about":[{"href":"https:\/\/www.europesays.com\/fr\/wp-json\/wp\/v2\/types\/post"}],"author":[{"embeddable":true,"href":"https:\/\/www.europesays.com\/fr\/wp-json\/wp\/v2\/users\/2"}],"replies":[{"embeddable":true,"href":"https:\/\/www.europesays.com\/fr\/wp-json\/wp\/v2\/comments?post=346069"}],"version-history":[{"count":0,"href":"https:\/\/www.europesays.com\/fr\/wp-json\/wp\/v2\/posts\/346069\/revisions"}],"wp:featuredmedia":[{"embeddable":true,"href":"https:\/\/www.europesays.com\/fr\/wp-json\/wp\/v2\/media\/346070"}],"wp:attachment":[{"href":"https:\/\/www.europesays.com\/fr\/wp-json\/wp\/v2\/media?parent=346069"}],"wp:term":[{"taxonomy":"category","embeddable":true,"href":"https:\/\/www.europesays.com\/fr\/wp-json\/wp\/v2\/categories?post=346069"},{"taxonomy":"post_tag","embeddable":true,"href":"https:\/\/www.europesays.com\/fr\/wp-json\/wp\/v2\/tags?post=346069"}],"curies":[{"name":"wp","href":"https:\/\/api.w.org\/{rel}","templated":true}]}}