{"id":346075,"date":"2025-08-26T21:15:11","date_gmt":"2025-08-26T21:15:11","guid":{"rendered":"https:\/\/www.europesays.com\/fr\/346075\/"},"modified":"2025-08-26T21:15:11","modified_gmt":"2025-08-26T21:15:11","slug":"encorne-par-un-taureau-un-jeune-homme-de-19-ans-entre-la-vie-et-la-mort","status":"publish","type":"post","link":"https:\/\/www.europesays.com\/fr\/346075\/","title":{"rendered":"Encorn\u00e9 par un taureau, un jeune homme de 19 ans entre la vie et la mort"},"content":{"rendered":"<p>\n                                                                    l&rsquo;essentiel<br \/>\n                                                                Mardi 26\u00a0ao\u00fbt, un jeune homme de 19 ans a \u00e9t\u00e9 encorn\u00e9 par un taureau dans un enclos \u00e0 vaches \u00e0 Saint-B\u00e9at, dans le sud de la Haute-Garonne. Gri\u00e8vement bless\u00e9, il a \u00e9t\u00e9 h\u00e9liport\u00e9 vers un h\u00f4pital toulousain.\n                            <\/p>\n<p data-end=\"530\" data-start=\"259\">Le sol de l\u2019enclos \u00e9tait encore marqu\u00e9 de sillons profonds quand les secours sont arriv\u00e9s. \u00c0 Saint-B\u00e9at, ce mardi en fin d\u2019apr\u00e8s-midi, un taureau a charg\u00e9 un jeune homme de 19 ans et l\u2019a encorn\u00e9 violemment. Il \u00e9tait un peu plus de 18\u00a0h\u00a014 lorsque l\u2019alerte a \u00e9t\u00e9 donn\u00e9e.<\/p>\n<p class=\"std-elt__inline\">\n        <strong>\u00c0 lire aussi :<\/strong><br \/>\n        <a href=\"https:\/\/www.ladepeche.fr\/2025\/07\/25\/un-homme-de-68-ans-succombe-apres-avoir-ete-violemment-charge-par-un-taureau-12844948.php\" rel=\"nofollow noopener\" target=\"_blank\">Un homme de 68 ans succombe apr\u00e8s avoir \u00e9t\u00e9 violemment charg\u00e9 par un taureau<\/a>\n    <\/p>\n<p>Des circonstances \u00e0 d\u00e9terminer<\/p>\n<p data-end=\"724\" data-start=\"532\">Les sapeurs-pompiers, appuy\u00e9s par une \u00e9quipe du Smur, ont prodigu\u00e9 sur place les gestes vitaux. Gri\u00e8vement touch\u00e9e, la victime a \u00e9t\u00e9 h\u00e9liport\u00e9e en urgence absolue vers un h\u00f4pital toulousain.<\/p>\n<p data-end=\"893\" data-start=\"726\">Les circonstances exactes de l\u2019accident restent ind\u00e9termin\u00e9es. Une enqu\u00eate doit permettre d\u2019\u00e9tablir dans quel contexte le jeune homme s\u2019est retrouv\u00e9 face \u00e0 l\u2019animal.<\/p>\n","protected":false},"excerpt":{"rendered":"l&rsquo;essentiel Mardi 26\u00a0ao\u00fbt, un jeune homme de 19 ans a \u00e9t\u00e9 encorn\u00e9 par un taureau dans un enclos&hellip;\n","protected":false},"author":2,"featured_media":346076,"comment_status":"","ping_status":"","sticky":false,"template":"","format":"standard","meta":{"footnotes":""},"categories":[2816],"tags":[1111,11,1777,674,1011,27,12,2680,25,2312],"class_list":{"0":"post-346075","1":"post","2":"type-post","3":"status-publish","4":"format-standard","5":"has-post-thumbnail","7":"category-toulouse","8":"tag-actu","9":"tag-actualites","10":"tag-eu","11":"tag-europe","12":"tag-fr","13":"tag-france","14":"tag-news","15":"tag-occitanie","16":"tag-republique-francaise","17":"tag-toulouse"},"share_on_mastodon":{"url":"https:\/\/pubeurope.com\/@fr\/115097142811181748","error":""},"_links":{"self":[{"href":"https:\/\/www.europesays.com\/fr\/wp-json\/wp\/v2\/posts\/346075","targetHints":{"allow":["GET"]}}],"collection":[{"href":"https:\/\/www.europesays.com\/fr\/wp-json\/wp\/v2\/posts"}],"about":[{"href":"https:\/\/www.europesays.com\/fr\/wp-json\/wp\/v2\/types\/post"}],"author":[{"embeddable":true,"href":"https:\/\/www.europesays.com\/fr\/wp-json\/wp\/v2\/users\/2"}],"replies":[{"embeddable":true,"href":"https:\/\/www.europesays.com\/fr\/wp-json\/wp\/v2\/comments?post=346075"}],"version-history":[{"count":0,"href":"https:\/\/www.europesays.com\/fr\/wp-json\/wp\/v2\/posts\/346075\/revisions"}],"wp:featuredmedia":[{"embeddable":true,"href":"https:\/\/www.europesays.com\/fr\/wp-json\/wp\/v2\/media\/346076"}],"wp:attachment":[{"href":"https:\/\/www.europesays.com\/fr\/wp-json\/wp\/v2\/media?parent=346075"}],"wp:term":[{"taxonomy":"category","embeddable":true,"href":"https:\/\/www.europesays.com\/fr\/wp-json\/wp\/v2\/categories?post=346075"},{"taxonomy":"post_tag","embeddable":true,"href":"https:\/\/www.europesays.com\/fr\/wp-json\/wp\/v2\/tags?post=346075"}],"curies":[{"name":"wp","href":"https:\/\/api.w.org\/{rel}","templated":true}]}}