{"id":346079,"date":"2025-08-26T21:17:13","date_gmt":"2025-08-26T21:17:13","guid":{"rendered":"https:\/\/www.europesays.com\/fr\/346079\/"},"modified":"2025-08-26T21:17:13","modified_gmt":"2025-08-26T21:17:13","slug":"place-au-fabrique-ici","status":"publish","type":"post","link":"https:\/\/www.europesays.com\/fr\/346079\/","title":{"rendered":"Place au fabriqu\u00e9 ici !"},"content":{"rendered":"<p>Patrick Hermand\u00a0: la p\u00e2tisserie passionn\u00e9ment<\/p>\n<p>C\u2019est Thibaut Hermand, le fils du c\u00e9l\u00e8bre p\u00e2tissier Patrick Hermand qui nous a re\u00e7us dans la boutique avenue Gustave Delory, quelques jours apr\u00e8s la r\u00e9ouverture apr\u00e8s la pause estivale. Les vitrines brillent et les p\u00e2tisseries color\u00e9es sont tr\u00e8s bien mises en valeur, \u00e7a donne envie de tout go\u00fbter\u00a0!<\/p>\n<p>Le p\u00e2tissier est connu et reconnu pour ses macarons aux 23 parfums diff\u00e9rents. Citons les favoris des clients\u00a0: caramel fleur de sel, coquelicot, nutella, passion\/fraise\/rhubarbe, jasmin groseille. Mais les cakes nous font \u00e9galement de l\u2019\u0153il, ainsi que toutes les p\u00e2tisseries install\u00e9es ce jour-l\u00e0. C\u00f4t\u00e9 boulangerie, une kyrielle de pains, tous fabriqu\u00e9s avec de la farine bio.<\/p>\n<p>Le jour du march\u00e9, l\u2019\u00e9tal pr\u00e9sentera des macarons, des cakes et la surprise du chef\u00a0! On a h\u00e2te de la d\u00e9couvrir, pas vous\u00a0?<\/p>\n<p><strong>Boulangerie &amp; P\u00e2tisserie Patrick Hermand<\/strong><br \/><strong>28, bis av. Gustave Delory<\/strong><br \/><strong>T\u00e9l.\u00a0: 0320112208<\/strong><\/p>\n<p><strong>Site web : <a href=\"https:\/\/www.patrickhermand.com\/\" target=\"_blank\" rel=\"noopener nofollow\">patrickhermand.com<\/a><\/strong><br \/><strong>Instagram :\u00a0<a href=\"https:\/\/www.instagram.com\/patrick_hermand\/?hl=fr\" target=\"_blank\" rel=\"noopener nofollow\">@patrick_hermand<\/a><\/strong><\/p>\n<p>Labossa atelier\u00a0: le savoir-faire artisanal<\/p>\n<p>Emeric Gonzales est install\u00e9 avenue Jean Lebas depuis 2015 et d\u00e9veloppe son activit\u00e9 avec son fr\u00e8re. Ils fabriquent sur place des ceintures et des sacs en cuir et peausserie perp\u00e9tuant la tradition de la maroquinerie artisanale. Des ceintures pour femmes et hommes de 4 ou 5 cm, avec des boucles personnalisables. Le sac iconique de l\u2019atelier est un cabas en cuir et peau de vache. Chaque mod\u00e8le est unique et num\u00e9rot\u00e9. Les clientes ach\u00e8tent en ligne de toute la France et de Belgique. Lors du march\u00e9, l\u2019atelier Proposera des ceintures et des sacs cabas qui seront exceptionnellement au prix de 150 \u20ac au lieu de 169 \u20ac.<\/p>\n<p><strong>117 bis av. Jean Lebas<\/strong><\/p>\n<p><strong>Site web : <a href=\"http:\/\/www.labossa-atelier.com\" target=\"_blank\" rel=\"noopener nofollow\">labossa-atelier.com<\/a><\/strong><br \/><strong>Instagram : <a href=\"https:\/\/www.instagram.com\/labossa_atelier\/?hl=fr\" target=\"_blank\" rel=\"noopener nofollow\">@labossa_atelier<\/a><\/strong><\/p>\n<p>Cr\u00e9dit Photo : Hernan Ameijeiras<\/p>\n<p>Christine Rousseau\u00a0: artiste c\u00e9ramiste<\/p>\n<p>Elle enseigne les arts plastiques et la c\u00e9ramique dans deux \u00e9coles d\u2019art \u00e0 Saint Omer et Bailleul et est artiste c\u00e9ramiste depuis 2010. Les objets qu\u2019elle sculpte ne sont pas utilitaires mais de v\u00e9ritables \u0153uvres d\u2019art. Elle a la particularit\u00e9 de cr\u00e9er elle-m\u00eame ses \u00e9maux, telle une chimiste elle fait de nombreux essais jusqu\u2019\u00e0 trouver le parfait m\u00e9lange pour la teinte et le rendu souhait\u00e9s. Un projet am\u00e8ne l\u2019autre et ses sources d\u2019inspiration sont multiples. Son atelier est install\u00e9 dans une ancienne boulangerie, ce qui lui a inspir\u00e9 une s\u00e9rie autour des gourmandises\u00a0: croissant, confiseries glaces.<\/p>\n<p>Pour le march\u00e9 festif, Christine va exposer une partie de ses huit \u00ab\u00a0garde-fous\u00a0\u00bb assez imposants. Rendez-vous samedi pour les d\u00e9couvrir\u00a0!<\/p>\n<p><strong>Site web : <a href=\"https:\/\/www.christine-rousseau.com\/\" target=\"_blank\" rel=\"noopener nofollow\">Christine Rousseau<\/a><\/strong><br \/><strong>Instagram : <a href=\"https:\/\/www.instagram.com\/christinerousseau140\" target=\"_blank\" rel=\"noopener nofollow\">@christinerousseau140<\/a><\/strong><\/p>\n<p>Henri-Luc d\u2019Halluin\u00a0: brasserie des Lys<\/p>\n<p>Au d\u00e9part, quand il a rachet\u00e9 la brasserie en 2019, deux marques coexistaient\u00a0: la Q8 et DB brasserie. Il en a fait une v\u00e9ritable entit\u00e9 en les regroupant sous le nom \u00ab\u00a0Brasserie des lys\u00a0\u00bb, logique dans le quartier historique des brasseurs \u00e0 Roubaix. R\u00e9investir le monde des cavistes, contacter les traiteurs, les restaurants\u00a0: le chantier est vaste pour cette premi\u00e8re ann\u00e9e de reprise. La Q8 est une bi\u00e8re de tous les jours, d\u00e9clin\u00e9e dans quatre versions, de 4\u00b0 \u00e0 10\u00b0 alors que DB Brasserie propose des bi\u00e8res \u00ab\u00a0premium\u00a0\u00bb, au d\u00e9part con\u00e7ues pour le monde de la nuit.<\/p>\n<p>Une tap-room est ouverte tous les jeudis et vendredis en afterwork de 17h30 \u00e0 19h30 pour \u00a0d\u00e9guster les bi\u00e8res autour d\u2019une planche saucisson-fromages.<\/p>\n<p>Rendez-vous au march\u00e9 pour d\u00e9couvrir l\u2019ensemble de la gamme de la Brasserie des Lys.<\/p>\n<p><strong>Site web : <a href=\"https:\/\/www.brasseriedeslys.fr\/\" target=\"_blank\" rel=\"noopener nofollow\">brasseriedeslys.fr<\/a><\/strong><\/p>\n<p>F\u00e9lix et D\u00e9sir\u00e9\u00a0: le tissu d\u2019ameublement pour des v\u00eatements<\/p>\n<p>Rien ne pr\u00e9disposait V\u00e9ronique Pacholski \u00e0 faire de la couture son m\u00e9tier. Apr\u00e8s des \u00e9tudes de secr\u00e9tariat de direction, elle n\u2019a jamais exerc\u00e9 dans ce domaine. Conseill\u00e8re de vente, elle a r\u00e9guli\u00e8rement chang\u00e9 d\u2019employeur, s\u2019ennuyant rapidement. Ce qui l\u2019animait, c\u2019est la couture, qu\u2019elle a apprise en observant sa m\u00e8re coudre. Elle a commenc\u00e9 par retaper et d\u00e9corer des meubles avec des tissus d\u2019ameublement d\u2019inspiration 18\u00e8 si\u00e8cle. En avril 2025, \u00e0 la faveur d\u2019une blessure qui la bloque chez elle, V\u00e9ronique se mat \u00e0 coudre de mani\u00e8re fr\u00e9n\u00e9tique et d\u00e9cide de se lancer. Sa marque F\u00e9lix &amp; D\u00e9sir\u00e9 \u00e9tait n\u00e9e\u00a0! F\u00e9lix comme son grand-p\u00e8re et le deuxi\u00e8me pr\u00e9nom de son fils a\u00een\u00e9, D\u00e9sir\u00e9 comme le pr\u00e9nom de son deuxi\u00e8me fils. Son cr\u00e9do\u00a0? Cr\u00e9er des manteaux dans le m\u00eame tissu (d\u2019ameublement toujours) que des sacs et des housses de coussin. Elle sera ravie de pr\u00e9senter ses cr\u00e9ations lors du march\u00e9.<\/p>\n<p><strong>Instagram : <a href=\"https:\/\/www.instagram.com\/felixetdesire\/?hl=am-et\" target=\"_blank\" rel=\"noopener nofollow\">@felixetdesire<\/a><\/strong><\/p>\n<p>Cr\u00e9dit Photo : Hernan Ameijeiras<\/p>\n<p><script async src=\"\/\/www.instagram.com\/embed.js\"><\/script><\/p>\n","protected":false},"excerpt":{"rendered":"Patrick Hermand\u00a0: la p\u00e2tisserie passionn\u00e9ment C\u2019est Thibaut Hermand, le fils du c\u00e9l\u00e8bre p\u00e2tissier Patrick Hermand qui nous a&hellip;\n","protected":false},"author":2,"featured_media":282270,"comment_status":"","ping_status":"","sticky":false,"template":"","format":"standard","meta":{"footnotes":""},"categories":[2815],"tags":[1111,11,1477,7227,1777,674,1011,27,811,1307,2089,12,25],"class_list":{"0":"post-346079","1":"post","2":"type-post","3":"status-publish","4":"format-standard","5":"has-post-thumbnail","7":"category-lille","8":"tag-actu","9":"tag-actualites","10":"tag-artisanat","11":"tag-commerces","12":"tag-eu","13":"tag-europe","14":"tag-fr","15":"tag-france","16":"tag-hauts-de-france","17":"tag-lille","18":"tag-marche","19":"tag-news","20":"tag-republique-francaise"},"share_on_mastodon":{"url":"https:\/\/pubeurope.com\/@fr\/115097150676441066","error":""},"_links":{"self":[{"href":"https:\/\/www.europesays.com\/fr\/wp-json\/wp\/v2\/posts\/346079","targetHints":{"allow":["GET"]}}],"collection":[{"href":"https:\/\/www.europesays.com\/fr\/wp-json\/wp\/v2\/posts"}],"about":[{"href":"https:\/\/www.europesays.com\/fr\/wp-json\/wp\/v2\/types\/post"}],"author":[{"embeddable":true,"href":"https:\/\/www.europesays.com\/fr\/wp-json\/wp\/v2\/users\/2"}],"replies":[{"embeddable":true,"href":"https:\/\/www.europesays.com\/fr\/wp-json\/wp\/v2\/comments?post=346079"}],"version-history":[{"count":0,"href":"https:\/\/www.europesays.com\/fr\/wp-json\/wp\/v2\/posts\/346079\/revisions"}],"wp:featuredmedia":[{"embeddable":true,"href":"https:\/\/www.europesays.com\/fr\/wp-json\/wp\/v2\/media\/282270"}],"wp:attachment":[{"href":"https:\/\/www.europesays.com\/fr\/wp-json\/wp\/v2\/media?parent=346079"}],"wp:term":[{"taxonomy":"category","embeddable":true,"href":"https:\/\/www.europesays.com\/fr\/wp-json\/wp\/v2\/categories?post=346079"},{"taxonomy":"post_tag","embeddable":true,"href":"https:\/\/www.europesays.com\/fr\/wp-json\/wp\/v2\/tags?post=346079"}],"curies":[{"name":"wp","href":"https:\/\/api.w.org\/{rel}","templated":true}]}}