{"id":346081,"date":"2025-08-26T21:19:10","date_gmt":"2025-08-26T21:19:10","guid":{"rendered":"https:\/\/www.europesays.com\/fr\/346081\/"},"modified":"2025-08-26T21:19:10","modified_gmt":"2025-08-26T21:19:10","slug":"jai-ete-contraint-de-quitter-mes-fonctions","status":"publish","type":"post","link":"https:\/\/www.europesays.com\/fr\/346081\/","title":{"rendered":"J\u2019ai \u00e9t\u00e9 contraint de quitter mes fonctions"},"content":{"rendered":"<p><a href=\"https:\/\/www.laprovence.com\/actu\/en-direct\/6589323\/economie-philippe-renaudi-elu-president-de-la-cci-de-region.html\" target=\"_blank\" rel=\"noopener\">Successeur de Roland Gomez en\u00a02021<\/a>, \u00e0 la t\u00eate de la pr\u00e9sidence de la Chambre de commerce et d&rsquo;industrie de r\u00e9gion Provence-Alpes-C\u00f4te d&rsquo;Azur (CCI Paca) <a href=\"https:\/\/www.laprovence.com\/article\/economie\/1105175712493915\/decarbonation-pour-philippe-renaudi-president-de-la-ccir-la-norvege-est-un-bon-terrain-de-jeu\" target=\"_blank\" rel=\"noopener\">Philippe Renaud<\/a>i, pr\u00e9sident du groupe familial de BTP Renaudi, promu r\u00e9cemment au grade de Chevalier dans l\u2019Ordre national de la l\u00e9gion d\u2019honneur, a d\u00e9missionn\u00e9 de ses fonctions consulaires r\u00e9gionales et territoriales le 30\u00a0juillet dernier (information r\u00e9v\u00e9l\u00e9e par <a href=\"https:\/\/tribuca.net\/actualites_148641852-ccir-philippe-renaudi-va-t-il-demissionner\" target=\"_blank\" rel=\"noopener\">Tribuca-Tribune Bulletin C\u00f4te d&rsquo;Azur<\/a>). En cause\u00a0? Un diff\u00e9rend avec la CCI Nice C\u00f4te d&rsquo;Azur portant sur la reprise en DSP (d\u00e9l\u00e9gation de service public) du port de Saint-Laurent-du-Var, dont la concession a \u00e9t\u00e9 attribu\u00e9e \u00e0 la chambre consulaire.<\/p>\n<p><strong>Pouvez-vous \u00e9claircir les raisons qui vous ont incit\u00e9 \u00e0 mettre un terme \u00e0 votre mandat de pr\u00e9sident de la CCI Paca\u00a0?<\/strong>&#13;\n<\/p>\n<p>Cela faisait deux ans qu\u2019avec mon groupe, on \u00e9tait sur le sujet de la <a href=\"https:\/\/www.laprovence.com\/article\/region\/2431262606617215\/apres-avoir-perdu-la-gestion-de-larena-du-pays-daix-le-groupe-lagardere-saisit-la-justice\" target=\"_blank\" rel=\"noopener\">DSP<\/a> du port de Saint-Laurent-du-Var. La CCI Nice C\u00f4te d&rsquo;Azur faisait partie des candidats et nous avons appris fin juillet, de la part de la M\u00e9tropole Nice C\u00f4te d&rsquo;Azur qui a la comp\u00e9tence des ports, que la CCI avait gagn\u00e9. Mais selon plusieurs opposants \u00e9lus de la M\u00e9tropole, il y aurait eu des probl\u00e8mes avec des crit\u00e8res qui n\u2019\u00e9taient pas respect\u00e9s&#8230;<\/p>\n","protected":false},"excerpt":{"rendered":"Successeur de Roland Gomez en\u00a02021, \u00e0 la t\u00eate de la pr\u00e9sidence de la Chambre de commerce et d&rsquo;industrie&hellip;\n","protected":false},"author":2,"featured_media":346082,"comment_status":"","ping_status":"","sticky":false,"template":"","format":"standard","meta":{"footnotes":""},"categories":[2814],"tags":[17,1111,11,14179,13189,33,2883,1777,674,1011,27,391,884,12,883,6284,882,48215,25],"class_list":{"0":"post-346081","1":"post","2":"type-post","3":"status-publish","4":"format-standard","5":"has-post-thumbnail","7":"category-marseille","8":"tag-17","9":"tag-actu","10":"tag-actualites","11":"tag-cci","12":"tag-demission","13":"tag-economie","14":"tag-ete","15":"tag-eu","16":"tag-europe","17":"tag-fr","18":"tag-france","19":"tag-jai","20":"tag-marseille","21":"tag-news","22":"tag-paca","23":"tag-philippe","24":"tag-provence-alpes-cote-dazur","25":"tag-renaudi","26":"tag-republique-francaise"},"share_on_mastodon":{"url":"https:\/\/pubeurope.com\/@fr\/115097158642421832","error":""},"_links":{"self":[{"href":"https:\/\/www.europesays.com\/fr\/wp-json\/wp\/v2\/posts\/346081","targetHints":{"allow":["GET"]}}],"collection":[{"href":"https:\/\/www.europesays.com\/fr\/wp-json\/wp\/v2\/posts"}],"about":[{"href":"https:\/\/www.europesays.com\/fr\/wp-json\/wp\/v2\/types\/post"}],"author":[{"embeddable":true,"href":"https:\/\/www.europesays.com\/fr\/wp-json\/wp\/v2\/users\/2"}],"replies":[{"embeddable":true,"href":"https:\/\/www.europesays.com\/fr\/wp-json\/wp\/v2\/comments?post=346081"}],"version-history":[{"count":0,"href":"https:\/\/www.europesays.com\/fr\/wp-json\/wp\/v2\/posts\/346081\/revisions"}],"wp:featuredmedia":[{"embeddable":true,"href":"https:\/\/www.europesays.com\/fr\/wp-json\/wp\/v2\/media\/346082"}],"wp:attachment":[{"href":"https:\/\/www.europesays.com\/fr\/wp-json\/wp\/v2\/media?parent=346081"}],"wp:term":[{"taxonomy":"category","embeddable":true,"href":"https:\/\/www.europesays.com\/fr\/wp-json\/wp\/v2\/categories?post=346081"},{"taxonomy":"post_tag","embeddable":true,"href":"https:\/\/www.europesays.com\/fr\/wp-json\/wp\/v2\/tags?post=346081"}],"curies":[{"name":"wp","href":"https:\/\/api.w.org\/{rel}","templated":true}]}}