{"id":346085,"date":"2025-08-26T21:21:18","date_gmt":"2025-08-26T21:21:18","guid":{"rendered":"https:\/\/www.europesays.com\/fr\/346085\/"},"modified":"2025-08-26T21:21:18","modified_gmt":"2025-08-26T21:21:18","slug":"un-conseiller-municipal-de-lyon-bloque-au-mexique-depuis-6-mois-apres-avoir-eu-recours-a-une-gpa","status":"publish","type":"post","link":"https:\/\/www.europesays.com\/fr\/346085\/","title":{"rendered":"Un conseiller municipal de Lyon bloqu\u00e9 au Mexique depuis 6 mois apr\u00e8s avoir eu recours \u00e0 une GPA"},"content":{"rendered":"<p itemprop=\"description\"><strong>David Souvestre vit un enfer depuis pr\u00e8s de 6 mois au Mexique.<\/strong><\/p>\n<p>Le conseiller municipal et \u00e9lu du 1er arrondissement de Lyon avait pris un avion pour se rendre \u00e0 Mexico dans le but de concevoir ses deux b\u00e9b\u00e9s par gestation pour autrui (GPA) via une m\u00e8re porteuse du pays d\u2019Am\u00e9rique centrale. Mais, une proc\u00e9dure administrative avec l\u2019Etat fran\u00e7ais l&#8217;emp\u00eache de rentrer \u00e0 Lyon, son compagnon et lui.<\/p>\n<p>En effet, le couple souhaite obtenir la reconnaissance de leurs deux enfants. Chose qui ne lui est pas accord\u00e9 encore, ce qui emp\u00eache David Souvestre de rentrer en France avec eux.<\/p>\n<p>\u00ab\u00a0Je ne sais pas encore quand je vais pouvoir revenir en France (\u2026) Nous sommes en proc\u00e9dure administrative avec l\u2019\u00c9tat fran\u00e7ais pour obtenir une reconnaissance de nos enfants qui nous permettraient de rentrer en France avec eux. Mais c\u2019est tr\u00e8s long\u00a0\u00bb, a d\u00e9clar\u00e9 l\u2019\u00e9lu aupr\u00e8s de nos confr\u00e8res de <a href=\"https:\/\/tribunedelyon.fr\/politique\/elu-lyon-mexique-gpa\/\" target=\"_blank\" rel=\"noopener nofollow\">Tribune de Lyon<\/a>.<\/p>\n<p>Cela fait donc six mois que David Souvestre se bat pour obtenir la transcription compl\u00e8te des deux actes de naissance, lui qui est d\u00e9j\u00e0 connu dans la capitale des Gaules pour s\u2019\u00eatre battu pour les droits des personnes LGBT ou encore pour la PMA pour toutes. Il a notamment organis\u00e9 pendant 15 ans la Marche des fiert\u00e9s \u00e0 Lyon.<\/p>\n<p>De quoi rajouter un caillou dans la chaussure de Nathalie Perrin-Gilbert, dont le groupe Lyon en Commun a explos\u00e9 en l&rsquo;absence de David Souvestre, obligeant les \u00e9lus \u00e0 si\u00e9ger d\u00e9sormais en non-inscrit au conseil municipal de Lyon.<\/p>\n","protected":false},"excerpt":{"rendered":"David Souvestre vit un enfer depuis pr\u00e8s de 6 mois au Mexique. Le conseiller municipal et \u00e9lu du&hellip;\n","protected":false},"author":2,"featured_media":346086,"comment_status":"","ping_status":"","sticky":false,"template":"","format":"standard","meta":{"footnotes":""},"categories":[1889],"tags":[1111,11,2813,2190,2430,1109,251,1112,2811,1777,674,118,1011,27,1922,1110,1114,2428,2810,12,241,316,25,2812,517,800],"class_list":{"0":"post-346085","1":"post","2":"type-post","3":"status-publish","4":"format-standard","5":"has-post-thumbnail","7":"category-lyon","8":"tag-actu","9":"tag-actualites","10":"tag-article","11":"tag-asvel","12":"tag-auvergne-rhone-alpes","13":"tag-breves","14":"tag-culture","15":"tag-depeches","16":"tag-economique","17":"tag-eu","18":"tag-europe","19":"tag-faits-divers","20":"tag-fr","21":"tag-france","22":"tag-info","23":"tag-informations","24":"tag-infos","25":"tag-lyon","26":"tag-lyonmag","27":"tag-news","28":"tag-ol","29":"tag-politique","30":"tag-republique-francaise","31":"tag-sociale","32":"tag-sport","33":"tag-transports"},"share_on_mastodon":{"url":"https:\/\/pubeurope.com\/@fr\/115097166503232708","error":""},"_links":{"self":[{"href":"https:\/\/www.europesays.com\/fr\/wp-json\/wp\/v2\/posts\/346085","targetHints":{"allow":["GET"]}}],"collection":[{"href":"https:\/\/www.europesays.com\/fr\/wp-json\/wp\/v2\/posts"}],"about":[{"href":"https:\/\/www.europesays.com\/fr\/wp-json\/wp\/v2\/types\/post"}],"author":[{"embeddable":true,"href":"https:\/\/www.europesays.com\/fr\/wp-json\/wp\/v2\/users\/2"}],"replies":[{"embeddable":true,"href":"https:\/\/www.europesays.com\/fr\/wp-json\/wp\/v2\/comments?post=346085"}],"version-history":[{"count":0,"href":"https:\/\/www.europesays.com\/fr\/wp-json\/wp\/v2\/posts\/346085\/revisions"}],"wp:featuredmedia":[{"embeddable":true,"href":"https:\/\/www.europesays.com\/fr\/wp-json\/wp\/v2\/media\/346086"}],"wp:attachment":[{"href":"https:\/\/www.europesays.com\/fr\/wp-json\/wp\/v2\/media?parent=346085"}],"wp:term":[{"taxonomy":"category","embeddable":true,"href":"https:\/\/www.europesays.com\/fr\/wp-json\/wp\/v2\/categories?post=346085"},{"taxonomy":"post_tag","embeddable":true,"href":"https:\/\/www.europesays.com\/fr\/wp-json\/wp\/v2\/tags?post=346085"}],"curies":[{"name":"wp","href":"https:\/\/api.w.org\/{rel}","templated":true}]}}