{"id":346087,"date":"2025-08-26T21:22:12","date_gmt":"2025-08-26T21:22:12","guid":{"rendered":"https:\/\/www.europesays.com\/fr\/346087\/"},"modified":"2025-08-26T21:22:12","modified_gmt":"2025-08-26T21:22:12","slug":"lyon-cest-le-gars-qui-est-passe-de-peu-a-cote-de-la-mort-ironise-kevin-diaz","status":"publish","type":"post","link":"https:\/\/www.europesays.com\/fr\/346087\/","title":{"rendered":"\u201cLyon, c\u2019est le gars qui est pass\u00e9 de peu \u00e0 c\u00f4t\u00e9 de la mort\u201d, ironise K\u00e9vin Diaz"},"content":{"rendered":"<p>OL : \u201cLyon, c\u2019est le gars qui est pass\u00e9 de peu \u00e0 c\u00f4t\u00e9 de la mort\u201d, ironise K\u00e9vin Diaz Sur le m\u00eame sujet<a href=\"https:\/\/rmcsport.bfmtv.com\/replay-emissions\/after-foot\/video-ligue-1-je-suis-inquiet-pour-brest-cette-saison-explique-gautreau_VN-202508260804.html\" title=\"Ligue 1 : \u201cJe suis inquiet pour Brest cette saison\u201d, explique Gautreau\" rel=\"nofollow noopener\" target=\"_blank\"><img class=\"lozad\"  width=\"16\" height=\"9\" alt=\"Ligue 1 : \u201cJe suis inquiet pour Brest cette saison\u201d, explique Gautreau\"\/>10:11Ligue 1 : \u201cJe suis inquiet pour Brest cette saison\u201d, explique Gautreau<\/a><a href=\"https:\/\/rmcsport.bfmtv.com\/replay-emissions\/after-foot\/video-ol-mikautadze-fofana-possible-de-garder-les-deux-ils-peuvent-jouer-le-podium-selon-riolo_VN-202508260798.html\" title=\"OL : Mikautadze, Fofana... possible de garder les deux ? &quot;Ils peuvent jouer le podium&quot; selon Riolo \" rel=\"nofollow noopener\" target=\"_blank\"><img class=\"lozad\"  width=\"16\" height=\"9\" alt=\"OL : Mikautadze, Fofana... possible de garder les deux ? &quot;Ils peuvent jouer le podium&quot; selon Riolo \"\/>12:13OL : Mikautadze, Fofana&#8230; possible de garder les deux ? \u00ab\u00a0Ils peuvent jouer le podium\u00a0\u00bb selon Riolo<\/a><a href=\"https:\/\/rmcsport.bfmtv.com\/replay-emissions\/after-foot\/video-psg-ma-seule-inquietude-cette-saison-c-est-les-blessures-riolo-mise-sur-la-faim-des-joueurs_VN-202508260792.html\" title=\"PSG : \u201cMa seule inqui\u00e9tude cette saison c\u2019est les blessures\u201d, Riolo mise sur \u201cla faim\u201d des joueurs\" rel=\"nofollow noopener\" target=\"_blank\"><img class=\"lozad\"  width=\"16\" height=\"9\" alt=\"PSG : \u201cMa seule inqui\u00e9tude cette saison c\u2019est les blessures\u201d, Riolo mise sur \u201cla faim\u201d des joueurs\"\/>15:26PSG : \u201cMa seule inqui\u00e9tude cette saison c\u2019est les blessures\u201d, Riolo mise sur \u201cla faim\u201d des joueurs<\/a><a href=\"https:\/\/rmcsport.bfmtv.com\/replay-emissions\/after-foot\/video-asm-ca-m-exaspere-rumeurs-de-transfert-resultats-acherchour-attend-bien-plus-de-monaco_VN-202508260779.html\" title=\"ASM : &quot;\u00c7a m&#039;exasp\u00e8re...&quot;, rumeurs de transfert, r\u00e9sultats, Acherchour attend bien plus de Monaco\" rel=\"nofollow noopener\" target=\"_blank\"><img class=\"lozad\"  width=\"16\" height=\"9\" alt=\"ASM : &quot;\u00c7a m'exasp\u00e8re...&quot;, rumeurs de transfert, r\u00e9sultats, Acherchour attend bien plus de Monaco\"\/>7:15ASM : \u00ab\u00a0\u00c7a m&rsquo;exasp\u00e8re&#8230;\u00a0\u00bb, rumeurs de transfert, r\u00e9sultats, Acherchour attend bien plus de Monaco<\/a><a href=\"https:\/\/rmcsport.bfmtv.com\/replay-emissions\/after-foot\/video-ol-lyon-c-est-le-gars-qui-est-passe-de-peu-a-cote-de-la-mort-ironise-kevin-diaz_VN-202508260769.html\" title=\"OL : \u201cLyon, c\u2019est le gars qui est pass\u00e9 de peu \u00e0 c\u00f4t\u00e9 de la mort\u201d, ironise K\u00e9vin Diaz\" rel=\"nofollow noopener\" target=\"_blank\"><img class=\"lozad\"  width=\"16\" height=\"9\" alt=\"OL : \u201cLyon, c\u2019est le gars qui est pass\u00e9 de peu \u00e0 c\u00f4t\u00e9 de la mort\u201d, ironise K\u00e9vin Diaz\"\/>en lectureOL : \u201cLyon, c\u2019est le gars qui est pass\u00e9 de peu \u00e0 c\u00f4t\u00e9 de la mort\u201d, ironise K\u00e9vin Diaz<\/a><a href=\"https:\/\/rmcsport.bfmtv.com\/replay-emissions\/after-foot\/video-om-l-olympique-de-marseille-doit-absolument-reintegrer-rabiot-explique-kevin-diaz_VN-202508260714.html\" title=\"OM : \u201cL\u2019Olympique de Marseille doit absolument r\u00e9int\u00e9grer Rabiot !\u201d, explique K\u00e9vin Diaz\" rel=\"nofollow noopener\" target=\"_blank\"><img class=\"lozad\"  width=\"16\" height=\"9\" alt=\"OM : \u201cL\u2019Olympique de Marseille doit absolument r\u00e9int\u00e9grer Rabiot !\u201d, explique K\u00e9vin Diaz\"\/>12:43OM : \u201cL\u2019Olympique de Marseille doit absolument r\u00e9int\u00e9grer Rabiot !\u201d, explique K\u00e9vin Diaz<\/a><a href=\"https:\/\/rmcsport.bfmtv.com\/replay-emissions\/after-foot\/video-arsenal-15-ans-et-deja-utilise-en-premier-league-le-cas-dowman-une-derive-du-foot_VN-202508260361.html\" title=\"Arsenal : 15 ans et d\u00e9j\u00e0 utilis\u00e9 en Premier League... le cas Dowman, une d\u00e9rive du foot ?\" rel=\"nofollow noopener\" target=\"_blank\"><img class=\"lozad\"  width=\"16\" height=\"9\" alt=\"Arsenal : 15 ans et d\u00e9j\u00e0 utilis\u00e9 en Premier League... le cas Dowman, une d\u00e9rive du foot ?\"\/>9:39Arsenal : 15 ans et d\u00e9j\u00e0 utilis\u00e9 en Premier League&#8230; le cas Dowman, une d\u00e9rive du foot ?<\/a><a href=\"https:\/\/rmcsport.bfmtv.com\/football\/ligue-1\/video-ligue-1-calmos-s-enflamme-t-on-beaucoup-trop-sur-giroud_VN-202508260314.html\" title=\"Ligue 1 : &quot;Calmos !&quot;, s&#039;enflamme-t-on - beaucoup - trop sur Giroud ?\" rel=\"nofollow noopener\" target=\"_blank\"><img class=\"lozad\"  width=\"16\" height=\"9\" alt=\"Ligue 1 : &quot;Calmos !&quot;, s'enflamme-t-on - beaucoup - trop sur Giroud ?\"\/>0:49Ligue 1 : \u00ab\u00a0Calmos !\u00a0\u00bb, s&rsquo;enflamme-t-on &#8211; beaucoup &#8211; trop sur Giroud ?<\/a><a href=\"https:\/\/rmcsport.bfmtv.com\/replay-emissions\/after-foot\/video-donnarumma-buonanotte-ben-seghir-les-dernieres-infos-mercato-en-ligue-1_VN-202508250792.html\" title=\"Donnarumma, Buonanotte, Ben Seghir... les derni\u00e8res infos mercato en Ligue 1\" rel=\"nofollow noopener\" target=\"_blank\"><img class=\"lozad\"  width=\"16\" height=\"9\" alt=\"Donnarumma, Buonanotte, Ben Seghir... les derni\u00e8res infos mercato en Ligue 1\"\/>20:19Donnarumma, Buonanotte, Ben Seghir&#8230; les derni\u00e8res infos mercato en Ligue 1<\/a><a href=\"https:\/\/rmcsport.bfmtv.com\/replay-emissions\/after-foot\/video-ol-la-cle-c-est-fofana-peut-on-croire-au-succes-lyonnais-cette-saison_VN-202508250782.html\" title=\"OL : &quot;La cl\u00e9, c&#039;est Fofana&quot;, peut-on croire au succ\u00e8s lyonnais cette saison ?\" rel=\"nofollow noopener\" target=\"_blank\"><img class=\"lozad\"  width=\"16\" height=\"9\" alt=\"OL : &quot;La cl\u00e9, c'est Fofana&quot;, peut-on croire au succ\u00e8s lyonnais cette saison ?\"\/>6:39OL : \u00ab\u00a0La cl\u00e9, c&rsquo;est Fofana\u00a0\u00bb, peut-on croire au succ\u00e8s lyonnais cette saison ?<\/a><a href=\"https:\/\/rmcsport.bfmtv.com\/replay-emissions\/after-foot\/video-om-rabiot-une-prise-de-parole-en-public-necessaire-les-dernieres-infos-sur-le-dossier_VN-202508250777.html\" title=\"OM : Rabiot, une prise de parole en public n\u00e9cessaire ? Les derni\u00e8res infos sur le dossier \" rel=\"nofollow noopener\" target=\"_blank\"><img class=\"lozad\"  width=\"16\" height=\"9\" alt=\"OM : Rabiot, une prise de parole en public n\u00e9cessaire ? Les derni\u00e8res infos sur le dossier \"\/>8:58OM : Rabiot, une prise de parole en public n\u00e9cessaire ? Les derni\u00e8res infos sur le dossier<\/a><a href=\"https:\/\/rmcsport.bfmtv.com\/replay-emissions\/after-foot\/video-fc-barcelone-encore-plus-tourne-vers-l-attaque-davantage-de-risques-pris-par-flick-pour-la-saison-2_VN-202508250773.html\" title=\"FC Barcelone : &quot;Encore plus tourn\u00e9 vers l&#039;attaque&quot;, davantage de risques pris par Flick pour la saison 2 ?\" rel=\"nofollow noopener\" target=\"_blank\"><img class=\"lozad\"  width=\"16\" height=\"9\" alt=\"FC Barcelone : &quot;Encore plus tourn\u00e9 vers l'attaque&quot;, davantage de risques pris par Flick pour la saison 2 ?\"\/>5:30FC Barcelone : \u00ab\u00a0Encore plus tourn\u00e9 vers l&rsquo;attaque\u00a0\u00bb, davantage de risques pris par Flick pour la saison 2 ?<\/a><a href=\"https:\/\/rmcsport.bfmtv.com\/replay-emissions\/after-foot\/video-man-city-premiere-titularisation-pour-cherki-laurens-prone-la-patience_VN-202508250757.html\" title=\"Man. City : Premi\u00e8re titularisation pour Cherki, Laurens pr\u00f4ne la patience\" rel=\"nofollow noopener\" target=\"_blank\"><img class=\"lozad\"  width=\"16\" height=\"9\" alt=\"Man. City : Premi\u00e8re titularisation pour Cherki, Laurens pr\u00f4ne la patience\"\/>4:35Man. City : Premi\u00e8re titularisation pour Cherki, Laurens pr\u00f4ne la patience<\/a><a href=\"https:\/\/rmcsport.bfmtv.com\/replay-emissions\/after-foot\/video-strasbourg-le-comme-j-aime-du-foot-acherchour-sourit-de-l-enorme-rate-de-emegha_VN-202508250346.html\" title=\"Strasbourg : &quot;Le &#039;Comme J&#039;aime&#039; du foot&quot; Acherchour sourit de l&#039;\u00e9norme rat\u00e9 de Emegha\" rel=\"nofollow noopener\" target=\"_blank\"><img class=\"lozad\"  width=\"16\" height=\"9\" alt=\"Strasbourg : &quot;Le 'Comme J'aime' du foot&quot; Acherchour sourit de l'\u00e9norme rat\u00e9 de Emegha\"\/>0:27Strasbourg : \u00ab\u00a0Le &lsquo;Comme J&rsquo;aime&rsquo; du foot\u00a0\u00bb Acherchour sourit de l&rsquo;\u00e9norme rat\u00e9 de Emegha<\/a><a class=\"jumpToVideo\" target=\"_blank\"><img class=\"thumbnailPreview\"\/><\/a><\/p>\n","protected":false},"excerpt":{"rendered":"OL : \u201cLyon, c\u2019est le gars qui est pass\u00e9 de peu \u00e0 c\u00f4t\u00e9 de la mort\u201d, ironise K\u00e9vin&hellip;\n","protected":false},"author":2,"featured_media":346088,"comment_status":"","ping_status":"","sticky":false,"template":"","format":"standard","meta":{"footnotes":""},"categories":[1889],"tags":[1111,11,2430,1777,674,1011,27,2428,12,25],"class_list":{"0":"post-346087","1":"post","2":"type-post","3":"status-publish","4":"format-standard","5":"has-post-thumbnail","7":"category-lyon","8":"tag-actu","9":"tag-actualites","10":"tag-auvergne-rhone-alpes","11":"tag-eu","12":"tag-europe","13":"tag-fr","14":"tag-france","15":"tag-lyon","16":"tag-news","17":"tag-republique-francaise"},"share_on_mastodon":{"url":"https:\/\/pubeurope.com\/@fr\/115097170272040783","error":""},"_links":{"self":[{"href":"https:\/\/www.europesays.com\/fr\/wp-json\/wp\/v2\/posts\/346087","targetHints":{"allow":["GET"]}}],"collection":[{"href":"https:\/\/www.europesays.com\/fr\/wp-json\/wp\/v2\/posts"}],"about":[{"href":"https:\/\/www.europesays.com\/fr\/wp-json\/wp\/v2\/types\/post"}],"author":[{"embeddable":true,"href":"https:\/\/www.europesays.com\/fr\/wp-json\/wp\/v2\/users\/2"}],"replies":[{"embeddable":true,"href":"https:\/\/www.europesays.com\/fr\/wp-json\/wp\/v2\/comments?post=346087"}],"version-history":[{"count":0,"href":"https:\/\/www.europesays.com\/fr\/wp-json\/wp\/v2\/posts\/346087\/revisions"}],"wp:featuredmedia":[{"embeddable":true,"href":"https:\/\/www.europesays.com\/fr\/wp-json\/wp\/v2\/media\/346088"}],"wp:attachment":[{"href":"https:\/\/www.europesays.com\/fr\/wp-json\/wp\/v2\/media?parent=346087"}],"wp:term":[{"taxonomy":"category","embeddable":true,"href":"https:\/\/www.europesays.com\/fr\/wp-json\/wp\/v2\/categories?post=346087"},{"taxonomy":"post_tag","embeddable":true,"href":"https:\/\/www.europesays.com\/fr\/wp-json\/wp\/v2\/tags?post=346087"}],"curies":[{"name":"wp","href":"https:\/\/api.w.org\/{rel}","templated":true}]}}