{"id":346097,"date":"2025-08-26T21:30:21","date_gmt":"2025-08-26T21:30:21","guid":{"rendered":"https:\/\/www.europesays.com\/fr\/346097\/"},"modified":"2025-08-26T21:30:21","modified_gmt":"2025-08-26T21:30:21","slug":"penuries-flambee-des-prix-en-russie-les-bombardements-ukrainiens-provoquent-une-crise-de-lessence","status":"publish","type":"post","link":"https:\/\/www.europesays.com\/fr\/346097\/","title":{"rendered":"P\u00e9nuries, flamb\u00e9e des prix&#8230; En Russie, les bombardements ukrainiens provoquent une crise de l\u2019essence"},"content":{"rendered":"<p><strong>D\u00c9CRYPTAGE <\/strong>&#8211; Cet \u00e9t\u00e9, Kiev a intensifi\u00e9 ses attaques contre les infrastructures p\u00e9troli\u00e8res russes, affaiblissant le syst\u00e8me \u00e9nerg\u00e9tique du pays, sans pour autant \u00e9branler les march\u00e9s mondiaux de l\u2019or noir.<\/p>\n<p class=\"fig-paragraph\">Une crise de l\u2019essence se profile en Russie. Les deux m\u00e9langes de carburant les plus utilis\u00e9s dans le pays, AI-92 et AI-95, se n\u00e9gociaient respectivement \u00e0 72.663 et 81.342 roubles (environ 774 et 866 euros) la tonne vendredi 21 ao\u00fbt, selon des donn\u00e9es de la Bourse de Saint-P\u00e9tersbourg. Des chiffres proches de leurs records, en hausse de pr\u00e8s de 50% depuis le d\u00e9but de l\u2019ann\u00e9e. Dans le m\u00eame temps, les autorit\u00e9s locales ont fait part de p\u00e9nuries dans le Sud, l\u2019Extr\u00eame-Orient russe et dans les\u00a0<a href=\"http:\/\/www.lefigaro.fr\/international\/guerre-en-ukraine-le-vice-chancelier-allemand-souhaite-des-garanties-de-securite-fiables-pour-kiev-20250825\" data-fig-type=\"NewsFlash\" data-gtm-custom-categorie=\"navigation\" data-gtm-custom-action=\"crossclick\" data-gtm-custom-label=\"Contextuel\" data-gtm-event=\"customEventSPE\" data-fig-domain=\"LEFIGARO\" target=\"_blank\" rel=\"noopener\">territoires ukrainiens occup\u00e9s<\/a>.<\/p>\n<p class=\"fig-paragraph\">Pour tenter de stabiliser ses prix \u00e0 la pompe, la Russie a suspendu le mois dernier ses exportations d\u2019essence ; une mesure que le gouvernement a r\u00e9guli\u00e8rement instaur\u00e9e depuis 2022 et le d\u00e9but de la guerre en Ukraine. Circulez, il n\u2019y a rien \u00e0 voir, \u00e0 en croire le minist\u00e8re russe de l\u2019\u00c9nergie, qui voit dans ces p\u00e9nuries la cons\u00e9quence naturelle de la \u00abforte demande saisonni\u00e8re\u00bb et des \u00abtravaux agricoles\u00bb. De son c\u00f4t\u00e9, le chef proclam\u00e9 de la r\u00e9publique de Crim\u00e9e, Sergue\u00ef Aksionov, \u00e9voque sobrement des \u00abprobl\u00e8mes logistiques\u00bb. Mais c\u2019est occulter la s\u00e9rie\u00a0<a href=\"http:\/\/www.lefigaro.fr\/international\/l-ukraine-lance-une-serie-d-attaques-aux-drones-en-russie-plusieurs-incendies-dans-une-centrale-nucleaire-et-un-port-petrolier-20250824\" data-fig-type=\"NewsFlash\" data-gtm-custom-categorie=\"navigation\" data-gtm-custom-action=\"crossclick\" data-gtm-custom-label=\"Contextuel\" data-gtm-event=\"customEventSPE\" data-fig-domain=\"LEFIGARO\" target=\"_blank\" rel=\"noopener\">d\u2019attaques de drones<\/a>\u00a0men\u00e9es ces derni\u00e8res semaines par l\u2019Ukraine sur les infrastructures p\u00e9troli\u00e8res russes, en particulier les raffineries, les d\u00e9p\u00f4ts et les terminaux d\u2019exportation. Pour le seul mois d\u2019ao\u00fbt, pas moins de dix installations \u00e9nerg\u00e9tiques ont \u00e9t\u00e9 endommag\u00e9es, selon un d\u00e9compte de\u00a0la cha\u00eene am\u00e9ricaine\u00a0<a href=\"https:\/\/edition.cnn.com\/2025\/08\/23\/europe\/ukraine-russia-energy-attacks-intl\" target=\"_blank\" rel=\"sponsored noopener\" data-gtm-custom-categorie=\"navigation\" data-gtm-custom-action=\"crossclick\" data-gtm-custom-label=\"Contextuel\" data-gtm-event=\"customEventSPE\">CNN<\/a>.<\/p>\n<p class=\"fig-premium-paywall__infos\">\n        Cet article est r\u00e9serv\u00e9 aux abonn\u00e9s.        Il vous reste 78% \u00e0 d\u00e9couvrir.\n    <\/p>\n<p>                <img  data- alt=\"Le Figaro\" class=\"fig-img--complete fig-img\"\/><\/p>\n<p class=\"fig-premium-paywall__title\">Vente Flash<\/p>\n<p class=\"fig-premium-paywall__subtitle\">4,99\u20ac par mois pendant 12 mois. Sans engagement<\/p>\n<p class=\"fig-premium-paywall__connect\">\n                D\u00e9j\u00e0 abonn\u00e9\u00a0?                <a class=\"fig-premium-paywall__connect-link\" href=\"https:\/\/connect.lefigaro.fr\/login?client=horizon_web&amp;type=main&amp;redirect_uri=https%3A%2F%2Fwww.lefigaro.fr%2Fconjoncture%2Fpenuries-flambee-des-prix-en-russie-les-bombardements-ukrainiens-provoquent-une-crise-de-l-essence-20250826\" data-js-gtm=\"{&quot;customCategorie&quot;: &quot;conversion&quot;, &quot;customAction&quot;: &quot;before_Landing_Connexion_paywall_manuel&quot;, &quot;customLabel&quot;: &quot;bGVmaWdhcm8uZnJfXzFmMDgyNjEyLTFhZjgtNjdkNi04NzZiLWY5NjgwNGRlMTgxZl9fQXJ0aWNsZQ==_P\u00e9nuries, flamb\u00e9e des prix... En Russie, les bombardements ukrainiens provoquent une crise de l\u2019essence_1153&quot;, &quot;customIDSPE&quot;: &quot;bGVmaWdhcm8uZnJfXzFmMDgyNjEyLTFhZjgtNjdkNi04NzZiLWY5NjgwNGRlMTgxZl9fQXJ0aWNsZQ==&quot;, &quot;event&quot;: &quot;customEventSPE&quot;}\" target=\"_blank\" rel=\"noopener\"><br \/>\n                    Connectez-vous<br \/>\n                <\/a>\n            <\/p>\n","protected":false},"excerpt":{"rendered":"D\u00c9CRYPTAGE &#8211; Cet \u00e9t\u00e9, Kiev a intensifi\u00e9 ses attaques contre les infrastructures p\u00e9troli\u00e8res russes, affaiblissant le syst\u00e8me \u00e9nerg\u00e9tique&hellip;\n","protected":false},"author":2,"featured_media":346098,"comment_status":"","ping_status":"","sticky":false,"template":"","format":"standard","meta":{"footnotes":""},"categories":[1591],"tags":[11,1887,12,844,1885,1886,132],"class_list":{"0":"post-346097","1":"post","2":"type-post","3":"status-publish","4":"format-standard","5":"has-post-thumbnail","7":"category-russie","8":"tag-actualites","9":"tag-federation-de-russie","10":"tag-news","11":"tag-petrole","12":"tag-russia","13":"tag-russian-federation","14":"tag-russie"},"share_on_mastodon":{"url":"https:\/\/pubeurope.com\/@fr\/115097201733068606","error":""},"_links":{"self":[{"href":"https:\/\/www.europesays.com\/fr\/wp-json\/wp\/v2\/posts\/346097","targetHints":{"allow":["GET"]}}],"collection":[{"href":"https:\/\/www.europesays.com\/fr\/wp-json\/wp\/v2\/posts"}],"about":[{"href":"https:\/\/www.europesays.com\/fr\/wp-json\/wp\/v2\/types\/post"}],"author":[{"embeddable":true,"href":"https:\/\/www.europesays.com\/fr\/wp-json\/wp\/v2\/users\/2"}],"replies":[{"embeddable":true,"href":"https:\/\/www.europesays.com\/fr\/wp-json\/wp\/v2\/comments?post=346097"}],"version-history":[{"count":0,"href":"https:\/\/www.europesays.com\/fr\/wp-json\/wp\/v2\/posts\/346097\/revisions"}],"wp:featuredmedia":[{"embeddable":true,"href":"https:\/\/www.europesays.com\/fr\/wp-json\/wp\/v2\/media\/346098"}],"wp:attachment":[{"href":"https:\/\/www.europesays.com\/fr\/wp-json\/wp\/v2\/media?parent=346097"}],"wp:term":[{"taxonomy":"category","embeddable":true,"href":"https:\/\/www.europesays.com\/fr\/wp-json\/wp\/v2\/categories?post=346097"},{"taxonomy":"post_tag","embeddable":true,"href":"https:\/\/www.europesays.com\/fr\/wp-json\/wp\/v2\/tags?post=346097"}],"curies":[{"name":"wp","href":"https:\/\/api.w.org\/{rel}","templated":true}]}}