{"id":346099,"date":"2025-08-26T21:31:11","date_gmt":"2025-08-26T21:31:11","guid":{"rendered":"https:\/\/www.europesays.com\/fr\/346099\/"},"modified":"2025-08-26T21:31:11","modified_gmt":"2025-08-26T21:31:11","slug":"lukraine-sera-prete-a-mettre-fin-a-la-guerre","status":"publish","type":"post","link":"https:\/\/www.europesays.com\/fr\/346099\/","title":{"rendered":"L\u2019Ukraine sera pr\u00eate \u00e0 mettre fin \u00e0 la guerre"},"content":{"rendered":"<p>Le pr\u00e9sident ukrainien Volodymyr Zelensky a annonc\u00e9 des contacts internationaux qui pourraient constituer une \u00e9tape vers la fin de la guerre.<\/p>\n<p style=\"text-align: justify;\">Il l&rsquo;a annonc\u00e9 dans un message vid\u00e9o en soir\u00e9e, rapporte Ukrinform.<\/p>\n<p style=\"text-align: justify;\">\u00ab\u00a0Cette semaine, des contacts auront lieu avec la Turquie, des contacts avec les pays du Golfe et des pays europ\u00e9ens, qui pourraient servir de plateformes de dialogue avec les Russes\u00a0\u00bb, a-t-il annonc\u00e9.<\/p>\n<p style=\"text-align: justify;\">Le chef de l\u2019\u00c9tat a d\u00e9clar\u00e9 que du c\u00f4t\u00e9 ukrainien \u00ab\u00a0tout sera pr\u00eat autant que possible pour mettre fin \u00e0 la guerre\u00a0\u00bb.<\/p>\n<p style=\"text-align: justify;\">\u00ab\u00a0Il est important que les partenaires confirment cela. Et \u00e0 l\u2019avenir, tout d\u00e9pendra uniquement de la volont\u00e9 des dirigeants mondiaux, en premier lieu des \u00c9tats-Unis, de faire pression sur la Russie\u00a0\u00bb, a soulign\u00e9 M. Zelensky.<\/p>\n<p style=\"text-align: justify;\">Selon lui, de nouvelles mesures, de nouvelles pressions sont n\u00e9cessaires\u00a0: des sanctions, des droits de douane, pour contraindre l\u2019agresseur \u00e0 mettre fin \u00e0 la guerre.<\/p>\n<p style=\"text-align: justify;\">Il a rappel\u00e9 avoir eu hier un entretien pertinent avec le repr\u00e9sentant sp\u00e9cial du pr\u00e9sident am\u00e9ricain, le g\u00e9n\u00e9ral Kitos Kellogg.<\/p>\n<p style=\"text-align: justify;\">\u00ab Nous collaborons de mani\u00e8re tr\u00e8s constructive avec les Am\u00e9ricains. Apr\u00e8s notre rencontre \u00e0 Washington, nous disposons d&rsquo;une nouvelle base de travail commune. C&rsquo;est important \u00bb, a-t-il soulign\u00e9.<\/p>\n<p style=\"text-align: justify;\">Le chef de l&rsquo;\u00c9tat a soulign\u00e9 aussi que la Russie envoie des signaux indiquant sa r\u00e9ticence \u00e0 mener de v\u00e9ritables n\u00e9gociations\u00a0: \u00ab\u00a0Seules des sanctions fortes, des droits de douane \u00e9lev\u00e9s \u2013 une v\u00e9ritable pression \u2013 peuvent changer la situation.\u00bb<\/p>\n<p style=\"text-align: justify;\">Selon lui, l&rsquo;Ukraine est actuellement en contact actif avec ses partenaires de la Coalition des Volontaires. Des travaux sont men\u00e9s \u00e0 diff\u00e9rents niveaux, tant militaires que politiques, avec l&rsquo;Europe et les \u00c9tats-Unis.<\/p>\n<p style=\"text-align: justify;\">Pour rappel, le pr\u00e9sident ukrainien Volodymyr Zelensky et le repr\u00e9sentant sp\u00e9cial du pr\u00e9sident am\u00e9ricain Keith Kellogg ont discut\u00e9 de la possibilit\u00e9 d&rsquo;influencer les Russes et du volet humanitaire, notamment du retour de tous les enfants ukrainiens enlev\u00e9s.<\/p>\n<p style=\"text-align: justify;\">Photo\u00a0: OP<\/p>\n","protected":false},"excerpt":{"rendered":"Le pr\u00e9sident ukrainien Volodymyr Zelensky a annonc\u00e9 des contacts internationaux qui pourraient constituer une \u00e9tape vers la fin&hellip;\n","protected":false},"author":2,"featured_media":346100,"comment_status":"","ping_status":"","sticky":false,"template":"","format":"standard","meta":{"footnotes":""},"categories":[1590],"tags":[11,1777,674,12,220],"class_list":{"0":"post-346099","1":"post","2":"type-post","3":"status-publish","4":"format-standard","5":"has-post-thumbnail","7":"category-ukraine","8":"tag-actualites","9":"tag-eu","10":"tag-europe","11":"tag-news","12":"tag-ukraine"},"share_on_mastodon":{"url":"https:\/\/pubeurope.com\/@fr\/115097205768767326","error":""},"_links":{"self":[{"href":"https:\/\/www.europesays.com\/fr\/wp-json\/wp\/v2\/posts\/346099","targetHints":{"allow":["GET"]}}],"collection":[{"href":"https:\/\/www.europesays.com\/fr\/wp-json\/wp\/v2\/posts"}],"about":[{"href":"https:\/\/www.europesays.com\/fr\/wp-json\/wp\/v2\/types\/post"}],"author":[{"embeddable":true,"href":"https:\/\/www.europesays.com\/fr\/wp-json\/wp\/v2\/users\/2"}],"replies":[{"embeddable":true,"href":"https:\/\/www.europesays.com\/fr\/wp-json\/wp\/v2\/comments?post=346099"}],"version-history":[{"count":0,"href":"https:\/\/www.europesays.com\/fr\/wp-json\/wp\/v2\/posts\/346099\/revisions"}],"wp:featuredmedia":[{"embeddable":true,"href":"https:\/\/www.europesays.com\/fr\/wp-json\/wp\/v2\/media\/346100"}],"wp:attachment":[{"href":"https:\/\/www.europesays.com\/fr\/wp-json\/wp\/v2\/media?parent=346099"}],"wp:term":[{"taxonomy":"category","embeddable":true,"href":"https:\/\/www.europesays.com\/fr\/wp-json\/wp\/v2\/categories?post=346099"},{"taxonomy":"post_tag","embeddable":true,"href":"https:\/\/www.europesays.com\/fr\/wp-json\/wp\/v2\/tags?post=346099"}],"curies":[{"name":"wp","href":"https:\/\/api.w.org\/{rel}","templated":true}]}}