{"id":346101,"date":"2025-08-26T21:32:14","date_gmt":"2025-08-26T21:32:14","guid":{"rendered":"https:\/\/www.europesays.com\/fr\/346101\/"},"modified":"2025-08-26T21:32:14","modified_gmt":"2025-08-26T21:32:14","slug":"des-patrouilles-de-la-garde-nationale-desormais-armees-dans-les-rues","status":"publish","type":"post","link":"https:\/\/www.europesays.com\/fr\/346101\/","title":{"rendered":"des patrouilles de la Garde nationale d\u00e9sormais arm\u00e9es dans les rues"},"content":{"rendered":"<p>            lire plus tard<\/p>\n<p id=\"dialog__title\" class=\"dialog__title\">Pour sauvegarder cet article, connectez-vous ou cr\u00e9ez un compte franceinfo<\/p>\n<p class=\"dialog__description\">Sans paiement. Sans abonnement.<\/p>\n<p>        Fermer la fen\u00eatre d\u2019activation des notifications France Info<\/p>\n<p>            cr\u00e9er votre compte<\/p>\n<p>            se connecter<\/p>\n<p>        Fermer la fen\u00eatre de pr\u00e9sentation<\/p>\n<p>    Publi\u00e9 le 26\/08\/2025 20:55<\/p>\n<p>      Mis \u00e0 jour le 26\/08\/2025 21:10<\/p>\n<p>        Temps de lecture : 2min &#8211; vid\u00e9o : 2min<\/p>\n<p>    <img decoding=\"async\" class=\"francetv-player-wrapper__image\" alt=\"Depuis deux semaines, Washington (\u00c9tats-Unis) est arpent\u00e9 par des militaires de la Garde nationale. Mais depuis deux jours, ces derniers sont arm\u00e9s sur demande de Donald Trump qui dit vouloir lutter contre l'immigration et la criminalit\u00e9.\"  width=\"432\" height=\"243\" src=\"https:\/\/www.europesays.com\/fr\/wp-content\/uploads\/2025\/08\/garde-nationale-americaine-des-patrouilles-armees-dans-les-rues-68adff2fba516902512531.jpg\" fetchpriority=\"high\"\/><\/p>\n<p>              Depuis deux semaines, Washington (\u00c9tats-Unis) est arpent\u00e9 par des militaires de la Garde nationale. Mais depuis deux jours, ces derniers sont arm\u00e9s sur demande de Donald Trump qui dit vouloir lutter contre l&rsquo;immigration et la criminalit\u00e9.<br \/>\n                    (France 2)<\/p>\n<p>      2min<\/p>\n<p>\n  Depuis deux semaines, Washington (\u00c9tats-Unis) est arpent\u00e9 par des militaires de la Garde nationale. Mais depuis deux jours, ces derniers sont arm\u00e9s sur demande de Donald Trump qui dit vouloir lutter contre l&rsquo;immigration et la criminalit\u00e9.\n<\/p>\n<p><strong>Ce texte correspond \u00e0 une partie de la retranscription du reportage ci-dessus. Cliquez sur la vid\u00e9o pour le regarder en int\u00e9gralit\u00e9.<\/strong><\/p>\n<p>Ils ont \u00e9t\u00e9 envoy\u00e9s officiellement pour nettoyer la ville du crime. <a href=\"https:\/\/www.franceinfo.fr\/monde\/usa\/presidentielle\/donald-trump\/pourquoi-donald-trump-deploie-t-il-les-militaires-de-la-garde-nationale-a-washington_7431424.html\" target=\"_blank\" rel=\"noopener nofollow\">Les militaires de la Garde nationale d\u00e9ploy\u00e9s par Donald Trump<\/a> dans la capitale, Washington DC, sont d\u00e9sormais arm\u00e9s. Une unit\u00e9 sp\u00e9ciale a \u00e9t\u00e9 cr\u00e9\u00e9e pour maintenir l&rsquo;ordre. Une fa\u00e7on pour le pouvoir f\u00e9d\u00e9ral de prendre la main sur les polices locales et pour le pr\u00e9sident am\u00e9ricain de s&rsquo;en f\u00e9liciter. \u00ab\u00a0Washington \u00e9tait l&rsquo;endroit le plus dangereux de ce pays. Maintenant, vous savez quoi ? C&rsquo;est probablement le plus s\u00fbr. Tout le monde veut venir ici d\u00e9sormais\u00a0\u00bb, affirme-t-il fi\u00e8rement.<\/p>\n<p>Ce matin dans les rues de Washington DC, la Garde nationale est bien pr\u00e9sente. Non pas dans les quartiers les plus sensibles, mais surtout dans les lieux touristiques les plus visibles. Devant la Maison Blanche, certains ramassent les d\u00e9chets. D&rsquo;autres patrouillent devant la gare. \u00c0 \u00e9couter les habitants, leur d\u00e9ploiement n&rsquo;a rien chang\u00e9. \u00ab\u00a0Ils sont l\u00e0 \u00e0 Union Station o\u00f9 il ne se passe litt\u00e9ralement jamais rien. J&rsquo;ai l&rsquo;impression qu&rsquo;ils sont juste l\u00e0 pour rendre Trump heureux\u00a0\u00bb, assure un habitant. \u00ab\u00a0C&rsquo;est peut-\u00eatre un peu plus s\u00e9curis\u00e9, mais je ne vois pas en quoi c&rsquo;\u00e9tait vraiment n\u00e9cessaire. Je trouve \u00e7a surtout effrayant\u00a0\u00bb, rench\u00e9rit une femme.<\/p>\n<p>Contrairement \u00e0 ce qu&rsquo;affirme Donald Trump, Washington n&rsquo;est pas la premi\u00e8re mais la 11e ville la plus dangereuse des \u00c9tats-Unis en 2024, avec un taux d&rsquo;homicide important mais en baisse selon les chiffres officiels. \u00ab\u00a0Nous savons que le taux de criminalit\u00e9 a baiss\u00e9 dans la ville. Cela fait pr\u00e9cis\u00e9ment deux ans maintenant\u00a0\u00bb, pr\u00e9cise Muriel Bowser, la maire de Whasington DC.<\/p>\n<p>2200 soldats de la Garde nationale d\u00e9ploy\u00e9s, les effectifs de la police f\u00e9d\u00e9rale renforc\u00e9s. Dans cette ville d\u00e9mocrate, la prise en main de Donald Trump d\u00e9range. Quelques manifestations ont \u00e9t\u00e9 organis\u00e9es. Un homme, lui, a choisi de lancer un sandwich sur un membre des forces de l&rsquo;ordre. Il a \u00e9t\u00e9 arr\u00eat\u00e9 pour agression. Il est devenu, malgr\u00e9 lui, un symbole de r\u00e9sistance. Des affiches \u00e0 son effigie tapissent d\u00e9sormais certains murs de la ville.<\/p>\n<p>Prochaine \u00e9tape, selon Donald Trump : envoyer la Garde nationale dans d&rsquo;autres villes comme Baltimore, Chicago qui sont uniquement des fiefs d\u00e9mocrates.\u00a0<\/p>\n","protected":false},"excerpt":{"rendered":"lire plus tard Pour sauvegarder cet article, connectez-vous ou cr\u00e9ez un compte franceinfo Sans paiement. Sans abonnement. Fermer&hellip;\n","protected":false},"author":2,"featured_media":346102,"comment_status":"","ping_status":"","sticky":false,"template":"","format":"standard","meta":{"footnotes":""},"categories":[1589],"tags":[11,73,1866,12,1864,1865,1863,308],"class_list":{"0":"post-346101","1":"post","2":"type-post","3":"status-publish","4":"format-standard","5":"has-post-thumbnail","7":"category-etats-unis","8":"tag-actualites","9":"tag-etats-unis","10":"tag-etats-unis-damerique","11":"tag-news","12":"tag-united-states","13":"tag-united-states-of-america","14":"tag-us","15":"tag-usa"},"share_on_mastodon":{"url":"https:\/\/pubeurope.com\/@fr\/115097209943028325","error":""},"_links":{"self":[{"href":"https:\/\/www.europesays.com\/fr\/wp-json\/wp\/v2\/posts\/346101","targetHints":{"allow":["GET"]}}],"collection":[{"href":"https:\/\/www.europesays.com\/fr\/wp-json\/wp\/v2\/posts"}],"about":[{"href":"https:\/\/www.europesays.com\/fr\/wp-json\/wp\/v2\/types\/post"}],"author":[{"embeddable":true,"href":"https:\/\/www.europesays.com\/fr\/wp-json\/wp\/v2\/users\/2"}],"replies":[{"embeddable":true,"href":"https:\/\/www.europesays.com\/fr\/wp-json\/wp\/v2\/comments?post=346101"}],"version-history":[{"count":0,"href":"https:\/\/www.europesays.com\/fr\/wp-json\/wp\/v2\/posts\/346101\/revisions"}],"wp:featuredmedia":[{"embeddable":true,"href":"https:\/\/www.europesays.com\/fr\/wp-json\/wp\/v2\/media\/346102"}],"wp:attachment":[{"href":"https:\/\/www.europesays.com\/fr\/wp-json\/wp\/v2\/media?parent=346101"}],"wp:term":[{"taxonomy":"category","embeddable":true,"href":"https:\/\/www.europesays.com\/fr\/wp-json\/wp\/v2\/categories?post=346101"},{"taxonomy":"post_tag","embeddable":true,"href":"https:\/\/www.europesays.com\/fr\/wp-json\/wp\/v2\/tags?post=346101"}],"curies":[{"name":"wp","href":"https:\/\/api.w.org\/{rel}","templated":true}]}}