{"id":346105,"date":"2025-08-26T21:34:11","date_gmt":"2025-08-26T21:34:11","guid":{"rendered":"https:\/\/www.europesays.com\/fr\/346105\/"},"modified":"2025-08-26T21:34:11","modified_gmt":"2025-08-26T21:34:11","slug":"lithium-terres-rares-et-dependance-chinoise-lallemagne-et-le-canada-annoncent-un-partenariat-etroit-sur-les-matieres-premieres-critiques-26-08-2025-a-1631","status":"publish","type":"post","link":"https:\/\/www.europesays.com\/fr\/346105\/","title":{"rendered":"Lithium, terres rares et d\u00e9pendance chinoise : l&rsquo;Allemagne et le Canada annoncent un \u00ab\u00a0partenariat \u00e9troit sur les mati\u00e8res premi\u00e8res critiques\u00a0\u00bb &#8211; 26\/08\/2025 \u00e0 16:31"},"content":{"rendered":"<p> Fort de son vaste territoire et des ressources de son sous-sol, le Canada est un important producteur mondial de cuivre, de nickel et de cobalt et d\u00e9veloppe des projets sur des min\u00e9raux critiques tels que le lithium, le graphite ou encore le vanadium.<\/p>\n<p>        <img fetchpriority=\"high\" decoding=\"async\" src=\"https:\/\/www.europesays.com\/fr\/wp-content\/uploads\/2025\/08\/add0340c374d3bec1ce2b68300e19085-760x547.jpg\" alt=\"Le Premier ministre canadien Mark Carney, et son homologue allemand Friedrich Merz, \u00e0 Berlin, le 26 ao\u00fbt 2025 ( AFP \/ TOBIAS SCHWARZ )\" loading=\"eager\" width=\"760\" height=\"547\" style=\"max-width: 100%!important; height: auto;\"\/><\/p>\n<p class=\"c-image-news__legend\">Le Premier ministre canadien Mark Carney, et son homologue allemand Friedrich Merz, \u00e0 Berlin, le 26 ao\u00fbt 2025 ( AFP \/ TOBIAS SCHWARZ )<\/p>\n<p>\n Pendant qu&rsquo;Etats-Unis et Chine poursuivent leur<br \/>\n <a href=\"https:\/\/www.boursorama.com\/actualite-economique\/actualites\/trump-menace-la-chine-de-nouvelles-surtaxes-si-elle-n-exporte-pas-ses-aimants-en-terres-rares-1d710ba31e2f06932519d7730d0f1e22\" title=\"Trump menace la Chine de nouvelles surtaxes si elle n exporte pas ses aimants en terres rares\" rel=\"nofollow noopener\" target=\"_blank\"><br \/>\n  bras de fer sur la question sensible des aimants<br \/>\n <\/a><br \/>\n permanents, cruciaux dans de nombreux secteurs industriels, l&rsquo;Allemagne et le Canada ont conclu mardi 26 ao\u00fbt un accord pour coop\u00e9rer plus \u00e9troitement dans l&rsquo;approvisionnement en mati\u00e8res premi\u00e8res critiques, notamment en terres rares. Ce rapprochement intervient dans le cadre des efforts de diversification de Berlin, qui souhaite r\u00e9duire sa d\u00e9pendance aux importations chinoises.\n<\/p>\n<p>\n A Berlin, la ministre allemande de l&rsquo;\u00c9conomie et de l&rsquo;\u00c9nergie Katherina Reiche a sign\u00e9 une d\u00e9claration d&rsquo;intention avec son homologue canadien Tim Hodgson pour \u00e9tablir \u00ab\u00a0un partenariat \u00e9troit sur les mati\u00e8res premi\u00e8res critiques\u00a0\u00bb. Celles-ci sont \u00ab\u00a0d&rsquo;une importance vitale\u00a0\u00bb pour l&rsquo;Allemagne \u00ab\u00a0\u00e0 cause des d\u00e9veloppements g\u00e9opolitiques, en particulier pour les terres rares\u00a0\u00bb, a d\u00e9clar\u00e9 Mme Reiche.\n<\/p>\n<p>\n Ces m\u00e9taux sont utilis\u00e9s dans de larges pans de l&rsquo;industrie allemande, des batteries \u00e9lectriques aux \u00e9oliennes en passant par les dispositif m\u00e9dicaux.\n<\/p>\n<p>\n Dans ce domaine, la premi\u00e8re \u00e9conomie europ\u00e9enne cherche activement des alternatives \u00e0<br \/>\n <strong><br \/>\n  la Chine, qui a repr\u00e9sent\u00e9 pr\u00e8s de la moiti\u00e9 des importations europ\u00e9ennes de terres rares en 2024<br \/>\n <\/strong><br \/>\n selon l&rsquo;institut de statistiques Eurostat. Le Canada d\u00e9veloppe de son c\u00f4t\u00e9 ses activit\u00e9s dans le domaine, et extrait \u00e9galement du lithium, du graphite, du cobalt ou encore du nickel.\n<\/p>\n<p> Une \u00ab\u00a0base fiable pour les industries de pointe allemandes\u00a0\u00bb<\/p>\n<p>\n Mardi, trois entreprises allemandes du secteur, dont le producteur de cuivre Aurubis, ont sign\u00e9 des protocoles d&rsquo;accord avec des firmes canadiennes dans le domaine de l&rsquo;extraction et du traitement des mati\u00e8res premi\u00e8res.\n<\/p>\n<p>\n L&rsquo;id\u00e9e est que les fabricants allemands \u00ab\u00a0puissent compter sur les fournisseurs canadiens\u00a0\u00bb et que les producteurs canadiens \u00ab\u00a0puissent acc\u00e9der aux march\u00e9s mondiaux\u00a0\u00bb, a indiqu\u00e9 M. Hodgson. Ces min\u00e9raux \u00ab\u00a0produits de mani\u00e8re responsable serviront de base fiable pour les industries de pointe allemandes\u00a0\u00bb, a-t-il ajout\u00e9. Le partenariat est \u00ab\u00a0une bonne mesure pour renforcer nos \u00e9conomies et les s\u00e9curiser\u00a0\u00bb, avait d\u00e9clar\u00e9 plus t\u00f4t le chancelier allemand Friedrich Merz, lors d&rsquo;une rencontre avec le Premier ministre canadien Mark Carney.\n<\/p>\n<p>\n Cette ann\u00e9e, l&rsquo;industrie allemande a particuli\u00e8rement trembl\u00e9 devant les restrictions \u00e0 l&rsquo;export de terres rares chinoises, d\u00e9cid\u00e9es en avril par la Chine en repr\u00e9sailles aux barri\u00e8res commerciales am\u00e9ricaines. Fin juillet, la Commission europ\u00e9enne a toutefois annonc\u00e9 avoir n\u00e9goci\u00e9 un m\u00e9canisme \u00ab\u00a0am\u00e9lior\u00e9\u00a0\u00bb avec P\u00e9kin pour assouplir ces exportations. L&rsquo;Allemagne est aussi d\u00e9pendante du lithium chinois, d\u00e9cisif pour le virage vers l&rsquo;\u00e9lectrique de son secteur automobile en crise, et mise sur des projets d&rsquo;extraction sur son propre sol et en Serbie.<\/p>\n","protected":false},"excerpt":{"rendered":"Fort de son vaste territoire et des ressources de son sous-sol, le Canada est un important producteur mondial&hellip;\n","protected":false},"author":2,"featured_media":346106,"comment_status":"","ping_status":"","sticky":false,"template":"","format":"standard","meta":{"footnotes":""},"categories":[1587],"tags":[400,11,672,398,408,1804,405,1805,1803,1777,674,1801,403,402,399,404,12,1802,401,406,407],"class_list":{"0":"post-346105","1":"post","2":"type-post","3":"status-publish","4":"format-standard","5":"has-post-thumbnail","7":"category-allemagne","8":"tag-action-cac-40","9":"tag-actualites","10":"tag-allemagne","11":"tag-bourse-de-paris","12":"tag-boursorama","13":"tag-bundesrepublik-deutschland","14":"tag-cotations","15":"tag-de","16":"tag-deutschland","17":"tag-eu","18":"tag-europe","19":"tag-germany","20":"tag-indices-devises","21":"tag-investir","22":"tag-investissement","23":"tag-marche-boursier","24":"tag-news","25":"tag-republique-federale-dallemagne","26":"tag-sicav","27":"tag-trackers","28":"tag-warrants"},"share_on_mastodon":{"url":"https:\/\/pubeurope.com\/@fr\/115097217592704172","error":""},"_links":{"self":[{"href":"https:\/\/www.europesays.com\/fr\/wp-json\/wp\/v2\/posts\/346105","targetHints":{"allow":["GET"]}}],"collection":[{"href":"https:\/\/www.europesays.com\/fr\/wp-json\/wp\/v2\/posts"}],"about":[{"href":"https:\/\/www.europesays.com\/fr\/wp-json\/wp\/v2\/types\/post"}],"author":[{"embeddable":true,"href":"https:\/\/www.europesays.com\/fr\/wp-json\/wp\/v2\/users\/2"}],"replies":[{"embeddable":true,"href":"https:\/\/www.europesays.com\/fr\/wp-json\/wp\/v2\/comments?post=346105"}],"version-history":[{"count":0,"href":"https:\/\/www.europesays.com\/fr\/wp-json\/wp\/v2\/posts\/346105\/revisions"}],"wp:featuredmedia":[{"embeddable":true,"href":"https:\/\/www.europesays.com\/fr\/wp-json\/wp\/v2\/media\/346106"}],"wp:attachment":[{"href":"https:\/\/www.europesays.com\/fr\/wp-json\/wp\/v2\/media?parent=346105"}],"wp:term":[{"taxonomy":"category","embeddable":true,"href":"https:\/\/www.europesays.com\/fr\/wp-json\/wp\/v2\/categories?post=346105"},{"taxonomy":"post_tag","embeddable":true,"href":"https:\/\/www.europesays.com\/fr\/wp-json\/wp\/v2\/tags?post=346105"}],"curies":[{"name":"wp","href":"https:\/\/api.w.org\/{rel}","templated":true}]}}