{"id":346109,"date":"2025-08-26T21:36:14","date_gmt":"2025-08-26T21:36:14","guid":{"rendered":"https:\/\/www.europesays.com\/fr\/346109\/"},"modified":"2025-08-26T21:36:14","modified_gmt":"2025-08-26T21:36:14","slug":"lue-face-a-une-nouvelle-menace-tarifaire-de-donald-trump","status":"publish","type":"post","link":"https:\/\/www.europesays.com\/fr\/346109\/","title":{"rendered":"L&rsquo;UE face \u00e0 une nouvelle menace tarifaire de Donald Trump"},"content":{"rendered":"<p>L&rsquo;alliance fragile entre l&rsquo;Union europ\u00e9enne et les \u00c9tats-Unis a pris un nouveau tournant apr\u00e8s que Donald Trump <a href=\"https:\/\/www.euronews.com\/business\/2025\/08\/26\/trump-threatens-tariffs-on-nations-imposing-digital-taxes-on-us-tech\" rel=\"nofollow noopener\" target=\"_blank\" data-ylk=\"slk:a menac\u00e9;elm:context_link;itc:0;sec:content-canvas\" class=\"link \"><strong>a menac\u00e9<\/strong><\/a> , contre toute attente, d&rsquo;imposer des \u00ab\u00a0droits de douane suppl\u00e9mentaires substantiels\u00a0\u00bb aux pays qui mettent en \u0153uvre une l\u00e9gislation ciblant les entreprises technologiques am\u00e9ricaines, \u00ab\u00a0\u00e0 moins que ces actions discriminatoires ne soient supprim\u00e9es\u00a0\u00bb.<\/p>\n<p>Donald Trump n&rsquo;a pas pr\u00e9cis\u00e9 le niveau <strong>des droits de douane potentiels<\/strong>.<\/p>\n<p>\u00ab\u00a0Les entreprises technologiques am\u00e9ricaines ne sont plus la \u00ab\u00a0tirelire\u00a0\u00bb ni le \u00ab\u00a0paillasson\u00a0\u00bb du monde. Montrez du respect \u00e0 l&rsquo;Am\u00e9rique et \u00e0 nos incroyables entreprises technologiques ou envisagez les cons\u00e9quences !\u00a0\u00bb a d\u00e9clar\u00e9 lundi Donald Trump lundi dans un message diffus\u00e9 sur les r\u00e9seaux sociaux.<\/p>\n<p>La Commission europ\u00e9enne, qui a sembl\u00e9 prise au d\u00e9pourvu par l&rsquo;avertissement lanc\u00e9 par la Maison Blanche, a r\u00e9agi en d\u00e9fendant son droit de l\u00e9gif\u00e9rer \u00e0 l&rsquo;abri de toute pression ext\u00e9rieure.<\/p>\n<p>\u00ab\u00a0C&rsquo;est le droit souverain de l&rsquo;UE et de ses \u00c9tats membres de r\u00e9glementer les activit\u00e9s \u00e9conomiques sur notre territoire, qui sont conformes \u00e0 nos valeurs d\u00e9mocratiques\u00a0\u00bb, a r\u00e9pondu mardi Paula Pinho, porte-parole en chef de la Commission.<\/p>\n<p>Les propos du pr\u00e9sident am\u00e9ricain jettent <strong>un s\u00e9rieux doute<\/strong> sur la viabilit\u00e9 de <a href=\"https:\/\/fr.news.yahoo.com\/l-union-europ%C3%A9enne-%C3%A9tats-unis-185928232.html\" data-ylk=\"slk:l&#039;accord;elm:context_link;itc:0;sec:content-canvas;outcm:mb_qualified_link;_E:mb_qualified_link;ct:story;\" class=\"link  yahoo-link\" rel=\"nofollow noopener\" target=\"_blank\"><strong>l&rsquo;accord<\/strong><\/a><a href=\"https:\/\/www.euronews.com\/my-europe\/2025\/07\/27\/von-der-leyen-and-trump-strike-eu-us-trade-deal-to-avert-all-out-tariff-war\" rel=\"nofollow noopener\" target=\"_blank\" data-ylk=\"slk:commercial;elm:context_link;itc:0;sec:content-canvas\" class=\"link \"> <strong>commercial<\/strong><\/a> que l&rsquo;UE et les \u00c9tats-Unis ont sign\u00e9 fin <strong>juillet<\/strong> pour \u00e9viter une guerre commerciale. En vertu de cet accord, la majorit\u00e9 des <strong>produits europ\u00e9ens sont soumis \u00e0 un taux de 15 %<\/strong>, qui est cens\u00e9 \u00eatre \u00ab\u00a0global\u00a0\u00bb, ce qui signifie que d&rsquo;autres droits de douane, tels que ceux \u00e9voqu\u00e9s par Donald Trump, ne devraient pas s&rsquo;appliquer en sus.<\/p>\n<p>Il comprend \u00e9galement des promesses non contraignantes de d\u00e9penser <strong>750 milliards de dollars pour se fournir en \u00e9nergies<\/strong> aupr\u00e8s des Etats-Unis, d&rsquo;investir <strong>600 milliards de dollars<\/strong> <strong>sur le march\u00e9 am\u00e9ricain<\/strong> et d&rsquo;acheter pour <strong>40 milliards de dollars<\/strong> <strong>de puces am\u00e9ricaines<\/strong>.<\/p>\n<p>\u00ab\u00a0Nous pensons que cet accord a apport\u00e9 pr\u00e9visibilit\u00e9 et stabilit\u00e9. Nous disposons d&rsquo;un cadre clair sur lequel nous travaillons\u00a0\u00bb, a insist\u00e9 Paula Pinho. \u00ab\u00a0Toute autre mesure sortant du cadre de cet accord-cadre \u00e0 ce stade n&rsquo;est que pure sp\u00e9culation.\u00a0\u00bb<\/p>\n<p>Dans le contexte des n\u00e9gociations commerciales, la Commission a refus\u00e9 de <a href=\"https:\/\/www.euronews.com\/my-europe\/2025\/03\/07\/commission-defends-eu-digital-markets-rules-in-the-face-of-us-attacks\" rel=\"nofollow noopener\" target=\"_blank\" data-ylk=\"slk:faire des concessions;elm:context_link;itc:0;sec:content-canvas\" class=\"link \"><strong>faire des concessions<\/strong><\/a> sur la r\u00e9glementation technologique, comme la <a href=\"https:\/\/www.euronews.com\/next\/2024\/07\/19\/how-has-the-digital-services-act-been-enforced-one-year-on\" rel=\"nofollow noopener\" target=\"_blank\" data-ylk=\"slk:loi sur les services num\u00e9riques;elm:context_link;itc:0;sec:content-canvas\" class=\"link \"><strong>loi sur les services num\u00e9riques<\/strong><\/a> (DSA), qui vise \u00e0 lutter contre les contenus ill\u00e9gaux et la d\u00e9sinformation en ligne, la <a href=\"https:\/\/www.euronews.com\/next\/2022\/11\/02\/eus-digital-markets-act-comes-into-force-what-is-it-and-what-does-it-mean-for-big-tech\" rel=\"nofollow noopener\" target=\"_blank\" data-ylk=\"slk:loi sur les march\u00e9s num\u00e9riques;elm:context_link;itc:0;sec:content-canvas\" class=\"link \"><strong>loi sur les march\u00e9s num\u00e9riques<\/strong><\/a> (DMA), qui vise \u00e0 garantir une concurrence libre et \u00e9quitable, et la <strong>loi sur l&rsquo;intelligence artificielle<\/strong>, qui \u00e9tablit des r\u00e8gles pour les syst\u00e8mes d&rsquo;IA consid\u00e9r\u00e9s comme pr\u00e9sentant des risques pour la s\u00e9curit\u00e9 humaine et les droits de l&rsquo;Homme.<\/p>\n<p>Apple, Meta et Alphabet font l&rsquo;<a href=\"https:\/\/www.euronews.com\/my-europe\/2025\/01\/20\/eu-digital-enforcement-barometer-amid-rising-pressure-from-us-tech-giants\" rel=\"nofollow noopener\" target=\"_blank\" data-ylk=\"slk:objet;elm:context_link;itc:0;sec:content-canvas\" class=\"link \"><strong>objet<\/strong><\/a> d&rsquo;une enqu\u00eate au titre du DMA, tandis que X (anciennement Twitter) et les services Instagram et Facebook de Meta font l&rsquo;objet d&rsquo;une enqu\u00eate au titre du DSA. Toutes ces entreprises ont renforc\u00e9 leurs liens avec la Maison Blanche au cours des derniers mois, certains de ces patrons se trouvaient au premier rang en janvier lors de l&rsquo;investiture de Donald Trump.<\/p>\n<p>La Silicon Valley se plaint depuis longtemps de la port\u00e9e et de l&rsquo;application des lois europ\u00e9ennes sur la technologie, une position \u00e0 laquelle les responsables am\u00e9ricains ont fait \u00e9cho en les qualifiant de \u00ab\u00a0barri\u00e8res non tarifaires\u00a0\u00bb.<\/p>\n<p>Le spectre des sanctions<\/p>\n<p>Face \u00e0 la pression, Bruxelles affirme qu&rsquo;elle n&rsquo;a pas boug\u00e9.<\/p>\n<p>Au cours du week-end, Ursula von der Leyen, pr\u00e9sidente de la Commission europ\u00e9enne, a publi\u00e9 une tribune dans plusieurs journaux europ\u00e9ens, admettant que l&rsquo;accord \u00e9tait \u00ab\u00a0solide mais imparfait\u00a0\u00bb, tout en insistant sur le fait que l&rsquo;Union europ\u00e9enne avait conserv\u00e9 son droit de l\u00e9gif\u00e9rer.<\/p>\n<p>\u00ab\u00a0L&rsquo;UE est rest\u00e9e ferme sur ses principes fondamentaux. Nos r\u00e8gles restent intactes\u00a0\u00bb, a \u00e9crit la responsable allemande. \u00ab\u00a0C&rsquo;est nous qui d\u00e9cidons de la meilleure fa\u00e7on de pr\u00e9server la s\u00e9curit\u00e9 alimentaire, de prot\u00e9ger les citoyens europ\u00e9ens en ligne et de garantir leur sant\u00e9 et leur s\u00e9curit\u00e9.\u00a0\u00bb<\/p>\n<p>Mais la derni\u00e8re menace de Donald Trump indique que le pr\u00e9sident am\u00e9ricain ne consid\u00e8re pas la question comme r\u00e9gl\u00e9e et qu&rsquo;il est pr\u00eat \u00e0 exercer son influence pour provoquer le changement qu&rsquo;il souhaite.<\/p>\n<p>\u00ab\u00a0Je m&rsquo;opposerai aux pays qui s&rsquo;en prennent \u00e0 nos incroyables entreprises technologiques am\u00e9ricaines. Les taxes num\u00e9riques, la l\u00e9gislation sur les services num\u00e9riques et les r\u00e9glementations sur les march\u00e9s num\u00e9riques sont toutes con\u00e7ues pour nuire \u00e0 la technologie am\u00e9ricaine ou la discriminer\u00a0\u00bb, a \u00e9crit le dirigeant am\u00e9ricain.<\/p>\n<p>\u00ab\u00a0Ils accordent \u00e9galement, de mani\u00e8re scandaleuse, un laissez-passer complet aux plus grandes entreprises technologiques chinoises. Cela doit cesser, et cesser MAINTENANT !\u00a0\u00bb<\/p>\n<p>Son message est arriv\u00e9 quelques heures apr\u00e8s que Reuters, citant des sources anonymes, a rapport\u00e9 que les \u00c9tats-Unis envisageaient de sanctionner des fonctionnaires europ\u00e9ens et nationaux responsables de la mise en \u0153uvre du DSA, que les r\u00e9publicains ont souvent assimil\u00e9 \u00e0 un outil de censure.<\/p>\n<p>\u00ab\u00a0Nous suivons avec beaucoup d&rsquo;inqui\u00e9tude l&rsquo;augmentation de la censure en Europe, mais nous n&rsquo;avons pas d&rsquo;autres informations \u00e0 fournir pour le moment\u00a0\u00bb, a d\u00e9clar\u00e9 le d\u00e9partement d&rsquo;\u00c9tat am\u00e9ricain \u00e0 Euronews.<\/p>\n<p>La Commission a fermement rejet\u00e9 cette accusation qu&rsquo;elle a qualifi\u00e9e de \u00ab\u00a0compl\u00e8tement erron\u00e9e et compl\u00e8tement infond\u00e9e\u00a0\u00bb, arguant que le DSA et le DMA respectent la libert\u00e9 d&rsquo;information et traitent toutes les entreprises de la m\u00eame mani\u00e8re \u00ab\u00a0quel que soit leur lieu d&rsquo;\u00e9tablissement\u00a0\u00bb.<\/p>\n<p>\u00ab\u00a0Plus de 99 % des d\u00e9cisions de mod\u00e9ration de contenu prises ici dans l&rsquo;UE en ligne sont prises de mani\u00e8re proactive par les plateformes sur la base de leurs propres conditions g\u00e9n\u00e9rales\u00a0\u00bb, a ajout\u00e9 Thomas R\u00e9gnier, porte-parole de la Commission pour les questions num\u00e9riques.<\/p>\n<p>\u00ab\u00a0Nous ne demandons pas aux plateformes de supprimer des contenus, nous leur demandons d&rsquo;appliquer leurs propres conditions g\u00e9n\u00e9rales.\u00a0\u00bb<\/p>\n","protected":false},"excerpt":{"rendered":"L&rsquo;alliance fragile entre l&rsquo;Union europ\u00e9enne et les \u00c9tats-Unis a pris un nouveau tournant apr\u00e8s que Donald Trump a&hellip;\n","protected":false},"author":2,"featured_media":346110,"comment_status":"","ping_status":"","sticky":false,"template":"","format":"standard","meta":{"footnotes":""},"categories":[1586],"tags":[11,2196,75,2388,1777,674,1779,1011,27,7738,1324,12,25,1778,364],"class_list":{"0":"post-346109","1":"post","2":"type-post","3":"status-publish","4":"format-standard","5":"has-post-thumbnail","7":"category-europe","8":"tag-actualites","9":"tag-commission-europeenne","10":"tag-donald-trump","11":"tag-droits-de-douane","12":"tag-eu","13":"tag-europe","14":"tag-european-union","15":"tag-fr","16":"tag-france","17":"tag-lunion-europeenne","18":"tag-la-maison-blanche","19":"tag-news","20":"tag-republique-francaise","21":"tag-ue","22":"tag-union-europeenne"},"share_on_mastodon":{"url":"https:\/\/pubeurope.com\/@fr\/115097225451429466","error":""},"_links":{"self":[{"href":"https:\/\/www.europesays.com\/fr\/wp-json\/wp\/v2\/posts\/346109","targetHints":{"allow":["GET"]}}],"collection":[{"href":"https:\/\/www.europesays.com\/fr\/wp-json\/wp\/v2\/posts"}],"about":[{"href":"https:\/\/www.europesays.com\/fr\/wp-json\/wp\/v2\/types\/post"}],"author":[{"embeddable":true,"href":"https:\/\/www.europesays.com\/fr\/wp-json\/wp\/v2\/users\/2"}],"replies":[{"embeddable":true,"href":"https:\/\/www.europesays.com\/fr\/wp-json\/wp\/v2\/comments?post=346109"}],"version-history":[{"count":0,"href":"https:\/\/www.europesays.com\/fr\/wp-json\/wp\/v2\/posts\/346109\/revisions"}],"wp:featuredmedia":[{"embeddable":true,"href":"https:\/\/www.europesays.com\/fr\/wp-json\/wp\/v2\/media\/346110"}],"wp:attachment":[{"href":"https:\/\/www.europesays.com\/fr\/wp-json\/wp\/v2\/media?parent=346109"}],"wp:term":[{"taxonomy":"category","embeddable":true,"href":"https:\/\/www.europesays.com\/fr\/wp-json\/wp\/v2\/categories?post=346109"},{"taxonomy":"post_tag","embeddable":true,"href":"https:\/\/www.europesays.com\/fr\/wp-json\/wp\/v2\/tags?post=346109"}],"curies":[{"name":"wp","href":"https:\/\/api.w.org\/{rel}","templated":true}]}}