{"id":34611,"date":"2025-04-18T18:00:19","date_gmt":"2025-04-18T18:00:19","guid":{"rendered":"https:\/\/www.europesays.com\/fr\/34611\/"},"modified":"2025-04-18T18:00:19","modified_gmt":"2025-04-18T18:00:19","slug":"quinte-du-vendredi-18-avril-2025-en-nocturne-a-vincennes-les-pronostics","status":"publish","type":"post","link":"https:\/\/www.europesays.com\/fr\/34611\/","title":{"rendered":"Quint\u00e9 du vendredi 18 avril 2025 en nocturne \u00e0 Vincennes : les pronostics"},"content":{"rendered":"<p class=\"article-p mdl\">Retrouvez les pronostics de Dominique Cordier pour le Quint\u00e9 du vendredi 18 avril 2025 en nocturne \u00e0 Vincennes, le Prix Martha. <strong>D\u00e9part \u00e0 20h15. 13 partants (le 8 Oblivion est non partant). <\/strong>Trot attel\u00e9. Course europ\u00e9enne. 2.700 m\u00e8tres. Grande piste. Trotteurs de 6 et 7 ans.\n<\/p>\n<p class=\"article-p mdl\">Facile vainqueur le 9 mars \u00e0 Reims, le <strong>13 Oscar Van Halbeek <\/strong>retrouve illico un ben engagement au plafond des gains, qu\u2019il ne devrait pas se priver de transformer.\n<\/p>\n<p class=\"article-p mdl\">L\u2019outsider de RTL, le <strong>5 De Gaulle Grif<\/strong>, peut lui apporter la r\u00e9partie, la grande piste ne lui posant aucun probl\u00e8me, \u00e0 lui non plus.\n<\/p>\n<p class=\"article-p mdl\">A noter que le <strong>3 Domingo Bar<\/strong>, son compagnon d\u2019entra\u00eenement, confi\u00e9 ici \u00e0 Jean-Michel Bazire, sera \u00e9videmment le plus jou\u00e9 des deux. Toutefois, nous faisons l\u2019impasse, consid\u00e9rant qu\u2019il n\u2019a \u00e0 ce jour aucune performance \u00e0 Vincennes, et ce n\u2019est pas faute d\u2019avoir essay\u00e9\u2026\n<\/p>\n<p class=\"article-p mdl\">Le <strong>10 Jolicoeur <\/strong>est une autre base possible, le<strong> 7 Hashtag Simoni <\/strong>faisant toutes ses courses \u00e9galement.\n<\/p>\n<p class=\"article-p mdl\">Chez les \u00ab Bondo \u00bb, on peut \u00e9ventuellement s\u2019int\u00e9resser au cas du <strong>2 Downtown As<\/strong>.<\/p>\n<p>            Les pronostics :<\/p>\n<p class=\"article-p mdl\">\n<p>13. Oscar Van Halbeek&#13;<br \/>5. De Gaulle Grif&#13;<br \/>10. Jolicoeur&#13;<br \/>14. Irresistible Paj&#13;<br \/>7. Hashtag Simoni&#13;<br \/>2. Downtown As&#13;<br \/>6. Vallatonian<\/p>\n<p>            L&rsquo;Outsider de RTL<\/p>\n<p class=\"article-p mdl\">5. De Gaulle Grif<\/p>\n<p>    R\u00e9sultats du mercredi 16 avril 2025 \u00e0 Pontch\u00e2teau<\/p>\n<p class=\"article-p mdl\">La favorite de RTL se laisse enfermer et termine 4e. 7e, l\u2019outsider de RTL manque de jus pour conclure. La s\u00e9lection indique le Quint\u00e9. <\/p>\n<p>    La r\u00e9daction vous recommande<\/p>\n<p class=\"s-newsletter__title\">\n                L\u2019actualit\u00e9 par la r\u00e9daction de RTL dans votre bo\u00eete mail.\n            <\/p>\n<p class=\"s-newsletter__subtitle\">\n                Gr\u00e2ce \u00e0 votre compte RTL abonnez-vous \u00e0 la newsletter RTL info pour suivre toute l&rsquo;actualit\u00e9 au quotidien\n            <\/p>\n<p>\n                                    Lire la suite\n                                <\/p>\n","protected":false},"excerpt":{"rendered":"Retrouvez les pronostics de Dominique Cordier pour le Quint\u00e9 du vendredi 18 avril 2025 en nocturne \u00e0 Vincennes,&hellip;\n","protected":false},"author":2,"featured_media":3836,"comment_status":"","ping_status":"","sticky":false,"template":"","format":"standard","meta":{"footnotes":""},"categories":[1888],"tags":[11,2621,2622,2620,1777,674,107,2619,1011,27,12,626,2623,25],"class_list":{"0":"post-34611","1":"post","2":"type-post","3":"status-publish","4":"format-standard","5":"has-post-thumbnail","7":"category-paris","8":"tag-actualites","9":"tag-chevaux","10":"tag-courses","11":"tag-courses-de-trot","12":"tag-eu","13":"tag-europe","14":"tag-fil-info","15":"tag-fil-sport","16":"tag-fr","17":"tag-france","18":"tag-news","19":"tag-paris","20":"tag-quinte","21":"tag-republique-francaise"},"share_on_mastodon":{"url":"https:\/\/pubeurope.com\/@fr\/114360275740580536","error":""},"_links":{"self":[{"href":"https:\/\/www.europesays.com\/fr\/wp-json\/wp\/v2\/posts\/34611","targetHints":{"allow":["GET"]}}],"collection":[{"href":"https:\/\/www.europesays.com\/fr\/wp-json\/wp\/v2\/posts"}],"about":[{"href":"https:\/\/www.europesays.com\/fr\/wp-json\/wp\/v2\/types\/post"}],"author":[{"embeddable":true,"href":"https:\/\/www.europesays.com\/fr\/wp-json\/wp\/v2\/users\/2"}],"replies":[{"embeddable":true,"href":"https:\/\/www.europesays.com\/fr\/wp-json\/wp\/v2\/comments?post=34611"}],"version-history":[{"count":0,"href":"https:\/\/www.europesays.com\/fr\/wp-json\/wp\/v2\/posts\/34611\/revisions"}],"wp:featuredmedia":[{"embeddable":true,"href":"https:\/\/www.europesays.com\/fr\/wp-json\/wp\/v2\/media\/3836"}],"wp:attachment":[{"href":"https:\/\/www.europesays.com\/fr\/wp-json\/wp\/v2\/media?parent=34611"}],"wp:term":[{"taxonomy":"category","embeddable":true,"href":"https:\/\/www.europesays.com\/fr\/wp-json\/wp\/v2\/categories?post=34611"},{"taxonomy":"post_tag","embeddable":true,"href":"https:\/\/www.europesays.com\/fr\/wp-json\/wp\/v2\/tags?post=34611"}],"curies":[{"name":"wp","href":"https:\/\/api.w.org\/{rel}","templated":true}]}}