{"id":346121,"date":"2025-08-26T21:44:10","date_gmt":"2025-08-26T21:44:10","guid":{"rendered":"https:\/\/www.europesays.com\/fr\/346121\/"},"modified":"2025-08-26T21:44:10","modified_gmt":"2025-08-26T21:44:10","slug":"defait-par-david-goffin-au-terme-dun-match-decousu-quentin-halys-a-nouveau-elimine-au-1er-tour-de-lus-open-lequipe","status":"publish","type":"post","link":"https:\/\/www.europesays.com\/fr\/346121\/","title":{"rendered":"D\u00e9fait par David Goffin au terme d&#039;un match d\u00e9cousu, Quentin Halys \u00e0 nouveau \u00e9limin\u00e9 au 1er tour de l&#039;US Open &#8211; L&#039;\u00c9quipe"},"content":{"rendered":"<ol>\n<li><a href=\"https:\/\/news.google.com\/rss\/articles\/CBMi7gFBVV95cUxQdkdiMFU4WXFfMk90LW1hRmpwTHBISy1ZczJoM2w4d212U2NvSFhoZG5TZTZPU0ZzMWV1Um1tSlN4QVBSb0lEbE1KbFQ5UGlndlQ3S3Rsa2FtSUx2Q0hIMlA2U0Y1cU9fWHpONUxxLXBNQ2RNUll6blRrY3pacTZQeDJuZjBrb0k1dERuOTh5LTI0N2tibmdFNXF5bHBSWVd4aWJCOHJhYjIxUUxPM0h5dFRfUUFtbE5yeGlGVzZvaU9MMFo5cHU1YWNZZVltUVJMVFQtWWdNUkljbFJoNWVnTVNQNW9lNFVfUVU2Zmln?oc=5\" target=\"_blank\" rel=\"nofollow noopener\">D\u00e9fait par David Goffin au terme d&rsquo;un match d\u00e9cousu, Quentin Halys \u00e0 nouveau \u00e9limin\u00e9 au 1er tour de l&rsquo;US Open<\/a>&nbsp;&nbsp;L&rsquo;\u00c9quipe<\/li>\n<li><a href=\"https:\/\/news.google.com\/rss\/articles\/CBMisAFBVV95cUxQcmhXem5FbXhiTXo2Zjg4OXFBT1g4RGJDaWFENXJ2a0o2Nnk4UmNtQU1oZ05yaTVOaFc5eFNSeHQtZ2VqNnNZOC1zVkdyNlhPWTIxbW02WWt5V2hSdk9XVHNZREVKeXNKRWFLWjRheHdwNnJsYjJvYTN4c2VNdkYwRzF5QkprYnE1ak5OZDktVk9HSTZ4amZaZ2ViYTEtQW9oQWIteC1DOGZkTnBjWm5pOQ?oc=5\" target=\"_blank\" rel=\"nofollow noopener\">David Goffin veut \u00e9viter un nouveau z\u00e9ro point\u00e9 en Grand Chelem<\/a>&nbsp;&nbsp;Le Soir<\/li>\n<li><a href=\"https:\/\/news.google.com\/rss\/articles\/CBMirAJBVV95cUxNcl9UZlJEcU0tcTVFN1gwTjY4c2FCWHdHVDdSWFYxZWtpcjVWWEVvbUFCNS12dEtSdmZjazNVTFhHZGhFV2hacmlHRVlQRlo0bWtLOUFJXzU0bEV6a1ZhaXczNUVpZmV4U0xIcUFWVXVmdWd4eVFNa2pWRTN4WmlHellUc2dCVk45b29rUXFQMnU4cXJCbUs1aWFVdmhKLVlVdmFIWTZQZGNzd0dPclY2ekxSNldKNWM1cUpsNTJZRmVUVjF5RF9SM3Rtdk5vMGRBYWluSUptYU1WMUJ6M2h4WmdJWVhZTnllVTMwOU1vTUlZNlBjMDlzNXBrOW8xZ1FPMkRZcS1ETFhkR1ZxSGpnSXRzNEhaS2xuMGNFRlVBWVR2VXp4UmJmcmVDUGc?oc=5\" target=\"_blank\" rel=\"nofollow noopener\">Avant l&rsquo;US Open, Steve Darcis se met en mode protecteur quand on parle de l&rsquo;\u00e9tat de forme de ce joueur : \u00ab\u00a0On l&rsquo;a d\u00e9j\u00e0 enterr\u00e9 dix fois\u00a0\u00bb<\/a>&nbsp;&nbsp;L&rsquo;Avenir<\/li>\n<li><a href=\"https:\/\/news.google.com\/rss\/articles\/CBMirwJBVV95cUxQR0tsQU9ldjB3ZnNqRkhzcnNPSXh0WVVYUzctX1dhcmxURFZET3VGTWxGQmllOFVhOHBDeUpwN3ZhcXhlZWlGZ1VmaGxhbHM3aGRmZzczajdSdFc1VEIzMkxuSjlDcUdPZXlFcGNGZ25OeTBxYzgzRk5PZjkwTE5NenRMREQ0U2tuaEJXUEZzVDZvVkk5cVJqVldINnQ3bVN6QUNuZktGSlEtMExuQXhnS2pBcGZpMGprWjYxWkZ2aERDel9SdVlsQTFtcUtyczBMeWJRWmYwY3k3RmZIUUMya2tzUnI5R3dYNWN5REo2UWUxb3l4dGFoNThldFNQcjVfQTlaczhPenVaVjl6clBWZE1wSjIxMDdqWFVSSXowdDN0ZE9JQUh3REl6Wm9CY3M?oc=5\" target=\"_blank\" rel=\"nofollow noopener\">Avant son 15e US Open, David Goffin se livre sur sa paternit\u00e9, son avenir en Coupe Davis et son \u00e9tat de forme : \u00ab\u00a0Je ne ferme pas la porte\u00a0\u00bb<\/a>&nbsp;&nbsp;DHnet<\/li>\n<li><a href=\"https:\/\/news.google.com\/rss\/articles\/CBMixgFBVV95cUxNRFNmSkp2MnZrOERaYnplRkN6VlVlbTlUMzVWSnUtOWJBQlFtaDJwTURDdHZlNE5wcktJWWtVc3pkLUdrQ09jU0QyYkhZQ2pKZ2ZmbDk5azVOY0V4UEZnMDd1ZnNOb3RSeDlKQ2dKSnRmZFp2U3pLVlUtekR0cmdSR0Q4X0tZY1JpY1l3RUpYR2paVFgzMFFEMnpzX3pkeGhJOW9SNXN3WWlJQ2FOSmNMd2p2aThMTWlKaFlLV2VSRWw3VlhuZHc?oc=5\" target=\"_blank\" rel=\"nofollow noopener\">US Open : David Goffin, tr\u00e8s solide, \u00e9carte le Fran\u00e7ais Quentin Halys et file au deuxi\u00e8me tour<\/a>&nbsp;&nbsp;RTBF<\/li>\n<\/ol>\n","protected":false},"excerpt":{"rendered":"D\u00e9fait par David Goffin au terme d&rsquo;un match d\u00e9cousu, Quentin Halys \u00e0 nouveau \u00e9limin\u00e9 au 1er tour de&hellip;\n","protected":false},"author":2,"featured_media":346122,"comment_status":"","ping_status":"","sticky":false,"template":"","format":"standard","meta":{"footnotes":""},"categories":[1415],"tags":[1011,27,60,1467],"class_list":{"0":"post-346121","1":"post","2":"type-post","3":"status-publish","4":"format-standard","5":"has-post-thumbnail","7":"category-tennis","8":"tag-fr","9":"tag-france","10":"tag-sports","11":"tag-tennis"},"share_on_mastodon":{"url":"https:\/\/pubeurope.com\/@fr\/115097256845751034","error":""},"_links":{"self":[{"href":"https:\/\/www.europesays.com\/fr\/wp-json\/wp\/v2\/posts\/346121","targetHints":{"allow":["GET"]}}],"collection":[{"href":"https:\/\/www.europesays.com\/fr\/wp-json\/wp\/v2\/posts"}],"about":[{"href":"https:\/\/www.europesays.com\/fr\/wp-json\/wp\/v2\/types\/post"}],"author":[{"embeddable":true,"href":"https:\/\/www.europesays.com\/fr\/wp-json\/wp\/v2\/users\/2"}],"replies":[{"embeddable":true,"href":"https:\/\/www.europesays.com\/fr\/wp-json\/wp\/v2\/comments?post=346121"}],"version-history":[{"count":0,"href":"https:\/\/www.europesays.com\/fr\/wp-json\/wp\/v2\/posts\/346121\/revisions"}],"wp:featuredmedia":[{"embeddable":true,"href":"https:\/\/www.europesays.com\/fr\/wp-json\/wp\/v2\/media\/346122"}],"wp:attachment":[{"href":"https:\/\/www.europesays.com\/fr\/wp-json\/wp\/v2\/media?parent=346121"}],"wp:term":[{"taxonomy":"category","embeddable":true,"href":"https:\/\/www.europesays.com\/fr\/wp-json\/wp\/v2\/categories?post=346121"},{"taxonomy":"post_tag","embeddable":true,"href":"https:\/\/www.europesays.com\/fr\/wp-json\/wp\/v2\/tags?post=346121"}],"curies":[{"name":"wp","href":"https:\/\/api.w.org\/{rel}","templated":true}]}}