{"id":346123,"date":"2025-08-26T21:45:14","date_gmt":"2025-08-26T21:45:14","guid":{"rendered":"https:\/\/www.europesays.com\/fr\/346123\/"},"modified":"2025-08-26T21:45:14","modified_gmt":"2025-08-26T21:45:14","slug":"maledon-retour-en-force-team-france-basket","status":"publish","type":"post","link":"https:\/\/www.europesays.com\/fr\/346123\/","title":{"rendered":"Maledon, retour en force | Team France Basket"},"content":{"rendered":"<p>Il \u00e9tait attendu comme le successeur de Tony Parker \u00e0 la m\u00e8ne. Champion d\u2019Europe U16, vice-champion du Monde U17, propuls\u00e9 chez les Bleus alors qu\u2019il n\u2019avait que 17 ans (septi\u00e8me joueur le plus jeune de l\u2019histoire), Th\u00e9o Maledon a ensuite connu quelques d\u00e9tours avant de revenir en force dans le concert du basket europ\u00e9en\u2026 et en s\u00e9lection. Et cette fois avec un statut radicalement diff\u00e9rent de celui qu\u2019il a connu lors de l\u2019EuroBasket 2022 (3 entr\u00e9es en jeu en 9 matches). Depuis, le jeune homme a clos (temporairement ?) un chapitre NBA qui l\u2019avait vu signer une saison rookie prometteuse avec un Thunder en reconstruction (10,1 pts en 27\u2019) avant de voir son r\u00f4le se r\u00e9duire et de naviguer ces deux derni\u00e8res saisons entre les Hornets, les Suns et la G-League.<\/p>\n<p>A l\u2019\u00e9t\u00e9 2024, \u00e0 23 ans seulement, Maledon a choisi de rentrer en Europe et n\u2019a pas tard\u00e9 \u00e0 confirmer que son talent n\u2019avait en rien disparu. \u00c9lu dans la All-Euroleague second team (17,0 pts, 4,6 pds), son passage \u00e0 l\u2019ASVEL l\u2019a remis sous la lumi\u00e8re et le Real Madrid s\u2019est empress\u00e9 d\u2019en faire son chef d\u2019orchestre pour la rentr\u00e9e. \u00ab\u00a0Cette ann\u00e9e j\u2019estime que j\u2019ai jou\u00e9 le meilleur basket de ma carri\u00e8re, m\u00eame par rapport \u00e0 OKC quand j\u2019avais un temps de jeu plus que correct. Ce que j\u2019ai fait n\u2019a rien \u00e0 voir\u00a0\u00bb, estime-t-il. <\/p>\n<p>Pr\u00e9sent lors de la pr\u00e9paration des Jeux Olympiques mais non retenu par Vincent Collet, le n\u00e9o-Madril\u00e8ne a fait son retour chez les Bleus en f\u00e9vrier dernier et s\u2019est pr\u00e9sent\u00e9 \u00e0 l\u2019INSEP le 29 juillet avec le r\u00f4le potentiel de meneur titulaire de la s\u00e9lection. \u00ab\u00a0Mais je ne pense pas avoir plus de pression que \u00e7a\u00a0\u00bb, balaie-t-il. \u00ab\u00a0Surtout apr\u00e8s ma saison avec l\u2019ASVEL. J\u2019aborde les choses un peu de la m\u00eame mani\u00e8re. Je me concentre sur ce qu\u2019il y a devant moi. Et puis en \u00c9quipe de France, les objectifs personnels il faut les mettre de c\u00f4t\u00e9.\u00a0\u00bb Le forfait de Matthew Strazel le place cependant face \u00e0 de lourdes responsabilit\u00e9s. Et \u00e0 Ath\u00e8nes, Th\u00e9o Maledon a parfaitement r\u00e9pondu aux attentes en \u00e9galant son record de points (16 avec un parfait 100% aux tirs comme aux lancers-francs) et en signant sa meilleure \u00e9valuation en s\u00e9lection (21). \u00ab\u00a0Th\u00e9o a \u00e9t\u00e9 tr\u00e8s efficace dans l\u2019agressivit\u00e9, le tir, la mise en place\u00a0\u00bb, juge Fr\u00e9d\u00e9ric Fauthoux. \u00ab\u00a0Si on veut aller loin il va falloir que les joueurs soient \u00e0 leur top niveau. On a des r\u00e9sultats quand les top joueurs sont bons.\u00a0\u00bb<\/p>\n<p>Deux semaines apr\u00e8s avoir jou\u00e9 les distributeurs (8 passes d\u00e9cisives en 15 minutes contre la Grande-Bretagne), Maledon a activ\u00e9 un autre registre contre la Gr\u00e8ce, preuve de sa nouvelle confiance en lui. \u00ab\u00a0En NBA, j\u2019ai continu\u00e9 \u00e0 progresser tout en attendant l\u2019opportunit\u00e9 de le montrer. Avec l\u2019ASVEL j\u2019ai pu retranscrire ce que je faisais \u00e0 l\u2019entra\u00eenement dans les matches. Ce que j\u2019ai pu vivre en EuroLeague m\u2019a beaucoup aid\u00e9. Notamment dans le leadership ou quand il fallait prendre des tirs clutch en fin de match.\u00a0\u00bb Plus puissant que jamais physiquement, tout en contr\u00f4le, le 34e choix de la draft NBA d\u00e9gage une impression de ma\u00eetrise qui valide ses choix de carri\u00e8re. \u00ab\u00a0Quelques joueurs m\u2019ont parl\u00e9 du fait de revenir\u00a0\u00bb, sourit-il. \u00ab\u00a0Le fait d\u2019avoir perform\u00e9 a permis d\u2019ouvrir les yeux de certaines personnes qui \u00e9taient dans ma situation.\u00a0\u00bb<\/p>\n","protected":false},"excerpt":{"rendered":"Il \u00e9tait attendu comme le successeur de Tony Parker \u00e0 la m\u00e8ne. Champion d\u2019Europe U16, vice-champion du Monde&hellip;\n","protected":false},"author":2,"featured_media":346124,"comment_status":"","ping_status":"","sticky":false,"template":"","format":"standard","meta":{"footnotes":""},"categories":[1414],"tags":[1465,1464,1011,27,60],"class_list":{"0":"post-346123","1":"post","2":"type-post","3":"status-publish","4":"format-standard","5":"has-post-thumbnail","7":"category-basket","8":"tag-basket","9":"tag-basketball","10":"tag-fr","11":"tag-france","12":"tag-sports"},"share_on_mastodon":{"url":"https:\/\/pubeurope.com\/@fr\/115097260884312738","error":""},"_links":{"self":[{"href":"https:\/\/www.europesays.com\/fr\/wp-json\/wp\/v2\/posts\/346123","targetHints":{"allow":["GET"]}}],"collection":[{"href":"https:\/\/www.europesays.com\/fr\/wp-json\/wp\/v2\/posts"}],"about":[{"href":"https:\/\/www.europesays.com\/fr\/wp-json\/wp\/v2\/types\/post"}],"author":[{"embeddable":true,"href":"https:\/\/www.europesays.com\/fr\/wp-json\/wp\/v2\/users\/2"}],"replies":[{"embeddable":true,"href":"https:\/\/www.europesays.com\/fr\/wp-json\/wp\/v2\/comments?post=346123"}],"version-history":[{"count":0,"href":"https:\/\/www.europesays.com\/fr\/wp-json\/wp\/v2\/posts\/346123\/revisions"}],"wp:featuredmedia":[{"embeddable":true,"href":"https:\/\/www.europesays.com\/fr\/wp-json\/wp\/v2\/media\/346124"}],"wp:attachment":[{"href":"https:\/\/www.europesays.com\/fr\/wp-json\/wp\/v2\/media?parent=346123"}],"wp:term":[{"taxonomy":"category","embeddable":true,"href":"https:\/\/www.europesays.com\/fr\/wp-json\/wp\/v2\/categories?post=346123"},{"taxonomy":"post_tag","embeddable":true,"href":"https:\/\/www.europesays.com\/fr\/wp-json\/wp\/v2\/tags?post=346123"}],"curies":[{"name":"wp","href":"https:\/\/api.w.org\/{rel}","templated":true}]}}