{"id":346125,"date":"2025-08-26T21:46:20","date_gmt":"2025-08-26T21:46:20","guid":{"rendered":"https:\/\/www.europesays.com\/fr\/346125\/"},"modified":"2025-08-26T21:46:20","modified_gmt":"2025-08-26T21:46:20","slug":"moto-gp-le-grand-prix-de-valence-annule-a-cause-des-inondations-incertitude-sur-la-fin-de-saison","status":"publish","type":"post","link":"https:\/\/www.europesays.com\/fr\/346125\/","title":{"rendered":"Moto GP. Le Grand Prix de Valence annul\u00e9 \u00e0 cause des inondations, incertitude sur la fin de saison"},"content":{"rendered":"<p>Valence devait accueillir la derni\u00e8re manche du championnat de Moto GP, du 15 au 17 novembre. La course est annul\u00e9e,\u00a0a annonc\u00e9 vendredi le promoteur du championnat,<a href=\"https:\/\/www.ledauphine.com\/environnement\/2024\/10\/31\/inondations-en-espagne-au-moins-95-morts-un-deuil-national-de-trois-jours-commence\" target=\"_blank\" rel=\"noopener\"> en raison des inondations meurtri\u00e8res qui ont touch\u00e9 le sud de l&rsquo;Espagne<\/a>. La catastrophe a fait au moins 205 morts et des dizaines de disparus, selon un dernier bilan.<\/p>\n<p>\u00ab Le MotoGP se tient aux c\u00f4t\u00e9s de la communaut\u00e9 de Valence apr\u00e8s les inondations d\u00e9vastatrices qui ont touch\u00e9 la r\u00e9gion. Nos pens\u00e9es vont \u00e0 toutes les victimes et \u00e0 ceux qui ont tout perdu \u00bb, indique le communiqu\u00e9 de Moto GP. \u00ab Apr\u00e8s avoir pes\u00e9 soigneusement l&rsquo;impact d&rsquo;une course de Moto GP \u00e0 Valence qui aurait lieu \u00e0 une autre date et la n\u00e9cessit\u00e9 de s&rsquo;assurer qu\u2019aucune ressource ne soit d\u00e9tourn\u00e9e des efforts de sauvetage du fait de la pr\u00e9sence du Moto GP, les organisateurs du championnat et les autorit\u00e9s locales ont \u00e9t\u00e9 oblig\u00e9es d&rsquo;annuler le Grand Prix de Valence 2024 \u00bb, poursuit-on de m\u00eame source.<\/p>\n<p>Une fin de saison incertaine<\/p>\n<p>Quid de la fin de saison ? Le championnat MotoGP est actuellement tr\u00e8s disput\u00e9 entre l&rsquo;Espagnol Jorge Martin et l&rsquo;Italien Francesco Bagnaia et le titre pourrait devoir attendre la derni\u00e8re manche pour \u00eatre attribu\u00e9. La 19e et avant-derni\u00e8re manche du championnat <a href=\"https:\/\/www.ledauphine.com\/sport\/2024\/11\/01\/bagnaia-realise-le-meilleur-temps-des-essais-qualificatifs-devant-martin\" target=\"_blank\" rel=\"noopener\">se dispute ce week-end en Malaisie<\/a>. Jorge Martin (Ducati-Pramac) compte 453 points et Francesco Bagnaia (Ducati) 436. L&rsquo;Espagnol peut \u00eatre titr\u00e9 d\u00e8s cette course ; sinon, il faudra attendre le 20e et dernier Grand Prix de la saison.\u00a0<\/p>\n<p>Un nouveau circuit sera annonc\u00e9 prochainement pour accueillir l&rsquo;ultime course de la saison \u00e0 une date qui sera \u00e9galement pr\u00e9cis\u00e9e ult\u00e9rieurement, a-t-on pr\u00e9cis\u00e9 de m\u00eame source. \u00ab Un nouveau site et de nouvelles dates seront annonc\u00e9s d\u00e8s qu&rsquo;ils auront \u00e9t\u00e9 confirm\u00e9es \u00bb, ajoute le Moto GP.<\/p>\n","protected":false},"excerpt":{"rendered":"Valence devait accueillir la derni\u00e8re manche du championnat de Moto GP, du 15 au 17 novembre. La course&hellip;\n","protected":false},"author":2,"featured_media":346126,"comment_status":"","ping_status":"","sticky":false,"template":"","format":"standard","meta":{"footnotes":""},"categories":[1413],"tags":[1976,107,1011,27,329,2839,1457,1456,517,1947,60],"class_list":{"0":"post-346125","1":"post","2":"type-post","3":"status-publish","4":"format-standard","5":"has-post-thumbnail","7":"category-moto","8":"tag-auto-moto","9":"tag-fil-info","10":"tag-fr","11":"tag-france","12":"tag-france-monde","13":"tag-inondations","14":"tag-moto","15":"tag-motocycle","16":"tag-sport","17":"tag-sport-national","18":"tag-sports"},"share_on_mastodon":{"url":"https:\/\/pubeurope.com\/@fr\/115097264711016468","error":""},"_links":{"self":[{"href":"https:\/\/www.europesays.com\/fr\/wp-json\/wp\/v2\/posts\/346125","targetHints":{"allow":["GET"]}}],"collection":[{"href":"https:\/\/www.europesays.com\/fr\/wp-json\/wp\/v2\/posts"}],"about":[{"href":"https:\/\/www.europesays.com\/fr\/wp-json\/wp\/v2\/types\/post"}],"author":[{"embeddable":true,"href":"https:\/\/www.europesays.com\/fr\/wp-json\/wp\/v2\/users\/2"}],"replies":[{"embeddable":true,"href":"https:\/\/www.europesays.com\/fr\/wp-json\/wp\/v2\/comments?post=346125"}],"version-history":[{"count":0,"href":"https:\/\/www.europesays.com\/fr\/wp-json\/wp\/v2\/posts\/346125\/revisions"}],"wp:featuredmedia":[{"embeddable":true,"href":"https:\/\/www.europesays.com\/fr\/wp-json\/wp\/v2\/media\/346126"}],"wp:attachment":[{"href":"https:\/\/www.europesays.com\/fr\/wp-json\/wp\/v2\/media?parent=346125"}],"wp:term":[{"taxonomy":"category","embeddable":true,"href":"https:\/\/www.europesays.com\/fr\/wp-json\/wp\/v2\/categories?post=346125"},{"taxonomy":"post_tag","embeddable":true,"href":"https:\/\/www.europesays.com\/fr\/wp-json\/wp\/v2\/tags?post=346125"}],"curies":[{"name":"wp","href":"https:\/\/api.w.org\/{rel}","templated":true}]}}