{"id":346127,"date":"2025-08-26T21:47:16","date_gmt":"2025-08-26T21:47:16","guid":{"rendered":"https:\/\/www.europesays.com\/fr\/346127\/"},"modified":"2025-08-26T21:47:16","modified_gmt":"2025-08-26T21:47:16","slug":"ekitike-cherki-kolo-muani-tolisso-les-dernieres-infos-avant-la-liste-de-deschamps","status":"publish","type":"post","link":"https:\/\/www.europesays.com\/fr\/346127\/","title":{"rendered":"Ekitike, Cherki, Kolo Muani, Tolisso\u2026 Les derni\u00e8res infos avant la liste de Deschamps"},"content":{"rendered":"<p>Didier Deschamps d\u00e9voile mercredi sa liste pour les rencontres de qualification \u00e0 la coupe du monde 2026 contre l\u2019Ukraine et l\u2019Islande. L\u2019heure ne semble pas \u00e0 l\u2019ouverture du groupe France.<\/p>\n<p class=\"fig-paragraph\">En poste depuis 2012,\u00a0<a href=\"http:\/\/www.lefigaro.fr\/sports\/football\/ligue-des-nations\/rever-d-une-nouvelle-coupe-du-monde-quels-sont-les-chantiers-de-deschamps-et-ses-bleus-20250609\" target=\"_blank\" data-fig-type=\"NewsFlash\" rel=\"noopener\" data-gtm-custom-categorie=\"navigation\" data-gtm-custom-action=\"crossclick\" data-gtm-custom-label=\"Contextuel\" data-gtm-event=\"customEventSPE\" data-fig-domain=\"LEFIGARO\">Didier Deschamps<\/a>\u00a0entame sa derni\u00e8re rentr\u00e9e \u00e0 la t\u00eate de l\u2019\u00e9quipe de France. Une saison qu\u2019il esp\u00e8re conclure avec les Bleus le plus loin possible \u00e0 la coupe du monde 2026 l\u2019\u00e9t\u00e9 prochain (11 juin-19 juillet). Avant cela, sa s\u00e9lection doit se qualifier pour le rendez-vous plan\u00e9taire et les hostilit\u00e9s d\u00e9butent en qualifications contre l\u2019Ukraine en Pologne le 5 septembre et face \u00e0 l\u2019Islande au Parc des Princes quatre jours plus tard.<\/p>\n<p>Pas le moment pour tester Ekitike\u00a0?<\/p>\n<p class=\"fig-paragraph\">Ce mercredi, \u00abDD\u00bb d\u00e9voile sa liste pour ce premier rendez-vous de l\u2019ann\u00e9e. Peu de surprises sont attendues au si\u00e8ge de la F\u00e9d\u00e9ration fran\u00e7aise de football \u00e0 14 heures. Ces derni\u00e8res heures, les regards se tournaient vers\u00a0<a href=\"http:\/\/www.lefigaro.fr\/sports\/football\/angleterre\/premier-league-en-video-ekitike-ne-s-arrete-plus-et-inscrit-son-troisieme-but-avec-liverpool-20250825\" target=\"_blank\" data-fig-type=\"NewsFlash\" rel=\"noopener\" data-gtm-custom-categorie=\"navigation\" data-gtm-custom-action=\"crossclick\" data-gtm-custom-label=\"Contextuel\" data-gtm-event=\"customEventSPE\" data-fig-domain=\"LEFIGARO\">Hugo Ekitike<\/a>, auteur de deux buts avec Liverpool depuis le d\u00e9but de la Premier League et d\u00e9bauch\u00e9 par les Reds cet \u00e9t\u00e9 contre 90 millions d\u2019euros. Selon nos informations, l\u2019ancien attaquant de PSG, suivi par le staff, ne devrait pas \u00eatre convoqu\u00e9. Encore trop t\u00f4t. Et surtout pas le moment pour ouvrir le groupe, \u00e0 un poste qui compte d\u00e9j\u00e0 Mbapp\u00e9, Demb\u00e9l\u00e9 et Thuram en solutions au poste de num\u00e9ro 9.<\/p>\n<p>                                    <a class=\"fig-a11y-skip a11y-hidden\" href=\"#fig-a11y-skip-main-inarticle\"><br \/>\n        Passer la publicit\u00e9<br \/>\n    <\/a><\/p>\n<p>Kolo Muani trop juste<\/p>\n<p class=\"fig-paragraph\">Dans un groupe de qualifications compos\u00e9 de quatre s\u00e9lections (l\u2019Azerba\u00efdjan), Didier Deschamps estime le moment peu opportun pour effectuer des essais. Randal Kolo Muani, qui n\u2019a pas jou\u00e9 une minute cette saison et est encore un joueur du Paris SG malgr\u00e9 l\u2019approche de la Juventus, semble trop juste pour \u00eatre de la partie. Dans le secteur offensif, Mbapp\u00e9, Demb\u00e9l\u00e9, Thuram, Olise, Dou\u00e9, Barcola et Cherki sont attendus \u00e0 Clairefontaine lundi.<\/p>\n<p>Tolisso devrait rester \u00e0 quai<\/p>\n<p class=\"fig-paragraph\">Au milieu de terrain, des questions se posent. Par rapport \u00e0 la liste de juin dernier (Tchouam\u00e9ni, Rabiot, Guendouzi, Kon\u00e9, Za\u00efre-Emery) et une 3e place obtenue au final Four de Ligue des nations (d\u00e9faite contre l\u2019Espagne, victoire face \u00e0 l\u2019Allemagne), le staff fera confiance \u00e0 Tchouam\u00e9ni, tandis que\u00a0<a href=\"http:\/\/www.lefigaro.fr\/sports\/football\/transferts\/mercato-l-ac-milan-accelere-pour-engager-adrien-rabiot-toujours-ecarte-a-marseille-20250826\" target=\"_blank\" data-fig-type=\"NewsFlash\" rel=\"noopener\" data-gtm-custom-categorie=\"navigation\" data-gtm-custom-action=\"crossclick\" data-gtm-custom-label=\"Contextuel\" data-gtm-event=\"customEventSPE\" data-fig-domain=\"LEFIGARO\">Rabiot<\/a>, embourb\u00e9 dans une situation critique \u00e0 l\u2019OM, devrait \u00eatre convoqu\u00e9. Guendouzi et Kon\u00e9 sont appr\u00e9ci\u00e9s pour leur r\u00f4le s\u00fbr et en dehors du terrain ces derniers mois et ont marqu\u00e9 des points dans l\u2019esprit de Deschamps. Des doutes demeurent quant \u00e0 la pr\u00e9sence de Za\u00efre-Emery cantonn\u00e9 \u00e0 un r\u00f4le de rempla\u00e7ant au PSG depuis des mois. Corentin Tolisso, brillant avec l\u2019OL, postule mais selon nos informations, pour des raisons diverses, ne devrait malgr\u00e9 tout pas \u00eatre retenu mercredi. Quid de N\u2019Golo Kant\u00e9, absent en Bleu depuis novembre 2024 et qui n\u2019a disput\u00e9 qu\u2019un match en Arabie saoudite jusqu\u2019\u00e0 maintenant\u00a0? Sa pr\u00e9sence serait une surprise.<\/p>\n<p class=\"fig-paragraph\">En d\u00e9fense, Saliba et Upamecano, absents en juin, seront de retour au c\u00f4t\u00e9 de Konat\u00e9 et sans doute Pavard chez les centraux. Sauf si le staff pr\u00e9f\u00e8re Kalulu ou Bad\u00e9 au Milanais. \u00c0 droite, Kound\u00e9 aussi effectuera son retour, avec Gusto, qui a marqu\u00e9 des points lors du dernier rassemblement. \u00c0 gauche, Digne r\u00e9pond aux attentes, tandis que des doutes entourent la pr\u00e9sence de Th\u00e9o Hernandez, qui a pr\u00e9f\u00e9r\u00e9 l\u2019argent de l\u2019Arabie saoudite \u00e0 Al-Hilal, aux challenges sportifs de l\u2019Europe. L\u2019ancien Milanais pourrait \u00eatre supplant\u00e9 par son fr\u00e8re, Lucas. Chez les gardiens, pas de changement \u00e0 attendre avec Maignan, Chevalier et Samba.<\/p>\n","protected":false},"excerpt":{"rendered":"Didier Deschamps d\u00e9voile mercredi sa liste pour les rencontres de qualification \u00e0 la coupe du monde 2026 contre&hellip;\n","protected":false},"author":2,"featured_media":346128,"comment_status":"","ping_status":"","sticky":false,"template":"","format":"standard","meta":{"footnotes":""},"categories":[1412],"tags":[20532,64,1451,1452,1453,1454,1455,1011,27,7157,3280,60],"class_list":{"0":"post-346127","1":"post","2":"type-post","3":"status-publish","4":"format-standard","5":"has-post-thumbnail","7":"category-f1","8":"tag-didier-deschamps","9":"tag-equipe-de-france","10":"tag-f1","11":"tag-formula-1","12":"tag-formula1","13":"tag-formule-1","14":"tag-formule1","15":"tag-fr","16":"tag-france","17":"tag-randal-kolo-muani","18":"tag-rayan-cherki","19":"tag-sports"},"share_on_mastodon":{"url":"https:\/\/pubeurope.com\/@fr\/115097268633085336","error":""},"_links":{"self":[{"href":"https:\/\/www.europesays.com\/fr\/wp-json\/wp\/v2\/posts\/346127","targetHints":{"allow":["GET"]}}],"collection":[{"href":"https:\/\/www.europesays.com\/fr\/wp-json\/wp\/v2\/posts"}],"about":[{"href":"https:\/\/www.europesays.com\/fr\/wp-json\/wp\/v2\/types\/post"}],"author":[{"embeddable":true,"href":"https:\/\/www.europesays.com\/fr\/wp-json\/wp\/v2\/users\/2"}],"replies":[{"embeddable":true,"href":"https:\/\/www.europesays.com\/fr\/wp-json\/wp\/v2\/comments?post=346127"}],"version-history":[{"count":0,"href":"https:\/\/www.europesays.com\/fr\/wp-json\/wp\/v2\/posts\/346127\/revisions"}],"wp:featuredmedia":[{"embeddable":true,"href":"https:\/\/www.europesays.com\/fr\/wp-json\/wp\/v2\/media\/346128"}],"wp:attachment":[{"href":"https:\/\/www.europesays.com\/fr\/wp-json\/wp\/v2\/media?parent=346127"}],"wp:term":[{"taxonomy":"category","embeddable":true,"href":"https:\/\/www.europesays.com\/fr\/wp-json\/wp\/v2\/categories?post=346127"},{"taxonomy":"post_tag","embeddable":true,"href":"https:\/\/www.europesays.com\/fr\/wp-json\/wp\/v2\/tags?post=346127"}],"curies":[{"name":"wp","href":"https:\/\/api.w.org\/{rel}","templated":true}]}}