{"id":346129,"date":"2025-08-26T21:48:11","date_gmt":"2025-08-26T21:48:11","guid":{"rendered":"https:\/\/www.europesays.com\/fr\/346129\/"},"modified":"2025-08-26T21:48:11","modified_gmt":"2025-08-26T21:48:11","slug":"vuelta-tour-despagne-mads-pedersen-on-sest-un-peu-manques-cest-comme-ca","status":"publish","type":"post","link":"https:\/\/www.europesays.com\/fr\/346129\/","title":{"rendered":"Vuelta. Tour d&rsquo;Espagne &#8211; Mads Pedersen : \u00abOn s&rsquo;est un peu manqu\u00e9s&#8230; c&rsquo;est comme \u00e7a\u00bb"},"content":{"rendered":"<p>Encore rat\u00e9 pour <strong>Mads Pedersen<\/strong>. Frustr\u00e9 par <strong><a href=\"https:\/\/www.cyclismactu.net\/..\/news-vuelta-route-tour-d-espagne-david-gaudu-porter-maillot-rouge-c-est-tres-symbolique-89808.html\" target=\"_blank\" rel=\"nofollow noopener\">David Gaudu<\/a><\/strong> (Groupama-FDJ) la veille, le Danois avait une nouvelle belle opportunit\u00e9 de s&rsquo;exprimer ce mardi sur une 4e \u00e9tape qui convenait parfaitement \u00e0 ses qualit\u00e9s sur le papier. Mais comme depuis le d\u00e9but de cette <strong>Vuelta<\/strong>, l&rsquo;ancien champion du monde ne semble pas aussi tranchant et inarr\u00eatable que sur le <strong>Giro<\/strong>, ne r\u00e9ussissant pas \u00e0 r\u00e9compenser le gros travail de son \u00e9quipe <strong>Lidl-Trek<\/strong> tout au long de la journ\u00e9e par une victoire. Se retrouvant seul dans ce final sinueux \u00e0 Voiron (France), <strong>Pedersen<\/strong>\u00a0a \u00e9t\u00e9 contraint de lancer de loin pour tenter de revenir sur l&rsquo;avant du peloton. Un effort qui lui a logiquement co\u00fbt\u00e9 cher, avec une 6e place finale sur la ligne. Seul petit lot de consolation, il s&#8217;empare du maillot vert de justesse avec 78 points au compteur, soit 2 de plus qu&rsquo;<strong>Ethan Vernon<\/strong> (Israel-Premier Tech).<\/p>\n<p>Vid\u00e9o &#8211; La r\u00e9action de Mads Pedersen, nouveau maillot vert Lire la suite de l&rsquo;article&#13;<\/p>\n<p>\u00a0<\/p>\n<p>&#13;<br \/>\n\u00ab\u00a0Si j&rsquo;avais la solution&#8230; Au moins, maintenant, on a le maillot vert\u00a0\u00bb&#13;<\/p>\n<p>\u00ab\u00a0Dans l&rsquo;ensemble, c&rsquo;\u00e9tait une tr\u00e8s bonne journ\u00e9e\u00a0\u00bb, pr\u00e9f\u00e9rait-il positiver lors de l&rsquo;interview protocolaire. \u00ab\u00a0Aujourd&rsquo;hui encore, les gars de l&rsquo;\u00e9quipe ont fait un travail incroyable, en se donnant beaucoup de mal pour laisser filer une petite \u00e9chapp\u00e9e et en contr\u00f4lant ensuite. Ensuite, bien s\u00fbr, le final est devenu tr\u00e8s mouvement\u00e9, et il n&rsquo;a pas \u00e9t\u00e9 facile de trouver le bon placement pour la t\u00eate de la course. On s&rsquo;est un peu manqu\u00e9s, et je me suis retrouv\u00e9 seul pendant le dernier kilom\u00e8tre. C&rsquo;\u00e9tait difficile d&rsquo;\u00eatre seul\u00a0et de bien g\u00e9rer le sprint, j&rsquo;ai d\u00fb partir de tr\u00e8s loin. C&rsquo;est comme \u00e7a et on continue \u00e0 courir apr\u00e8s la victoire.\u00a0\u00bb<\/p>\n<p>&#13;<\/p>\n<p>\u00ab\u00a0Au moins, maintenant, on a le maillot vert, et on va continuer \u00e0 se battre pour marquer plus de points. Si j&rsquo;avais la solution, on ferait les changements. Il faut garder \u00e0 l&rsquo;esprit qu&rsquo;au d\u00e9but du Giro, toutes ces \u00e9tapes o\u00f9 on \u00e9tait performants me convenaient \u00e0 100 %, \u00e0 moi ainsi qu&rsquo;\u00e0 l&rsquo;\u00e9quipe. Ce n&rsquo;est pas pareil ici, il est plus facile de faire une petite erreur qui aura un impact plus important sur le r\u00e9sultat. On continue \u00e0 essayer d&rsquo;obtenir la victoire. C&rsquo;est la premi\u00e8re fois que nous courons ensemble comme \u00e7a, il faut donc construire les fondations pour l&rsquo;avenir\u00a0\u00bb, a conclu <strong>Mads Pedersen<\/strong>.<\/p>\n<p>Tour d&rsquo;Espagne &#8211; Classement de la 4\u00e8 \u00e9tape Tour d&rsquo;Espagne &#8211; Classement g\u00e9n\u00e9ral provisoire apr\u00e8s la 4\u00e8 \u00e9tape<\/p>\n","protected":false},"excerpt":{"rendered":"Encore rat\u00e9 pour Mads Pedersen. Frustr\u00e9 par David Gaudu (Groupama-FDJ) la veille, le Danois avait une nouvelle belle&hellip;\n","protected":false},"author":2,"featured_media":346130,"comment_status":"","ping_status":"","sticky":false,"template":"","format":"standard","meta":{"footnotes":""},"categories":[1411],"tags":[1154,207,1011,27,209,60,3318,208],"class_list":{"0":"post-346129","1":"post","2":"type-post","3":"status-publish","4":"format-standard","5":"has-post-thumbnail","7":"category-cyclisme","8":"tag-cycling","9":"tag-cyclisme","10":"tag-fr","11":"tag-france","12":"tag-route","13":"tag-sports","14":"tag-tour-d","15":"tag-velo"},"share_on_mastodon":{"url":"https:\/\/pubeurope.com\/@fr\/115097272643200787","error":""},"_links":{"self":[{"href":"https:\/\/www.europesays.com\/fr\/wp-json\/wp\/v2\/posts\/346129","targetHints":{"allow":["GET"]}}],"collection":[{"href":"https:\/\/www.europesays.com\/fr\/wp-json\/wp\/v2\/posts"}],"about":[{"href":"https:\/\/www.europesays.com\/fr\/wp-json\/wp\/v2\/types\/post"}],"author":[{"embeddable":true,"href":"https:\/\/www.europesays.com\/fr\/wp-json\/wp\/v2\/users\/2"}],"replies":[{"embeddable":true,"href":"https:\/\/www.europesays.com\/fr\/wp-json\/wp\/v2\/comments?post=346129"}],"version-history":[{"count":0,"href":"https:\/\/www.europesays.com\/fr\/wp-json\/wp\/v2\/posts\/346129\/revisions"}],"wp:featuredmedia":[{"embeddable":true,"href":"https:\/\/www.europesays.com\/fr\/wp-json\/wp\/v2\/media\/346130"}],"wp:attachment":[{"href":"https:\/\/www.europesays.com\/fr\/wp-json\/wp\/v2\/media?parent=346129"}],"wp:term":[{"taxonomy":"category","embeddable":true,"href":"https:\/\/www.europesays.com\/fr\/wp-json\/wp\/v2\/categories?post=346129"},{"taxonomy":"post_tag","embeddable":true,"href":"https:\/\/www.europesays.com\/fr\/wp-json\/wp\/v2\/tags?post=346129"}],"curies":[{"name":"wp","href":"https:\/\/api.w.org\/{rel}","templated":true}]}}