{"id":346131,"date":"2025-08-26T21:49:11","date_gmt":"2025-08-26T21:49:11","guid":{"rendered":"https:\/\/www.europesays.com\/fr\/346131\/"},"modified":"2025-08-26T21:49:11","modified_gmt":"2025-08-26T21:49:11","slug":"la-coree-du-sud-inquiete-de-la-situation-de-kang-in","status":"publish","type":"post","link":"https:\/\/www.europesays.com\/fr\/346131\/","title":{"rendered":"La Cor\u00e9e du Sud inqui\u00e8te de la situation de Kang-In&#8230;"},"content":{"rendered":"<p><img width=\"642\" height=\"382\" src=\"https:\/\/www.europesays.com\/fr\/wp-content\/uploads\/2025\/08\/kang-in-lee-psg-2025.jpg\" class=\"attachment-jannah-image-post size-jannah-image-post wp-post-image\" alt=\"Kang-In Lee\" is_main_img=\"1\" decoding=\"async\" fetchpriority=\"high\"  \/><\/p>\n<p>Si <strong>Luis Enrique<\/strong> instaure un r\u00e9el turnover<br \/>\nau <strong>PSG<\/strong>, certains en payent logiquement le prix<br \/>\navec un temps de jeu r\u00e9duit et un r\u00f4le moindre dans la hi\u00e9rarchie.<br \/>\nAinsi, certaines nations s\u2019inqui\u00e8tent pour des \u00e9l\u00e9ments phares de<br \/>\nleurs rangs. 14<\/p>\n<p>Si <strong>Luis Enrique<\/strong> ne cesse d\u2019assurer qu\u2019il<br \/>\nn\u2019existe pas de onze type sous ses ordres au <strong><a href=\"https:\/\/canal-supporters.com\/\" target=\"_blank\" rel=\"noopener\">PSG<\/a><\/strong> en voulant<br \/>\ninstaurer un r\u00e9el turnover, certains joueurs ont un temps de jeu<br \/>\nbien r\u00e9duit en comparaison \u00e0 d\u2019autres. C\u2019est le cas de<br \/>\n<strong>Kang-In Lee<\/strong> qui au cours de la saison 2024 \u2013 2025<br \/>\na \u00e9t\u00e9 le 14e joueur le plus utilis\u00e9 par <strong>Luis<br \/>\nEnrique<\/strong> avec 2 458 minutes pass\u00e9es sur le pr\u00e9 en 49<br \/>\nrencontres toutes comp\u00e9titions confondues. Ainsi, son nom a souvent<br \/>\n\u00e9t\u00e9 cit\u00e9 sur le march\u00e9 des transferts pour un potentiel d\u00e9part.<br \/>\nCependant, le technicien espagnol et le club de la capitale<br \/>\nsemblent tout de m\u00eame compter sur le sud-Cor\u00e9en de 24 ans. Ainsi, \u00e0<br \/>\nquelques jours de la fermeture des portes du mercato,<br \/>\n<strong>Kang-In Lee<\/strong> devrait poursuivre avec le<br \/>\n<strong>Paris Saint-Germain<\/strong>, avec qui il est sous contrat<br \/>\njusqu\u2019en juin 2028. Cependant, si l\u2019histoire se poursuit entre les<br \/>\nchampions d\u2019Europe et leur num\u00e9ro 19, les inqui\u00e9tudes prennent de<br \/>\nl\u2019ampleur en <strong>Cor\u00e9e du Sud<\/strong>.<\/p>\n<p>En effet, le quotidien local SportsChosun titre<br \/>\n\u00ab\u00a0Lee Kang-in est-il un esclave du PSG ?\u00ab\u00a0. Dans<br \/>\nune ann\u00e9e de <strong>Coupe du Monde 2026<\/strong>, les suiveurs et<br \/>\nsupporters de la s\u00e9lection sud-Cor\u00e9enne s\u2019interrogent quant \u00e0 la<br \/>\nforme et au rythme de <strong>Kang-In Lee<\/strong>. Pour nos<br \/>\nconfr\u00e8res de Foot Mercato, le journaliste <strong>Nam<br \/>\nJang-hyun<\/strong> du Sports Dong-A a expliqu\u00e9 la<br \/>\nr\u00e9flexion qui s\u2019\u00e9paissit : \u00ab\u00a0Les m\u00e9dias et les fans<br \/>\ncor\u00e9ens se posent beaucoup de questions sur le fait de savoir si<br \/>\nLee Kang-in se voit offrir suffisamment d\u2019opportunit\u00e9s. C\u2019est<br \/>\nactuellement une saison de Coupe du Monde, ce qui suscite une<br \/>\ngrande inqui\u00e9tude quant au maintien du niveau de<br \/>\nperformance\u00ab\u00a0.<\/p>\n<\/p>\n<p>YouTube : <a href=\"https:\/\/www.youtube.com\/watch?v=b200ARvF_x0&amp;t=228s\" target=\"_blank\" rel=\"noopener\">Canal<br \/>\nSupporters Paris<\/a><\/p>\n","protected":false},"excerpt":{"rendered":"Si Luis Enrique instaure un r\u00e9el turnover au PSG, certains en payent logiquement le prix avec un temps&hellip;\n","protected":false},"author":2,"featured_media":346132,"comment_status":"","ping_status":"","sticky":false,"template":"","format":"standard","meta":{"footnotes":""},"categories":[1410],"tags":[81,5640,63,1011,27,5047,48218,30943,91,92,93,60,96],"class_list":{"0":"post-346131","1":"post","2":"type-post","3":"status-publish","4":"format-standard","5":"has-post-thumbnail","7":"category-football","8":"tag-canal-supporters","9":"tag-coree-du-sud","10":"tag-football","11":"tag-fr","12":"tag-france","13":"tag-kang-in-lee","14":"tag-kang-in-lee-psg","15":"tag-lee-psg","16":"tag-paris-saint-germain","17":"tag-paris-sg","18":"tag-psg","19":"tag-sports","20":"tag-une"},"share_on_mastodon":{"url":"https:\/\/pubeurope.com\/@fr\/115097277048963238","error":""},"_links":{"self":[{"href":"https:\/\/www.europesays.com\/fr\/wp-json\/wp\/v2\/posts\/346131","targetHints":{"allow":["GET"]}}],"collection":[{"href":"https:\/\/www.europesays.com\/fr\/wp-json\/wp\/v2\/posts"}],"about":[{"href":"https:\/\/www.europesays.com\/fr\/wp-json\/wp\/v2\/types\/post"}],"author":[{"embeddable":true,"href":"https:\/\/www.europesays.com\/fr\/wp-json\/wp\/v2\/users\/2"}],"replies":[{"embeddable":true,"href":"https:\/\/www.europesays.com\/fr\/wp-json\/wp\/v2\/comments?post=346131"}],"version-history":[{"count":0,"href":"https:\/\/www.europesays.com\/fr\/wp-json\/wp\/v2\/posts\/346131\/revisions"}],"wp:featuredmedia":[{"embeddable":true,"href":"https:\/\/www.europesays.com\/fr\/wp-json\/wp\/v2\/media\/346132"}],"wp:attachment":[{"href":"https:\/\/www.europesays.com\/fr\/wp-json\/wp\/v2\/media?parent=346131"}],"wp:term":[{"taxonomy":"category","embeddable":true,"href":"https:\/\/www.europesays.com\/fr\/wp-json\/wp\/v2\/categories?post=346131"},{"taxonomy":"post_tag","embeddable":true,"href":"https:\/\/www.europesays.com\/fr\/wp-json\/wp\/v2\/tags?post=346131"}],"curies":[{"name":"wp","href":"https:\/\/api.w.org\/{rel}","templated":true}]}}