{"id":346133,"date":"2025-08-26T21:50:12","date_gmt":"2025-08-26T21:50:12","guid":{"rendered":"https:\/\/www.europesays.com\/fr\/346133\/"},"modified":"2025-08-26T21:50:12","modified_gmt":"2025-08-26T21:50:12","slug":"mohamed-bouhafsi-hospitalise-durgence-alors-quil-doit-remplacer-anne-elisabeth-lemoine-dans-c-a-vous","status":"publish","type":"post","link":"https:\/\/www.europesays.com\/fr\/346133\/","title":{"rendered":"Mohamed Bouhafsi hospitalis\u00e9 d\u2019urgence alors qu\u2019il doit remplacer Anne-Elisabeth Lemoine dans \u00ab\u00a0C \u00e0 vous\u00a0\u00bb"},"content":{"rendered":"<p>      R\u00e9sum\u00e9<\/p>\n<p>Mohamed Bouhafsi a \u00e9t\u00e9 hospitalis\u00e9 en urgence juste avant la rentr\u00e9e de \u00ab\u00a0C \u00e0 vous\u00a0\u00bb, o\u00f9 il doit remplacer Anne-Elisabeth Lemoine \u00e0 partir de septembre.<\/p>\n<p>        Sommaire<\/p>\n<p>Une rentr\u00e9e repouss\u00e9e pour <a href=\"https:\/\/www.public.fr\/tag\/mohamed-bouhafsi\" target=\"_blank\" rel=\"noopener\">Mohamed Bouhafsi<\/a> ? Ce mardi 26 ao\u00fbt 2025, le journaliste de 33 ans a pris la parole sur son compte Instagram pour annoncer une mauvaise nouvelle. \u00c0 quelques jours du retour de <strong>\u00ab\u00a0C \u00e0 Vous\u00a0\u00bb<\/strong>, il a d\u00fb se rendre aux urgences pour se faire hospitaliser.\u00a0<\/p>\n<p>En esp\u00e9rant que cela n\u2019ait aucun impact sur son retour dans la quotidienne de France 5 dans laquelle son r\u00f4le va changer \u00e0 partir de la rentr\u00e9e. En effet, depuis 3 ans, Mohamed Bouhafsi, autrefois sp\u00e9cialiste du football sur RMC, officie en tant que chroniqueur dans la quotidienne de la Cinq.\u00a0<\/p>\n<p>Il consacrait la majorit\u00e9 de ses chroniques \u00e0 des enjeux sociaux et des dossiers d\u2019actualit\u00e9. Mais pour sa quatri\u00e8me ann\u00e9e sur le service public, le journaliste de 33 ans <a href=\"https:\/\/www.public.fr\/mohamed-bouhafsi-remplace-anne-elisabeth-lemoine-dans-c-a-vous-apres-la-nomination-son-long-message-qui-ne-laisse-aucune-place-au-doute\" target=\"_blank\" rel=\"noopener\">va modifier son r\u00f4le et son agenda<\/a>.\u00a0<\/p>\n<p>Changement de r\u00f4le pour Mohamed Bouhafsi \u00e0 la rentr\u00e9e sur France 5<\/p>\n<p>Bien qu\u2019il reste chez France T\u00e9l\u00e9visions, et que les t\u00e9l\u00e9spectateurs de <strong>\u00ab\u00a0C \u00e0 Vous\u00a0\u00bb<\/strong> vont pouvoir le retrouver au cours de la saison 2025\/2026, il n\u2019appara\u00eetra plus de mani\u00e8re quotidienne autour de la table d\u2019<a href=\"https:\/\/www.public.fr\/tag\/anne-elisabeth-lemoine\" target=\"_blank\" rel=\"noopener\">Anne-Elisabeth Lemoine<\/a>. Il a m\u00eame pris du gallon \u00e9tant donn\u00e9 qu\u2019il dirigera l\u2019animation du programme d\u00e8s le vendredi.<\/p>\n<p>En effet, Mohamed Bouhafsi remplacera <a href=\"https:\/\/vsd.fr\/tag\/anne-elisabeth-lemoine\/\" target=\"_blank\" rel=\"noopener\">Anne-Elisabeth Lemoine<\/a> le vendredi, ainsi que le week-end. Avec ce changement, le programme <strong>\u00ab\u00a0C l\u2019hebdo\u00a0\u00bb<\/strong>, pr\u00e9sent\u00e9 par Aur\u00e9lie Casse, tire sa r\u00e9v\u00e9rence pour laisser place \u00e0 version XXL de <strong>\u00ab\u00a0C \u00e0 Vous\u00a0\u00bb<\/strong>.\u00a0<\/p>\n<p>Le journaliste admis aux urgences<\/p>\n<p>Reste donc \u00e0 savoir si le journaliste va pouvoir assurer sa place vendredi 5 septembre 2025. Car, comme \u00e9voqu\u00e9, celui-ci <strong>vient d\u2019\u00eatre admis aux urgences<\/strong> comme il l\u2019a lui-m\u00eame annonc\u00e9 sur son compte Instagram.\u00a0<\/p>\n<p>Visiblement, le journaliste a tout de suite souhait\u00e9 rassurer sa communaut\u00e9. En effet, <strong>il affiche un large sourire sur le clich\u00e9 partag\u00e9<\/strong>, malgr\u00e9 le probl\u00e8me \u00e0 son doigt. Sur ladite photo, l\u2019acolyte d\u2019Anne-\u00c9lisabeth Lemoine appara\u00eet avec une charlotte bleue sur la t\u00eate et une blouse d\u2019h\u00f4pital. Lorsqu\u2019on se concentre sur le reste de la tenue, nous pouvons observer une \u00e9charpe autour autour du cou qui maintient sa main.\u00a0<\/p>\n<p>\u00ab\u00a0On a quand m\u00eame les meilleurs soignants du monde&#8230; Merci \u00e0 tous les soignants de la clinique des Peupliers pour leur bienveillance ce matin en urgence et plus particuli\u00e8rement au docteur R., fan de\u00a0C \u00e0 vous\u00a0\u00bb, a \u00e9crit Mohamed Bouhafsi en l\u00e9gende, visiblement bless\u00e9 au doigt.<\/p>\n<p><img loading=\"lazy\" decoding=\"async\" width=\"586\" height=\"1024\" src=\"data:image\/svg+xml,%3Csvg%20xmlns=\" http:=\"\" alt=\"Mohamed Bouhafsi hospitalis\u00e9 d\u2019urgence alors qu\u2019il doit remplacer Anne-Elisabeth Lemoine dans &quot;C \u00e0 vous&quot;\" data-lazy- data-lazy- data-lazy-src=\"https:\/\/www.europesays.com\/fr\/wp-content\/uploads\/2025\/08\/Capture-decran-2025-08-26-a-20.36.39-586x1024.jpg\"\/><\/p>\n<p>Instagram\/mohamedbouhafsi<\/p>\n<p>      Mentionn\u00e9s dans cet article<\/p>\n<p>      Sur le m\u00eame sujet<\/p>\n","protected":false},"excerpt":{"rendered":"R\u00e9sum\u00e9 Mohamed Bouhafsi a \u00e9t\u00e9 hospitalis\u00e9 en urgence juste avant la rentr\u00e9e de \u00ab\u00a0C \u00e0 vous\u00a0\u00bb, o\u00f9 il&hellip;\n","protected":false},"author":2,"featured_media":346134,"comment_status":"","ping_status":"","sticky":false,"template":"","format":"standard","meta":{"footnotes":""},"categories":[1359],"tags":[5631,20290,5632,20291,58,59,1011,27,4467,24618,973],"class_list":{"0":"post-346133","1":"post","2":"type-post","3":"status-publish","4":"format-standard","5":"has-post-thumbnail","7":"category-people","8":"tag-anne-elisabeth-lemoine","9":"tag-aurelie-casse","10":"tag-c-a-vous","11":"tag-c-lhebdo","12":"tag-divertissement","13":"tag-entertainment","14":"tag-fr","15":"tag-france","16":"tag-france-5","17":"tag-mohamed-bouhafsi","18":"tag-people"},"share_on_mastodon":{"url":"https:\/\/pubeurope.com\/@fr\/115097280421479837","error":""},"_links":{"self":[{"href":"https:\/\/www.europesays.com\/fr\/wp-json\/wp\/v2\/posts\/346133","targetHints":{"allow":["GET"]}}],"collection":[{"href":"https:\/\/www.europesays.com\/fr\/wp-json\/wp\/v2\/posts"}],"about":[{"href":"https:\/\/www.europesays.com\/fr\/wp-json\/wp\/v2\/types\/post"}],"author":[{"embeddable":true,"href":"https:\/\/www.europesays.com\/fr\/wp-json\/wp\/v2\/users\/2"}],"replies":[{"embeddable":true,"href":"https:\/\/www.europesays.com\/fr\/wp-json\/wp\/v2\/comments?post=346133"}],"version-history":[{"count":0,"href":"https:\/\/www.europesays.com\/fr\/wp-json\/wp\/v2\/posts\/346133\/revisions"}],"wp:featuredmedia":[{"embeddable":true,"href":"https:\/\/www.europesays.com\/fr\/wp-json\/wp\/v2\/media\/346134"}],"wp:attachment":[{"href":"https:\/\/www.europesays.com\/fr\/wp-json\/wp\/v2\/media?parent=346133"}],"wp:term":[{"taxonomy":"category","embeddable":true,"href":"https:\/\/www.europesays.com\/fr\/wp-json\/wp\/v2\/categories?post=346133"},{"taxonomy":"post_tag","embeddable":true,"href":"https:\/\/www.europesays.com\/fr\/wp-json\/wp\/v2\/tags?post=346133"}],"curies":[{"name":"wp","href":"https:\/\/api.w.org\/{rel}","templated":true}]}}