{"id":346137,"date":"2025-08-26T21:52:10","date_gmt":"2025-08-26T21:52:10","guid":{"rendered":"https:\/\/www.europesays.com\/fr\/346137\/"},"modified":"2025-08-26T21:52:10","modified_gmt":"2025-08-26T21:52:10","slug":"la-ballade-de-noel-onirik","status":"publish","type":"post","link":"https:\/\/www.europesays.com\/fr\/346137\/","title":{"rendered":"La ballade de No\u00ebl \u2013 Onirik"},"content":{"rendered":"<p>\t\t\t<img fetchpriority=\"high\" decoding=\"async\" width=\"353\" height=\"500\" src=\"https:\/\/www.europesays.com\/fr\/wp-content\/uploads\/2025\/08\/51evqis5x4L.jpg\" alt=\"\" class=\"wp-image-93213 size-full\"  \/><\/p>\n<p>Les romances (romans) de No\u00ebl sortent de plus en plus t\u00f4t (et \u00e7a nous plait) ! <\/p>\n<p>Retour du concept fort agr\u00e9able (une vraie torture si on ob\u00e9it sagement \u00e0 la r\u00e8gle du un chapitre par jour) du roman de l\u2019Avent  aux \u00e9ditions First avec l\u2019ouvrage de Camille Collaudin et Florine Le Richon!<\/p>\n<p><strong>Pr\u00e9sentation de l\u2019\u00e9diteur <\/strong><\/p>\n<p>Angie, une jeune d\u00e9coratrice de vitrines de No\u00ebl maladroite et fan d\u2019Harry Potter, se retrouve au c\u0153ur d\u2019une douce aventure qui pourrait bien changer sa vie. Ses efforts pour organiser les vitrines de No\u00ebl \u00e0 Bordeaux prennent un tour inattendu lorsqu\u2019elle croise la route de Vikash, un disquaire au charme solaire et \u00e0 l\u2019humour contagieux.<\/p>\n<p>Leur rencontre se transformera-t-elle en une histoire d\u2019amour, alors que leurs vies se croisent au moment o\u00f9 Angie se bat pour sauver le square de son enfance de la destruction ?\u00a0<\/p>\n<p>Sortie : 25 septembre 2025<br \/>Prix : 18,95 \u20ac<\/p>\n","protected":false},"excerpt":{"rendered":"Les romances (romans) de No\u00ebl sortent de plus en plus t\u00f4t (et \u00e7a nous plait) ! Retour du&hellip;\n","protected":false},"author":2,"featured_media":346138,"comment_status":"","ping_status":"","sticky":false,"template":"","format":"standard","meta":{"footnotes":""},"categories":[1357],"tags":[1379,58,59,1011,27,1380],"class_list":{"0":"post-346137","1":"post","2":"type-post","3":"status-publish","4":"format-standard","5":"has-post-thumbnail","7":"category-livres","8":"tag-books","9":"tag-divertissement","10":"tag-entertainment","11":"tag-fr","12":"tag-france","13":"tag-livres"},"share_on_mastodon":{"url":"https:\/\/pubeurope.com\/@fr\/115097288301717241","error":""},"_links":{"self":[{"href":"https:\/\/www.europesays.com\/fr\/wp-json\/wp\/v2\/posts\/346137","targetHints":{"allow":["GET"]}}],"collection":[{"href":"https:\/\/www.europesays.com\/fr\/wp-json\/wp\/v2\/posts"}],"about":[{"href":"https:\/\/www.europesays.com\/fr\/wp-json\/wp\/v2\/types\/post"}],"author":[{"embeddable":true,"href":"https:\/\/www.europesays.com\/fr\/wp-json\/wp\/v2\/users\/2"}],"replies":[{"embeddable":true,"href":"https:\/\/www.europesays.com\/fr\/wp-json\/wp\/v2\/comments?post=346137"}],"version-history":[{"count":0,"href":"https:\/\/www.europesays.com\/fr\/wp-json\/wp\/v2\/posts\/346137\/revisions"}],"wp:featuredmedia":[{"embeddable":true,"href":"https:\/\/www.europesays.com\/fr\/wp-json\/wp\/v2\/media\/346138"}],"wp:attachment":[{"href":"https:\/\/www.europesays.com\/fr\/wp-json\/wp\/v2\/media?parent=346137"}],"wp:term":[{"taxonomy":"category","embeddable":true,"href":"https:\/\/www.europesays.com\/fr\/wp-json\/wp\/v2\/categories?post=346137"},{"taxonomy":"post_tag","embeddable":true,"href":"https:\/\/www.europesays.com\/fr\/wp-json\/wp\/v2\/tags?post=346137"}],"curies":[{"name":"wp","href":"https:\/\/api.w.org\/{rel}","templated":true}]}}