{"id":346139,"date":"2025-08-26T21:53:11","date_gmt":"2025-08-26T21:53:11","guid":{"rendered":"https:\/\/www.europesays.com\/fr\/346139\/"},"modified":"2025-08-26T21:53:11","modified_gmt":"2025-08-26T21:53:11","slug":"laurent-ruquier-totalement-metamorphose-il-change-de-look","status":"publish","type":"post","link":"https:\/\/www.europesays.com\/fr\/346139\/","title":{"rendered":"Laurent Ruquier totalement m\u00e9tamorphos\u00e9, il change de look"},"content":{"rendered":"<p>\u00c0 61 ans, <strong>Laurent Ruquier<\/strong> se r\u00e9invente autant<br \/>\nsur le plan personnel que professionnel. Fra\u00eechement s\u00e9par\u00e9<br \/>\nd\u2019<strong>Hugo Manos<\/strong>, l\u2019animateur a confi\u00e9 dans<br \/>\nT\u00eatu qu\u2019il \u00e9tait de nouveau c\u00e9libataire et pr\u00eat \u00e0 ouvrir<br \/>\nson c\u0153ur \u00e0 de nouvelles rencontres. \u00ab Je suis sur le<br \/>\nmarch\u00e9 \u00bb, a-t-il d\u00e9clar\u00e9 avec humour, fid\u00e8le \u00e0 son esprit<br \/>\nmalicieux et \u00e0 sa capacit\u00e9 \u00e0 tourner les situations \u00e0 la d\u00e9rision.<br \/>\nCe regain d\u2019optimisme amoureux montre que, malgr\u00e9 les ann\u00e9es et les<br \/>\nexp\u00e9riences pass\u00e9es, le sexag\u00e9naire n\u2019a rien perdu de son<br \/>\nenthousiasme pour la vie et reste attentif \u00e0 ce que le futur<br \/>\npourrait lui r\u00e9server c\u00f4t\u00e9 c\u0153ur.<\/p>\n<p>Mais avant toute consid\u00e9ration romantique, l\u2019animateur se<br \/>\nconcentre sur ses projets professionnels. \u00c0 la rentr\u00e9e, il revient<br \/>\nsur la TNT avec une nouvelle \u00e9mission hebdomadaire intitul\u00e9e<br \/>\nChez Ruquier, diffus\u00e9e chaque samedi soir sur la cha\u00eene<br \/>\nT18. Toujours pr\u00eat \u00e0 se renouveler, <strong>il pr\u00e9pare ce programme<br \/>\navec la m\u00eame \u00e9nergie et le m\u00eame s\u00e9rieux qui l\u2019ont fait<br \/>\nconna\u00eetre<\/strong>, n\u2019h\u00e9sitant jamais \u00e0 relever de nouveaux<br \/>\nd\u00e9fis.<\/p>\n<p>Laurent Ruquier entre projets et confidences<\/p>\n<p>Laurent Ruquier continue d\u2019occuper une place majeure dans le<br \/>\npaysage m\u00e9diatique fran\u00e7ais. Il reste enqu\u00eateur dans Mask<br \/>\nSinger sur TF1, tout en animant Les Grosses<br \/>\nT\u00eates sur RTL depuis plus de dix ans. M\u00eame les \u00e9checs<br \/>\nn\u2019entament pas sa motivation : sa tentative \u00e0 BFM TV en<br \/>\nprime time n\u2019a pas \u00e9t\u00e9 couronn\u00e9e de succ\u00e8s, mais il relativise avec<br \/>\nhumour, affirmant : \u00ab C\u2019\u00e9tait un \u00e9chec, oui, mais j\u2019ai<br \/>\nessay\u00e9 \u00bb.<\/p>\n<p>Sur le plan personnel, la vie amoureuse de Laurent Ruquier a<br \/>\nconnu un tournant en mars 2025 avec <a href=\"https:\/\/www.melty.fr\/people\/hugo-manos-sans-detour-sur-sa-rupture-avec-laurent-ruquier-il-faut-quon-passe-a-autre-chose-2226032.html\" target=\"_blank\" rel=\"noopener\"><br \/>\nla fin de sa relation avec Hugo Manos<\/a>, <strong>officialis\u00e9e par<br \/>\nce dernier sur les r\u00e9seaux sociaux<\/strong>. Depuis, le natif du<br \/>\nHavre multiplie les sorties discr\u00e8tes et les rencontres<br \/>\nintrigantes, comme ce d\u00e9jeuner avec le <strong>DJ Tim<br \/>\nZouari<\/strong> immortalis\u00e9 en selfie : \u00ab Un d\u00e9jeuner tr\u00e8s<br \/>\nagr\u00e9able \u00bb. Dans T\u00eatu, il se confie sans d\u00e9tour sur<br \/>\nses doutes et son humour face \u00e0 la s\u00e9duction : \u00ab Je ne suis pas<br \/>\nun bon s\u00e9ducteur \u00bb et \u00ab Je suis peut-\u00eatre sur le march\u00e9,<br \/>\nmais je ne suis pas frais sur le march\u00e9 ! \u00bb. Malgr\u00e9 le temps<br \/>\nqui passe, il garde les pieds sur terre : \u00ab Dans ma t\u00eate, je<br \/>\nsuis toujours celui que je suis depuis tout petit : un \u00e9ternel<br \/>\ncomplex\u00e9. \u00bb<\/p>\n<p>\u00ab\u00a0Si vous avez des pr\u00e9tendants pour moi&#8230;\u00a0\u00bb<\/p>\n<p>Laurent Ruquier profite de sa s\u00e9r\u00e9nit\u00e9 retrouv\u00e9e pour savourer<br \/>\nles petits plaisirs du quotidien. Sa playlist de salle de bains<br \/>\nm\u00eale nostalgie et douceur de vivre, avec des titres de<br \/>\n<strong>Marie Lafor\u00eat<\/strong> et <strong>Isabelle Aubret<\/strong>.<br \/>\n\u00ab C\u2019est beau la vie \u00bb, confie-t-il en \u00e9voquant sa p\u00e9riode<br \/>\nactuelle, ajoutant avec malice : \u00ab Certains diront que c\u2019est<br \/>\nringard, mais je suis dans une p\u00e9riode de s\u00e9r\u00e9nit\u00e9 o\u00f9 j\u2019appr\u00e9cie la<br \/>\nvie. \u00bb M\u00eame des souvenirs sentimentaux, comme un parfum offert<br \/>\npar un ex, le font sourire et r\u00eaver : \u00ab J\u2019aimerais y revenir !<br \/>\nAu fianc\u00e9 aussi, d\u2019ailleurs\u2026 \u00bb<\/p>\n<p>C\u00f4t\u00e9 c\u0153ur, l\u2019animateur ne ferme aucune porte. Il lance m\u00eame un<br \/>\nclin d\u2019\u0153il \u00e0 ses pr\u00e9tendants potentiels : \u00ab Si vous avez des<br \/>\npr\u00e9tendants pour moi, il faut me les pr\u00e9senter ! \u00bb En<br \/>\nattendant de voir ce nouveau chapitre amoureux se dessiner, Laurent<br \/>\nRuquier continue de s\u00e9duire par son humour et sa bonne humeur et<br \/>\naussi&#8230; par <strong>son nouveau look<\/strong> !<\/p>\n<p>Laurent Ruquier surprend avec un<br \/>\nnouveau look<\/p>\n<p data-start=\"51\" data-end=\"486\">Lors de la rentr\u00e9e<br \/>\nde\u00a0Les Grosses T\u00eates\u00a0ce lundi 25 ao\u00fbt, un<br \/>\nextrait partag\u00e9 sur les r\u00e9seaux sociaux a rapidement attir\u00e9<br \/>\nl\u2019attention des internautes. Si la petite m\u00e9saventure de<br \/>\n<strong>Yoann Riou<\/strong> et sa chemise enflamm\u00e9e a fait sourire,<br \/>\nc\u2019est surtout le changement capillaire de Laurent Ruquier qui a<br \/>\nmarqu\u00e9 les esprits. L\u2019animateur a d\u00e9cid\u00e9 de se raser les cheveux,<br \/>\nprovoquant de nombreuses r\u00e9actions \u00e9tonn\u00e9es et amus\u00e9es parmi les<br \/>\nfans.<\/p>\n<p data-start=\"488\" data-end=\"951\" data-is-last-node=\"\" data-is-only-node=\"\">Les commentaires n\u2019ont pas tard\u00e9 \u00e0 fuser :<br \/>\ncertains s\u2019inqui\u00e8tent de sa nouvelle coiffure, d\u2019autres \u00e9voquent<br \/>\nm\u00eame <strong>une possible greffe de cheveux<\/strong> \u00e0 cause de la<br \/>\nligne droite sur son front : \u00ab Grosse greffe de cheveux \u00bb,<br \/>\n\u00ab la Turquie a encore frapp\u00e9 \u00bb. On se demande si Laurent<br \/>\nRuquier redoute la calvitie, <a href=\"https:\/\/www.melty.fr\/people\/louis-bodin-avoue-ne-pas-avoir-toujours-assume-sa-calvitie-ce-nest-pas-toujours-facile-2255530.html\" target=\"_blank\" rel=\"noopener\"><br \/>\n\u00e0 l\u2019image de Louis Bodin qui avait r\u00e9cemment avou\u00e9 ne pas l\u2019avoir<br \/>\ntoujours assum\u00e9e<\/a>.<\/p>\n","protected":false},"excerpt":{"rendered":"\u00c0 61 ans, Laurent Ruquier se r\u00e9invente autant sur le plan personnel que professionnel. Fra\u00eechement s\u00e9par\u00e9 d\u2019Hugo Manos,&hellip;\n","protected":false},"author":2,"featured_media":346140,"comment_status":"","ping_status":"","sticky":false,"template":"","format":"standard","meta":{"footnotes":""},"categories":[1356],"tags":[58,59,1011,27,1758,1759,252,1364],"class_list":{"0":"post-346139","1":"post","2":"type-post","3":"status-publish","4":"format-standard","5":"has-post-thumbnail","7":"category-television","8":"tag-divertissement","9":"tag-entertainment","10":"tag-fr","11":"tag-france","12":"tag-hugo-manos","13":"tag-laurent-ruquier","14":"tag-television","15":"tag-tv"},"share_on_mastodon":{"url":"https:\/\/pubeurope.com\/@fr\/115097292246452299","error":""},"_links":{"self":[{"href":"https:\/\/www.europesays.com\/fr\/wp-json\/wp\/v2\/posts\/346139","targetHints":{"allow":["GET"]}}],"collection":[{"href":"https:\/\/www.europesays.com\/fr\/wp-json\/wp\/v2\/posts"}],"about":[{"href":"https:\/\/www.europesays.com\/fr\/wp-json\/wp\/v2\/types\/post"}],"author":[{"embeddable":true,"href":"https:\/\/www.europesays.com\/fr\/wp-json\/wp\/v2\/users\/2"}],"replies":[{"embeddable":true,"href":"https:\/\/www.europesays.com\/fr\/wp-json\/wp\/v2\/comments?post=346139"}],"version-history":[{"count":0,"href":"https:\/\/www.europesays.com\/fr\/wp-json\/wp\/v2\/posts\/346139\/revisions"}],"wp:featuredmedia":[{"embeddable":true,"href":"https:\/\/www.europesays.com\/fr\/wp-json\/wp\/v2\/media\/346140"}],"wp:attachment":[{"href":"https:\/\/www.europesays.com\/fr\/wp-json\/wp\/v2\/media?parent=346139"}],"wp:term":[{"taxonomy":"category","embeddable":true,"href":"https:\/\/www.europesays.com\/fr\/wp-json\/wp\/v2\/categories?post=346139"},{"taxonomy":"post_tag","embeddable":true,"href":"https:\/\/www.europesays.com\/fr\/wp-json\/wp\/v2\/tags?post=346139"}],"curies":[{"name":"wp","href":"https:\/\/api.w.org\/{rel}","templated":true}]}}