{"id":34614,"date":"2025-04-18T18:02:08","date_gmt":"2025-04-18T18:02:08","guid":{"rendered":"https:\/\/www.europesays.com\/fr\/34614\/"},"modified":"2025-04-18T18:02:08","modified_gmt":"2025-04-18T18:02:08","slug":"le-recit-exclusif-de-nos-envoyes-speciaux-a-vladivostok-la-sentinelle-russe-du-pacifique-tournee-vers-la-chine","status":"publish","type":"post","link":"https:\/\/www.europesays.com\/fr\/34614\/","title":{"rendered":"Le r\u00e9cit exclusif de nos envoy\u00e9s sp\u00e9ciaux \u00e0 Vladivostok, la sentinelle russe du Pacifique tourn\u00e9e vers la Chine"},"content":{"rendered":"<p data-module=\"fig-standfirst\" data-context=\"@media (min-width:48em)\"><strong>GRAND REPORTAGE<\/strong> &#8211; Apr\u00e8s l\u2019invasion de l\u2019Ukraine et sa rupture avec l\u2019Occident, Moscou a renforc\u00e9 ses liens \u00e9conomiques avec P\u00e9kin. Dans cette ville portuaire au bord de la mer du Japon o\u00f9 transitent une bonne partie des \u00e9changes commerciaux, on vit d\u00e9sormais \u00e0 l\u2019heure chinoise.<\/p>\n<p class=\"fig-paragraph fig-paragraph--dropped\">Il se fait appeler Tolya (Anatole), son surnom en russe, et elle, Sonya. Tous deux sont Chinois\u00a0; lui est originaire de la r\u00e9gion de\u00a0<a href=\"http:\/\/www.lefigaro.fr\/gastronomie\/chine-nos-trois-restaurants-coups-de-coeur-a-decouvrir-a-shanghai-20250321\" target=\"_blank\" data-fig-type=\"Article\" rel=\"noopener\" data-gtm-custom-categorie=\"navigation\" data-gtm-custom-action=\"crossclick\" data-gtm-custom-label=\"Contextuel\" data-gtm-event=\"customEventSPE\" data-fig-domain=\"LEFIGARO\">Shangha\u00ef<\/a>, elle est de Chengdu, dans le Sichuan. Deux \u00e9tudiants attabl\u00e9s dans un restaurant chinois du quartier de Kita\u00ef-gorod, \u00e0 Vladivostok, dont le nom, Le Vieux Samovar, r\u00e9sume \u00e0 lui seul l\u2019alchimie unique de la capitale russe du Pacifique.<\/p>\n<p class=\"fig-paragraph fig-paragraph--dropped\">Une ville-monde b\u00e2tie aux confins du Vieux Continent, l\u00e0 o\u00f9 l\u2019Occident rattrape l\u2019Extr\u00eame-Orient. Une cit\u00e9 fa\u00e7onn\u00e9e par les d\u00e9fis et les affrontements majeurs des deux si\u00e8cles \u00e9coul\u00e9s, la conqu\u00eate du Far East russe, la lutte \u00e0 mort entre les \u00ab Rouges\u00a0\u00bb et les \u00ab Blancs\u00a0\u00bb. Un creuset o\u00f9 est venue se d\u00e9verser, au fil du temps, une humanit\u00e9 avide de conqu\u00eate ou, au contraire, r\u00e9duite \u00e0 l\u2019exil\u00a0: pionniers, trappeurs, p\u00eacheurs, chercheurs d\u2019or, aventuriers, soldats de nations et de l\u00e9gions diverses, b\u00e2tisseurs de chemins de fer, bannis du pouvoir tsariste et sovi\u00e9tique, encha\u00een\u00e9s du\u00a0<a href=\"http:\/\/www.lefigaro.fr\/international\/russie-le-musee-de-moscou-sur-l-histoire-du-goulag-ferme-temporairement-20241114\" target=\"_blank\" data-fig-type=\"NewsFlash\" rel=\"noopener\" data-gtm-custom-categorie=\"navigation\" data-gtm-custom-action=\"crossclick\" data-gtm-custom-label=\"Contextuel\" data-gtm-event=\"customEventSPE\" data-fig-domain=\"LEFIGARO\">goulag<\/a>\u2026 Et aussi tous les\u2026<\/p>\n<p class=\"fig-premium-paywall__infos\">\n        Cet article est r\u00e9serv\u00e9 aux abonn\u00e9s.        Il vous reste 94% \u00e0 d\u00e9couvrir.\n    <\/p>\n<p>                <img  data- alt=\"Le Figaro\" class=\"fig-img--complete fig-img\"\/><\/p>\n<p class=\"fig-premium-paywall__title\">Vous avez envie de lire la suite ?<\/p>\n<p class=\"fig-premium-paywall__subtitle\">D\u00e9bloquez tous les articles imm\u00e9diatement.<\/p>\n<p class=\"fig-premium-paywall__connect\">\n                D\u00e9j\u00e0 abonn\u00e9\u00a0?                <a class=\"fig-premium-paywall__connect-link\" href=\"https:\/\/connect.lefigaro.fr\/login?client=horizon_web&amp;type=main&amp;redirect_uri=https%3A%2F%2Fwww.lefigaro.fr%2Finternational%2Fle-recit-exclusif-de-nos-envoyes-speciaux-a-vladivostok-la-sentinelle-russe-du-pacifique-tournee-vers-la-chine-20250418\" data-js-gtm=\"{&quot;customCategorie&quot;: &quot;conversion&quot;, &quot;customAction&quot;: &quot;before_Landing_Connexion_paywall_auto&quot;, &quot;customLabel&quot;: &quot;bGVmaWdhcm8uZnJfXzFmMDFiODgyLWMxYWUtNjk1OC1iZmQ3LWJiZDc4YjY1MjQ3M19fQXJ0aWNsZQ==_Le r\u00e9cit exclusif de nos envoy\u00e9s sp\u00e9ciaux \u00e0 Vladivostok, la sentinelle russe du Pacifique tourn\u00e9e vers la Chine_624&quot;, &quot;customIDSPE&quot;: &quot;bGVmaWdhcm8uZnJfXzFmMDFiODgyLWMxYWUtNjk1OC1iZmQ3LWJiZDc4YjY1MjQ3M19fQXJ0aWNsZQ==&quot;, &quot;event&quot;: &quot;customEventSPE&quot;}\" target=\"_blank\" rel=\"noopener\"><br \/>\n                    Connectez-vous<br \/>\n                <\/a>\n            <\/p>\n","protected":false},"excerpt":{"rendered":"GRAND REPORTAGE &#8211; Apr\u00e8s l\u2019invasion de l\u2019Ukraine et sa rupture avec l\u2019Occident, Moscou a renforc\u00e9 ses liens \u00e9conomiques&hellip;\n","protected":false},"author":2,"featured_media":34615,"comment_status":"","ping_status":"","sticky":false,"template":"","format":"standard","meta":{"footnotes":""},"categories":[1591],"tags":[259,11,260,1887,14,261,12,11308,262,1885,1886,132],"class_list":{"0":"post-34614","1":"post","2":"type-post","3":"status-publish","4":"format-standard","5":"has-post-thumbnail","7":"category-russie","8":"tag-actualite-internationale","9":"tag-actualites","10":"tag-affaires-etrangeres","11":"tag-federation-de-russie","12":"tag-international","13":"tag-ministere-des-affaires-etrangeres","14":"tag-news","15":"tag-pacifique","16":"tag-politique-etrangere","17":"tag-russia","18":"tag-russian-federation","19":"tag-russie"},"share_on_mastodon":{"url":"https:\/\/pubeurope.com\/@fr\/114360283529638974","error":""},"_links":{"self":[{"href":"https:\/\/www.europesays.com\/fr\/wp-json\/wp\/v2\/posts\/34614","targetHints":{"allow":["GET"]}}],"collection":[{"href":"https:\/\/www.europesays.com\/fr\/wp-json\/wp\/v2\/posts"}],"about":[{"href":"https:\/\/www.europesays.com\/fr\/wp-json\/wp\/v2\/types\/post"}],"author":[{"embeddable":true,"href":"https:\/\/www.europesays.com\/fr\/wp-json\/wp\/v2\/users\/2"}],"replies":[{"embeddable":true,"href":"https:\/\/www.europesays.com\/fr\/wp-json\/wp\/v2\/comments?post=34614"}],"version-history":[{"count":0,"href":"https:\/\/www.europesays.com\/fr\/wp-json\/wp\/v2\/posts\/34614\/revisions"}],"wp:featuredmedia":[{"embeddable":true,"href":"https:\/\/www.europesays.com\/fr\/wp-json\/wp\/v2\/media\/34615"}],"wp:attachment":[{"href":"https:\/\/www.europesays.com\/fr\/wp-json\/wp\/v2\/media?parent=34614"}],"wp:term":[{"taxonomy":"category","embeddable":true,"href":"https:\/\/www.europesays.com\/fr\/wp-json\/wp\/v2\/categories?post=34614"},{"taxonomy":"post_tag","embeddable":true,"href":"https:\/\/www.europesays.com\/fr\/wp-json\/wp\/v2\/tags?post=34614"}],"curies":[{"name":"wp","href":"https:\/\/api.w.org\/{rel}","templated":true}]}}