{"id":346141,"date":"2025-08-26T21:54:11","date_gmt":"2025-08-26T21:54:11","guid":{"rendered":"https:\/\/www.europesays.com\/fr\/346141\/"},"modified":"2025-08-26T21:54:11","modified_gmt":"2025-08-26T21:54:11","slug":"mort-de-filip-nikolic-16-ans-apres-sa-disparition-lannonce-inattendue","status":"publish","type":"post","link":"https:\/\/www.europesays.com\/fr\/346141\/","title":{"rendered":"Mort de Filip Nikolic : 16 ans apr\u00e8s sa disparition, l\u2019annonce inattendue"},"content":{"rendered":"<p>      R\u00e9sum\u00e9<\/p>\n<p>Seize ans apr\u00e8s la mort de Filip Nikolic, TF1 diffuse un biopic et un documentaire pour retracer la vie et les combats personnels du chanteur embl\u00e9matique des 2be3.<\/p>\n<p>        Sommaire<\/p>\n<p>Comment \u00e9voquer les ann\u00e9es 90 et l\u2019\u00e8re des boysband sans parler des 2be3\u00a0? Le groupe \u00e9tait compos\u00e9 de trois amis d\u2019enfance\u00a0: Adel Kachermi, Franck Delay et<a href=\"https:\/\/www.public.fr\/tf1-prepare-un-biopic-sur-filip-nikolic-avec-deux-stars-dici-tout-commence-et-plus-belle-la-vie\" target=\"_blank\" rel=\"noopener\"> Filip Nikolic<\/a>. Et s\u2019ils ont tout rafl\u00e9 en 1997 avec la sortie de leur tube, Partir un jour, et leur premier opus, les beaux gosses ont mis fin \u00e0 leur carri\u00e8re musicale quelques ann\u00e9es plus tard en 2001.<\/p>\n<p>Mais de l\u00e0, Filip Nikolic a commenc\u00e9 \u00e0 sombrer et a perdu la vie le 16 septembre 2009 \u00e0 tout juste 35 ans. Il avait \u00e9t\u00e9 retrouv\u00e9 sans vie \u00e0 son domicile parisien suite \u00e0 un arr\u00eat cardiaque provoqu\u00e9 par une surdose de somnif\u00e8res. Tout au long de ses derni\u00e8res ann\u00e9es de vie, l\u2019artiste avait \u00e9t\u00e9 victime de nombreuses addictions entre alcool et drogue. Il a notamment connu une forte d\u00e9pression.<\/p>\n<p>Son avocat, Fran\u00e7ois Gibault, avait confi\u00e9 \u00e0 ce sujet\u00a0:<strong> \u00ab\u00a0Il s\u2019\u00e9tait notamment mis \u00e0 boire un petit peu, apr\u00e8s beaucoup. Il s\u2019\u00e9tait notamment mis \u00e0 boire un petit peu, puis apr\u00e8s beaucoup. Il avait \u00e9t\u00e9 hospitalis\u00e9 dans diverses cliniques psychiatriques. Peut-\u00eatre pas dix fois, mais pas loin\u00a0\u00bb.<\/strong><\/p>\n<p>Malgr\u00e9 les diff\u00e9rentes cures, Filip Nikolic n\u2019a jamais r\u00e9ussi \u00e0 rompre avec ses vieux d\u00e9mons. Un destin tragique pour celui qui avait fascin\u00e9 de nombreuses demoiselles \u00e0 l\u2019\u00e9poque.<\/p>\n<p>Filip Nikolic \u00e0 l&rsquo;honneur sur TF1<\/p>\n<p><strong>Le 15 septembre prochain, cela fera seize ans que Filip Nikolic nous a quitt\u00e9s<\/strong>. A cette occasion, TF1 a annonc\u00e9 la diffusion de son biopic, Filip. Les t\u00e9l\u00e9spectateurs pourront donc d\u00e9couvrir les coulisses de sa vie fascinante et le destin de cet homme qui a fini par enchainer les d\u00e9ceptions et les coups durs.<\/p>\n<p>Le film est adapt\u00e9 de\u00a0Filip, pour la vie, une biographie \u00e9crite par sa compagne, Val\u00e9rie Bourdin. Filip \u00e9voquera leur histoire d\u2019amour mais aussi la naissance de leur fille Sasha qui avait apport\u00e9 du bonheur dans son quotidien. Dans les r\u00f4les principaux, on retrouvera Mikael Mittelstadt et Sara Mortensen.<\/p>\n<p>Apr\u00e8s le biopic diffus\u00e9 \u00e0 partir de 21 heures 10,<a href=\"https:\/\/www.instagram.com\/p\/DN0cmWd1NaH\/?igsh=eTJ6bGo4bmp6MHZv\" target=\"_blank\" rel=\"noopener\"> TF1 continue la soir\u00e9e avec <strong>un <\/strong>documentaire in\u00e9dit<\/a> dans lequel de nombreux proches de Filip Nikolic partageront leurs anecdotes et souvenirs avec lui.<\/p>\n<p>      Mentionn\u00e9s dans cet article<\/p>\n<p>      Sur le m\u00eame sujet<\/p>\n<p>  <script async src=\"\/\/www.instagram.com\/embed.js\"><\/script><\/p>\n","protected":false},"excerpt":{"rendered":"R\u00e9sum\u00e9 Seize ans apr\u00e8s la mort de Filip Nikolic, TF1 diffuse un biopic et un documentaire pour retracer&hellip;\n","protected":false},"author":2,"featured_media":346142,"comment_status":"","ping_status":"","sticky":false,"template":"","format":"standard","meta":{"footnotes":""},"categories":[1355],"tags":[3038,58,59,1011,27,1361,873],"class_list":{"0":"post-346141","1":"post","2":"type-post","3":"status-publish","4":"format-standard","5":"has-post-thumbnail","7":"category-musique","8":"tag-2be3","9":"tag-divertissement","10":"tag-entertainment","11":"tag-fr","12":"tag-france","13":"tag-music","14":"tag-musique"},"share_on_mastodon":{"url":"https:\/\/pubeurope.com\/@fr\/115097296158022108","error":""},"_links":{"self":[{"href":"https:\/\/www.europesays.com\/fr\/wp-json\/wp\/v2\/posts\/346141","targetHints":{"allow":["GET"]}}],"collection":[{"href":"https:\/\/www.europesays.com\/fr\/wp-json\/wp\/v2\/posts"}],"about":[{"href":"https:\/\/www.europesays.com\/fr\/wp-json\/wp\/v2\/types\/post"}],"author":[{"embeddable":true,"href":"https:\/\/www.europesays.com\/fr\/wp-json\/wp\/v2\/users\/2"}],"replies":[{"embeddable":true,"href":"https:\/\/www.europesays.com\/fr\/wp-json\/wp\/v2\/comments?post=346141"}],"version-history":[{"count":0,"href":"https:\/\/www.europesays.com\/fr\/wp-json\/wp\/v2\/posts\/346141\/revisions"}],"wp:featuredmedia":[{"embeddable":true,"href":"https:\/\/www.europesays.com\/fr\/wp-json\/wp\/v2\/media\/346142"}],"wp:attachment":[{"href":"https:\/\/www.europesays.com\/fr\/wp-json\/wp\/v2\/media?parent=346141"}],"wp:term":[{"taxonomy":"category","embeddable":true,"href":"https:\/\/www.europesays.com\/fr\/wp-json\/wp\/v2\/categories?post=346141"},{"taxonomy":"post_tag","embeddable":true,"href":"https:\/\/www.europesays.com\/fr\/wp-json\/wp\/v2\/tags?post=346141"}],"curies":[{"name":"wp","href":"https:\/\/api.w.org\/{rel}","templated":true}]}}