{"id":346143,"date":"2025-08-26T21:55:10","date_gmt":"2025-08-26T21:55:10","guid":{"rendered":"https:\/\/www.europesays.com\/fr\/346143\/"},"modified":"2025-08-26T21:55:10","modified_gmt":"2025-08-26T21:55:10","slug":"pourquoi-il-faut-aller-voir-en-premiere-ligne-un-film-clinique-qui-agit-comme-un-coup-de-poing","status":"publish","type":"post","link":"https:\/\/www.europesays.com\/fr\/346143\/","title":{"rendered":"Pourquoi il faut aller voir \u00ab\u00a0En premi\u00e8re ligne\u00a0\u00bb, un film clinique qui agit comme un coup de poing"},"content":{"rendered":"<p>L&rsquo;histoire<\/p>\n<p>Floria (Leonie Benesch) est une infirmi\u00e8re d\u00e9vou\u00e9e qui fait face au rythme implacable d&rsquo;un <a href=\"https:\/\/www.laprovence.com\/article\/sante\/7437737213335714\/on-va-tous-peter-un-cable-epuises-les-urgentistes-de-digne-les-bains-arretent-les-heures-supplementaires\" target=\"_blank\" rel=\"noopener\">service hospitalier en sous-effectif<\/a>. En d\u00e9pit du manque de moyens, elle tente d&rsquo;apporter humanit\u00e9 et chaleur \u00e0 chacun de ses patients. Mais au fil des heures, les demandes se font de plus en plus pressantes, et malgr\u00e9 son professionnalisme, la situation commence dangereusement \u00e0 lui \u00e9chapper\u2026<\/p>\n<p>Notre avis<\/p>\n<p>Sc\u00e9nariste du film tout public\u00a0Heidi, Petra Biondina Volpe change totalement de registre et signe un film cousin \u00e0 la trilogie de St\u00e9phane Briz\u00e9 (La Loi du march\u00e9\u00a0\/\u00a0En guerre\u00a0\/\u00a0Un autre monde) ou \u00e0\u00a0Chronic\u00a0de Michel Franco. Cependant, il ne s&rsquo;agit pas de filmer <a href=\"https:\/\/www.laprovence.com\/article\/france-monde\/26964276963964\/vincent-lindon-la-fragilite-de-lhomme-en-colere-recompensee-a-venise\" target=\"_blank\" rel=\"noopener\">Vincent Lindon<\/a> en combattant du syst\u00e8me capitaliste ou Tim Roth en soignant \u00e0 domicile, mais de proposer une incursion dans un h\u00f4pital, histoire de pointer les d\u00e9rives du syst\u00e8me sanitaire.<\/p>\n<p>En temps r\u00e9el, le public suit le service d&rsquo;une infirmi\u00e8re qui n&rsquo;a de cesse d&rsquo;aller de chambre en chambre, en faisant preuve de compassion. \u00catre \u00e0 l&rsquo;\u00e9coute, appliquer les traitements, tenter aussi de se montrer r\u00e9confortante tout en g\u00e9rant sa fatigue et parfois sa vie priv\u00e9e, au t\u00e9l\u00e9phone. Capt\u00e9 comme un thriller, voire, comme le sugg\u00e8re le titre, comme un film de guerre, la proposition met constamment le spectateur sous pression.<\/p>\n<p>La performance de L\u00e9onie Benesch, actrice r\u00e9v\u00e9l\u00e9e adolescente dans\u00a0Le Ruban blanc\u00a0de Michael Haneke et remarqu\u00e9e ces derni\u00e8res ann\u00e9es dans\u00a0La Salle des profs\u00a0et\u00a05 septembre, est \u00e0 souligner tant elle apporte l&rsquo;intensit\u00e9 n\u00e9cessaire \u00e0 son personnage, toujours sur le fil. Un film clinique, donc, qui agit comme un coup de poing.<\/p>\n<p>La note : 3\/5<\/p>\n","protected":false},"excerpt":{"rendered":"L&rsquo;histoire Floria (Leonie Benesch) est une infirmi\u00e8re d\u00e9vou\u00e9e qui fait face au rythme implacable d&rsquo;un service hospitalier en&hellip;\n","protected":false},"author":2,"featured_media":346144,"comment_status":"","ping_status":"","sticky":false,"template":"","format":"standard","meta":{"footnotes":""},"categories":[1354],"tags":[17,7827,251,58,3026,59,8290,1346,1011,27,3052,1360,7555,3051,3840],"class_list":{"0":"post-346143","1":"post","2":"type-post","3":"status-publish","4":"format-standard","5":"has-post-thumbnail","7":"category-films","8":"tag-17","9":"tag-aller","10":"tag-culture","11":"tag-divertissement","12":"tag-en","13":"tag-entertainment","14":"tag-faut","15":"tag-films","16":"tag-fr","17":"tag-france","18":"tag-ligne","19":"tag-movies","20":"tag-pourquoi","21":"tag-premiere","22":"tag-voir"},"share_on_mastodon":{"url":"https:\/\/pubeurope.com\/@fr\/115097300137324356","error":""},"_links":{"self":[{"href":"https:\/\/www.europesays.com\/fr\/wp-json\/wp\/v2\/posts\/346143","targetHints":{"allow":["GET"]}}],"collection":[{"href":"https:\/\/www.europesays.com\/fr\/wp-json\/wp\/v2\/posts"}],"about":[{"href":"https:\/\/www.europesays.com\/fr\/wp-json\/wp\/v2\/types\/post"}],"author":[{"embeddable":true,"href":"https:\/\/www.europesays.com\/fr\/wp-json\/wp\/v2\/users\/2"}],"replies":[{"embeddable":true,"href":"https:\/\/www.europesays.com\/fr\/wp-json\/wp\/v2\/comments?post=346143"}],"version-history":[{"count":0,"href":"https:\/\/www.europesays.com\/fr\/wp-json\/wp\/v2\/posts\/346143\/revisions"}],"wp:featuredmedia":[{"embeddable":true,"href":"https:\/\/www.europesays.com\/fr\/wp-json\/wp\/v2\/media\/346144"}],"wp:attachment":[{"href":"https:\/\/www.europesays.com\/fr\/wp-json\/wp\/v2\/media?parent=346143"}],"wp:term":[{"taxonomy":"category","embeddable":true,"href":"https:\/\/www.europesays.com\/fr\/wp-json\/wp\/v2\/categories?post=346143"},{"taxonomy":"post_tag","embeddable":true,"href":"https:\/\/www.europesays.com\/fr\/wp-json\/wp\/v2\/tags?post=346143"}],"curies":[{"name":"wp","href":"https:\/\/api.w.org\/{rel}","templated":true}]}}