{"id":346150,"date":"2025-08-26T21:59:13","date_gmt":"2025-08-26T21:59:13","guid":{"rendered":"https:\/\/www.europesays.com\/fr\/346150\/"},"modified":"2025-08-26T21:59:13","modified_gmt":"2025-08-26T21:59:13","slug":"youtube-accuse-dappliquer-des-filtres-sous-ia-aux-contenus-des-utilisateurs","status":"publish","type":"post","link":"https:\/\/www.europesays.com\/fr\/346150\/","title":{"rendered":"YouTube accus\u00e9 d\u2019appliquer des filtres sous IA aux contenus des utilisateurs"},"content":{"rendered":"\n<p class=\"article__paragraph  \">D\u00e8s le mois de juin, les premiers avertissements inquiets commencent \u00e0 appara\u00eetre <a href=\"https:\/\/www.reddit.com\/r\/youtube\/comments\/1lllnse\/youtube_shorts_are_almost_certainly_being_ai\/\" target=\"_blank\" rel=\"noopener nofollow\" title=\"Nouvelle fen\u00eatre\">sur le forum Reddit<\/a>. Quelques cr\u00e9ateurs s\u2019alarment de l\u2019apparence des vid\u00e9os publi\u00e9es r\u00e9cemment sur YouTube\u00a0: certains y d\u00e9c\u00e8lent un effet \u00ab\u00a0peinture \u00e0 l\u2019huile\u00a0\u00bb, d\u2019autres un aspect \u00ab\u00a0plastique\u00a0\u00bb leur faisant penser \u00e0 la marque d\u2019un traitement par intelligence artificielle (IA).<\/p>\n<p class=\"article__paragraph  \">Toutefois, il faut attendre mercredi 20\u00a0ao\u00fbt, cette fois sur le r\u00e9seau social X, pour que le soup\u00e7on se confirme. En guise d\u2019exp\u00e9rimentation, l\u2019entreprise utilise bien un \u00ab\u00a0proc\u00e9d\u00e9 traditionnel de \u201cmachine learning\u201d [\u201capprentissage automatique\u201d] pour d\u00e9flouter, \u201cd\u00e9bruiter\u201d et am\u00e9liorer la clart\u00e9\u00a0\u00bb d\u2019une partie des \u00ab\u00a0shorts\u00a0\u00bb, les vid\u00e9os courtes et verticales de YouTube, r\u00e9v\u00e8le alors Rene Ritchie, charg\u00e9 pour YouTube des relations avec les cr\u00e9ateurs.<\/p>\n<p class=\"article__paragraph  \">En employant le vocable \u00ab\u00a0machine learning\u00a0\u00bb, la plateforme se garde d\u2019employer les termes \u00ab\u00a0intelligence artificielle\u00a0\u00bb, qui \u00e9voquent sans doute trop les IA g\u00e9n\u00e9ratives, outils apparus dans les ann\u00e9es 2020\u00a0et qui permettent de cr\u00e9er des vid\u00e9os de toutes pi\u00e8ces sur la base d\u2019une simple consigne textuelle. A l\u2019inverse, le \u00ab\u00a0machine learning\u00a0\u00bb peut passer pour une technologie plus traditionnelle, car il est employ\u00e9 dans le domaine de la vid\u00e9o depuis les ann\u00e9es 2010, notamment par les t\u00e9l\u00e9viseurs, afin d\u2019am\u00e9liorer leur qualit\u00e9 d\u2019image.<\/p>\n<p>                              Lire aussi |  Article r\u00e9serv\u00e9 \u00e0 nos abonn\u00e9s  <a href=\"https:\/\/www.lemonde.fr\/pixels\/article\/2025\/06\/06\/avec-veo-3-les-videos-generees-par-ia-deviennent-quasiment-impossibles-a-distinguer-des-vraies_6610867_4408996.html\" class=\"js-article-read-also catcher--favoris__link\" data-premium=\"1\" id=\"article-title-3424608\" rel=\"nofollow noopener\" target=\"_blank\">Avec Veo 3, les vid\u00e9os g\u00e9n\u00e9r\u00e9es par IA deviennent quasiment impossibles \u00e0 distinguer des vraies<\/a>    <\/p>\n<p>   Lire plus tard  <\/p>\n<p class=\"article__paragraph  \">Ce type d\u2019outil est pourtant bien une intelligence artificielle. Il partage m\u00eame avec les IA g\u00e9n\u00e9ratives des soubassements techniques communs\u00a0de sorte qu\u2019il ne serait pas surprenant que leurs signatures visuelles respectives puissent \u00eatre confondues.<\/p>\n<p>           Perte de confiance           <\/p>\n<p class=\"article__paragraph  \">C\u2019est la raison pour laquelle les nouveaux filtres de YouTube font craindre aux cr\u00e9ateurs des cons\u00e9quences n\u00e9gatives sur leur communaut\u00e9. \u00ab\u00a0J\u2019ai un \u00e9norme probl\u00e8me avec \u00e7a\u00a0\u00bb, r\u00e9agit ainsi Rhett Shull, youtubeur qui compte <a href=\"https:\/\/www.youtube.com\/watch?v=86nhP8tvbLY\" target=\"_blank\" rel=\"noopener nofollow\" title=\"Nouvelle fen\u00eatre\">pr\u00e8s de 750\u00a0000 abonn\u00e9s<\/a>. \u00ab\u00a0En ce moment, l\u2019IA est au c\u0153ur d\u2019un vif d\u00e9bat (\u2026). Des personnes sont farouchement hostiles \u00e0 cette technologie, \u00e0 cause de son impact environnemental\u00a0\u00bb et des questions de propri\u00e9t\u00e9 intellectuelle qu\u2019elle soul\u00e8ve, expliquait-il dans une vid\u00e9o publi\u00e9e vendredi 15\u00a0ao\u00fbt.<\/p>\n<p class=\"reading-mode-only \"><strong>Il vous reste 45.32% de cet article \u00e0 lire. La suite est r\u00e9serv\u00e9e aux abonn\u00e9s.<\/strong><\/p>\n","protected":false},"excerpt":{"rendered":"D\u00e8s le mois de juin, les premiers avertissements inquiets commencent \u00e0 appara\u00eetre sur le forum Reddit. Quelques cr\u00e9ateurs&hellip;\n","protected":false},"author":2,"featured_media":346151,"comment_status":"","ping_status":"","sticky":false,"template":"","format":"standard","meta":{"footnotes":""},"categories":[7],"tags":[1011,27,43,40,41,39,42,44],"class_list":{"0":"post-346150","1":"post","2":"type-post","3":"status-publish","4":"format-standard","5":"has-post-thumbnail","7":"category-sciences-et-technologies","8":"tag-fr","9":"tag-france","10":"tag-science","11":"tag-science-and-technology","12":"tag-sciences","13":"tag-sciences-et-technologies","14":"tag-technologies","15":"tag-technology"},"share_on_mastodon":{"url":"https:\/\/pubeurope.com\/@fr\/115097315822818971","error":""},"_links":{"self":[{"href":"https:\/\/www.europesays.com\/fr\/wp-json\/wp\/v2\/posts\/346150","targetHints":{"allow":["GET"]}}],"collection":[{"href":"https:\/\/www.europesays.com\/fr\/wp-json\/wp\/v2\/posts"}],"about":[{"href":"https:\/\/www.europesays.com\/fr\/wp-json\/wp\/v2\/types\/post"}],"author":[{"embeddable":true,"href":"https:\/\/www.europesays.com\/fr\/wp-json\/wp\/v2\/users\/2"}],"replies":[{"embeddable":true,"href":"https:\/\/www.europesays.com\/fr\/wp-json\/wp\/v2\/comments?post=346150"}],"version-history":[{"count":0,"href":"https:\/\/www.europesays.com\/fr\/wp-json\/wp\/v2\/posts\/346150\/revisions"}],"wp:featuredmedia":[{"embeddable":true,"href":"https:\/\/www.europesays.com\/fr\/wp-json\/wp\/v2\/media\/346151"}],"wp:attachment":[{"href":"https:\/\/www.europesays.com\/fr\/wp-json\/wp\/v2\/media?parent=346150"}],"wp:term":[{"taxonomy":"category","embeddable":true,"href":"https:\/\/www.europesays.com\/fr\/wp-json\/wp\/v2\/categories?post=346150"},{"taxonomy":"post_tag","embeddable":true,"href":"https:\/\/www.europesays.com\/fr\/wp-json\/wp\/v2\/tags?post=346150"}],"curies":[{"name":"wp","href":"https:\/\/api.w.org\/{rel}","templated":true}]}}