{"id":346156,"date":"2025-08-26T22:02:11","date_gmt":"2025-08-26T22:02:11","guid":{"rendered":"https:\/\/www.europesays.com\/fr\/346156\/"},"modified":"2025-08-26T22:02:11","modified_gmt":"2025-08-26T22:02:11","slug":"de-la-bretagne-a-la-cote-basque-les-images-de-la-houle-puissante-generee-par-lex-ouragan-erin","status":"publish","type":"post","link":"https:\/\/www.europesays.com\/fr\/346156\/","title":{"rendered":"De la Bretagne \u00e0 la c\u00f4te basque, les images de la houle puissante g\u00e9n\u00e9r\u00e9e par l\u2019ex-ouragan Erin"},"content":{"rendered":"<p>        <img decoding=\"async\" loading=\"lazy\" src=\"https:\/\/www.europesays.com\/fr\/wp-content\/uploads\/2025\/08\/b8fde9b_upload-1-pjewlz6oy1mj-000-72hw4zq.jpg\"  width=\"728\" height=\"409\" alt=\"Des gens regardent les grosses vagues, provoqu\u00e9es par une houle cyclonique caus\u00e9e par l\u2019ancien ouragan Erin et des coefficients de mar\u00e9e \u00e9lev\u00e9s, sur la plage de Lacanau, le 26\u00a0ao\u00fbt 2025.\"\/>  <\/p>\n<p>CHRISTOPHE ARCHAMBAULT \/ AFP<\/p>\n<p>Des gens regardent les grosses vagues, provoqu\u00e9es par une houle cyclonique caus\u00e9e par l\u2019ancien ouragan Erin et des coefficients de mar\u00e9e \u00e9lev\u00e9s, sur la plage de Lacanau, le 26\u00a0ao\u00fbt 2025.<\/p>\n<p class=\"asset asset-text\">M\u00c9T\u00c9O &#8211; Force de la nature. Une houle \u00ab\u00a0atypique\u00a0\u00bb pour l\u2019\u00e9t\u00e9 s\u2019est abattue ce mardi 26\u00a0ao\u00fbt sur le littoral atlantique avec des vagues d\u00e9passant les 6\u00a0m\u00e8tres de hauteur en <a href=\"https:\/\/www.huffingtonpost.fr\/faits-divers\/video\/les-images-de-l-impressionnant-crash-d-un-helicoptere-bombardier-d-eau-dans-le-finistere_253943.html\" rel=\"nofollow noopener\" target=\"_blank\">Bretagne <\/a>et sur la c\u00f4te basque. Un ph\u00e9nom\u00e8ne exceptionnel pour la saison qui a pouss\u00e9 plusieurs municipalit\u00e9s \u00e0 interdire l\u2019acc\u00e8s des plages aux vacanciers.<\/p>\n<p class=\"asset asset-text\">Cette \u00ab\u00a0puissante houle\u00a0\u00bb dite cyclonique, caus\u00e9e dans l\u2019Atlantique par<a href=\"https:\/\/www.huffingtonpost.fr\/environnement\/video\/ouragan-erin-ces-images-epoustouflantes-ont-litteralement-ete-tournees-dans-l-il-du-cyclone_253695.html\" rel=\"nofollow noopener\" target=\"_blank\"> l\u2019ex-ouragan Erin<\/a> qui a menac\u00e9 la c\u00f4te orientale des \u00c9tats-Unis la semaine derni\u00e8re, est renforc\u00e9e par de forts coefficients de mar\u00e9e. Une att\u00e9nuation est pr\u00e9vue mercredi.<\/p>\n<p class=\"asset asset-text\">Au total, M\u00e9t\u00e9o-France a plac\u00e9 mardi six d\u00e9partements en vigilance jaune vague-submersion\u00a0: C\u00f4tes-d\u2019Armor, Finist\u00e8re, Charente-Maritime, Gironde, Landes et Pyr\u00e9n\u00e9es-Atlantiques.<\/p>\n<p>    Des vagues de pr\u00e8s de 6 m\u00e8tres dans le Sud-Ouest    <\/p>\n<p class=\"asset asset-text\">\u00c0 18\u00a0h, une bou\u00e9e enregistrant la hauteur de la houle, situ\u00e9e 7 kilom\u00e8tres au large du Cap Ferret (Gironde), \u00ab\u00a0a mesur\u00e9 un maximum de 5,4 m\u00e8tres\u00a0\u00bb, a d\u00e9crit \u00e0 l\u2019AFP Laurent Perron, directeur interr\u00e9gional Sud-Ouest de M\u00e9t\u00e9o France. Par ailleurs, \u00ab\u00a0avec une p\u00e9riode de 17 secondes entre deux vagues, on a affaire \u00e0 une houle qui est tr\u00e8s \u00e9nerg\u00e9tique, et donc susceptible de faire des d\u00e9g\u00e2ts sur le littoral, sur le cordon dunaire ou les installations sur les plages. C\u2019est \u00e9norme et inhabituel pour cette saison\u00a0\u00bb, a assur\u00e9 le pr\u00e9visionniste.<\/p>\n<p> La lecture de ce contenu est susceptible d\u2019entra\u00eener un d\u00e9p\u00f4t de cookies de la part de l\u2019op\u00e9rateur tiers qui l\u2019h\u00e9berge. Compte-tenu des choix que vous avez exprim\u00e9s en mati\u00e8re de d\u00e9p\u00f4t de cookies, nous avons bloqu\u00e9 l\u2019affichage de ce contenu. Si vous souhaitez y acc\u00e9der, vous devez accepter la cat\u00e9gorie de cookies \u201cContenus tiers\u201d en cliquant sur le bouton ci-dessous. <\/p>\n<p> Lire la Vid\u00e9o            <\/p>\n<p class=\"asset asset-text\">Dans les Pyr\u00e9n\u00e9es-Atlantiques, des vagues de pr\u00e8s de 6 m\u00e8tres ont d\u00e9ferl\u00e9 sur les plages de Biarritz ou Biscarrosse. Face \u00e0 cet oc\u00e9an d\u00e9cha\u00een\u00e9, des surfeurs ont d\u00fb ranger leur planche, rapporte France 2\u00a0dans un reportage.<\/p>\n<p> La lecture de ce contenu est susceptible d\u2019entra\u00eener un d\u00e9p\u00f4t de cookies de la part de l\u2019op\u00e9rateur tiers qui l\u2019h\u00e9berge. Compte-tenu des choix que vous avez exprim\u00e9s en mati\u00e8re de d\u00e9p\u00f4t de cookies, nous avons bloqu\u00e9 l\u2019affichage de ce contenu. Si vous souhaitez y acc\u00e9der, vous devez accepter la cat\u00e9gorie de cookies \u201cContenus tiers\u201d en cliquant sur le bouton ci-dessous. <\/p>\n<p> Lire la Vid\u00e9o        <\/p>\n<p class=\"asset asset-text\">\u00c0 Biarritz, le drapeau rouge a \u00e9t\u00e9 hiss\u00e9 malgr\u00e9 la forte fr\u00e9quentation estivale. Vers 16\u00a0h\u00a030, les sauveteurs ont annonc\u00e9 par haut-parleur l\u2019\u00e9vacuation de la plage et de la promenade attenante, o\u00f9 se trouvaient des milliers de personnes.<\/p>\n<p class=\"asset asset-text\">Devant la plage centrale de la cit\u00e9 baln\u00e9aire, le casino et la piscine municipale ont \u00e9t\u00e9 prot\u00e9g\u00e9s par des sacs remplis de sable.<\/p>\n<p class=\"asset asset-text\">\u00ab\u00a0C\u2019est la premi\u00e8re fois que ce dispositif de vagues de submersion (&#8230;) est d\u00e9ploy\u00e9 en \u00e9t\u00e9\u00a0\u00bb, reconna\u00eet Michel Laborde, adjoint au maire charg\u00e9 du littoral. \u00ab\u00a0Et c\u2019est donc la premi\u00e8re fois qu\u2019on est confront\u00e9s \u00e0 autant de monde \u00e0 g\u00e9rer.\u00a0\u00bb<\/p>\n<p>    \u00ab\u00a0Ph\u00e9nom\u00e8ne magnifique\u00a0et spectaculaire\u00a0\u00bb    <\/p>\n<p class=\"asset asset-text\">\u00c0 Lacanau (Gironde), Virginie Camerari, \u00e9tait venue bronzer sur la plage car \u00ab\u00a0on ne pouvait faire que \u00e7a aujourd\u2019hui de toute fa\u00e7on en raison du drapeau rouge\u00a0\u00bb, avant de devoir remballer ses affaires. \u00ab\u00a0C\u2019est mont\u00e9 vite et du coup, on nous a demand\u00e9 d\u2019\u00e9vacuer. Mais c\u2019est beau \u00e0 voir\u00a0\u00bb, a soulign\u00e9 la vacanci\u00e8re.<\/p>\n<p> La lecture de ce contenu est susceptible d\u2019entra\u00eener un d\u00e9p\u00f4t de cookies de la part de l\u2019op\u00e9rateur tiers qui l\u2019h\u00e9berge. Compte-tenu des choix que vous avez exprim\u00e9s en mati\u00e8re de d\u00e9p\u00f4t de cookies, nous avons bloqu\u00e9 l\u2019affichage de ce contenu. Si vous souhaitez y acc\u00e9der, vous devez accepter la cat\u00e9gorie de cookies \u201cContenus tiers\u201d en cliquant sur le bouton ci-dessous. <\/p>\n<p> Lire la Vid\u00e9o            <\/p>\n<p class=\"asset asset-text\">Originaire du d\u00e9partement, Herv\u00e9 Keraval est venu avec son \u00e9pouse \u00ab\u00a0profiter du ph\u00e9nom\u00e8ne magnifique\u00a0et spectaculaire\u00a0\u00bb. \u00ab\u00a0C\u2019est la premi\u00e8re fois qu\u2019on voit des vagues aussi fortes l\u2019\u00e9t\u00e9. Le contraste est tr\u00e8s fort avec les conditions d\u2019hier matin, o\u00f9 il y avait tr\u00e8s peu de vagues\u00a0\u00bb, a-t-il relev\u00e9.<\/p>\n<p class=\"asset asset-text\">Dans la cit\u00e9 baln\u00e9aire, tout comme \u00e0 Mimizan ou Biscarrosse (Landes), la baignade et certaines activit\u00e9s nautiques ont \u00e9t\u00e9 interdites sur tout ou partie des plages. \u00ab\u00a0On a mis des panneaux d\u2019information interdiction de se baigner (&#8230;) et on a le Polaris (v\u00e9hicule des sauveteurs, NDLR) qui est l\u00e0-bas en train de faire de la pr\u00e9vention pour interdire aux gens d\u2019aller dans l\u2019eau\u00a0\u00bb, a expliqu\u00e9 \u00e0 l\u2019AFP Pierre Lafeuille, chef de poste de sauvetage de la plage centrale de Lacanau.<\/p>\n<p>    Le Finist\u00e8re    <\/p>\n<p class=\"asset asset-text\">En Bretagne, des vagues d\u00e9passant 6 m\u00e8tres ont aussi \u00e9t\u00e9 enregistr\u00e9es au large du Finist\u00e8re. <strong>Dans la vid\u00e9o ci-dessous<\/strong>, le port de Plouhinec\u00a0est frapp\u00e9 par la puissante houle faisant tanguer les bateaux amarr\u00e9s.<\/p>\n<p> La lecture de ce contenu est susceptible d\u2019entra\u00eener un d\u00e9p\u00f4t de cookies de la part de l\u2019op\u00e9rateur tiers qui l\u2019h\u00e9berge. Compte-tenu des choix que vous avez exprim\u00e9s en mati\u00e8re de d\u00e9p\u00f4t de cookies, nous avons bloqu\u00e9 l\u2019affichage de ce contenu. Si vous souhaitez y acc\u00e9der, vous devez accepter la cat\u00e9gorie de cookies \u201cContenus tiers\u201d en cliquant sur le bouton ci-dessous. <\/p>\n<p> Lire la Vid\u00e9o        <\/p>\n<p class=\"asset asset-text\">D\u2019apr\u00e8s l\u2019application Surf Sentinelles, cit\u00e9e par nos confr\u00e8res de la radio<a href=\"https:\/\/www.francebleu.fr\/infos\/meteo\/des-vagues-de-plus-de-6-metres-observees-au-large-du-finistere-4680059\" target=\"_blank\" rel=\"noopener nofollow\" title=\"Nouvelle fen\u00eatre\"> Ici Breizh Izel<\/a>, dans le sud du Finist\u00e8re, des vagues de quatre m\u00e8tres ont \u00e9t\u00e9 observ\u00e9es \u00e0 Ploz\u00e9vet et de 3,60\u00a0m\u00e8tres \u00e0 La Torche, spot de surf tr\u00e8s r\u00e9put\u00e9 et embl\u00e9matique de la r\u00e9gion.<\/p>\n<p class=\"asset asset-text\">\u00ab\u00a0Cela va baisser lentement cette nuit. On pourra avoir de nouveau une houle assez forte vendredi mais comme les coefficients de mar\u00e9e seront plus bas, le risque de submersion marine diminuera\u00a0\u00bb, a pr\u00e9cis\u00e9 Laurent Perron de M\u00e9t\u00e9o France.<\/p>\n<p> La lecture de ce contenu est susceptible d\u2019entra\u00eener un d\u00e9p\u00f4t de cookies de la part de l\u2019op\u00e9rateur tiers qui l\u2019h\u00e9berge. Compte-tenu des choix que vous avez exprim\u00e9s en mati\u00e8re de d\u00e9p\u00f4t de cookies, nous avons bloqu\u00e9 l\u2019affichage de ce contenu. Si vous souhaitez y acc\u00e9der, vous devez accepter la cat\u00e9gorie de cookies \u201cContenus tiers\u201d en cliquant sur le bouton ci-dessous. <\/p>\n<p> Lire la Vid\u00e9o        \u00c9rosion et risques pour la biodiversit\u00e9    <\/p>\n<p class=\"asset asset-text\">La pr\u00e9fecture maritime de l\u2019Atlantique (Premar) a \u00e9galement lanc\u00e9 un \u00ab\u00a0message de prudence\u00a0\u00bb face \u00e0 ce ph\u00e9nom\u00e8ne \u00ab\u00a0atypique\u00a0\u00bb en plein \u00e9t\u00e9, redoutant \u00ab\u00a0que les usagers de la mer sous-estiment la situation\u00a0\u00bb.<\/p>\n<p class=\"asset asset-text\">Sur ce littoral tr\u00e8s soumis \u00e0 l\u2019\u00e9rosion, perte de s\u00e9diments caus\u00e9 par les vents, les vagues et les mar\u00e9es, plages et dunes reculent chaque ann\u00e9e de plusieurs m\u00e8tres par endroits. Et ce ph\u00e9nom\u00e8ne naturel, autrefois limit\u00e9 \u00e0 l\u2019hiver, tend \u00e0 devenir permanent, par exemple sur la r\u00e9serve du banc d\u2019Arguin (Gironde), langue de sable longue de quatre kilom\u00e8tres \u00e0 l\u2019entr\u00e9e du bassin d\u2019Arcachon.<\/p>\n<p class=\"asset asset-text\">Cet \u00e9cosyst\u00e8me fragile o\u00f9 nichent de nombreux oiseaux, face \u00e0 la c\u00e9l\u00e8bre dune du Pilat, risque de souffrir de cet \u00e9pisode face \u00e0 \u00ab\u00a0la puissance des vagues\u00a0\u00bb, a pr\u00e9venu Beno\u00eet Dumeau, conservateur de la r\u00e9serve naturelle.<\/p>\n","protected":false},"excerpt":{"rendered":"CHRISTOPHE ARCHAMBAULT \/ AFP Des gens regardent les grosses vagues, provoqu\u00e9es par une houle cyclonique caus\u00e9e par l\u2019ancien&hellip;\n","protected":false},"author":2,"featured_media":346157,"comment_status":"","ping_status":"","sticky":false,"template":"","format":"standard","meta":{"footnotes":""},"categories":[4],"tags":[11,829,1011,27,2487,2357,12,46266,9203,25,35401],"class_list":{"0":"post-346156","1":"post","2":"type-post","3":"status-publish","4":"format-standard","5":"has-post-thumbnail","7":"category-france","8":"tag-actualites","9":"tag-bretagne","10":"tag-fr","11":"tag-france","12":"tag-meteo","13":"tag-meteo-france","14":"tag-news","15":"tag-ouragan","16":"tag-pays-basque","17":"tag-republique-francaise","18":"tag-vagues"},"share_on_mastodon":{"url":"https:\/\/pubeurope.com\/@fr\/115097328021422995","error":""},"_links":{"self":[{"href":"https:\/\/www.europesays.com\/fr\/wp-json\/wp\/v2\/posts\/346156","targetHints":{"allow":["GET"]}}],"collection":[{"href":"https:\/\/www.europesays.com\/fr\/wp-json\/wp\/v2\/posts"}],"about":[{"href":"https:\/\/www.europesays.com\/fr\/wp-json\/wp\/v2\/types\/post"}],"author":[{"embeddable":true,"href":"https:\/\/www.europesays.com\/fr\/wp-json\/wp\/v2\/users\/2"}],"replies":[{"embeddable":true,"href":"https:\/\/www.europesays.com\/fr\/wp-json\/wp\/v2\/comments?post=346156"}],"version-history":[{"count":0,"href":"https:\/\/www.europesays.com\/fr\/wp-json\/wp\/v2\/posts\/346156\/revisions"}],"wp:featuredmedia":[{"embeddable":true,"href":"https:\/\/www.europesays.com\/fr\/wp-json\/wp\/v2\/media\/346157"}],"wp:attachment":[{"href":"https:\/\/www.europesays.com\/fr\/wp-json\/wp\/v2\/media?parent=346156"}],"wp:term":[{"taxonomy":"category","embeddable":true,"href":"https:\/\/www.europesays.com\/fr\/wp-json\/wp\/v2\/categories?post=346156"},{"taxonomy":"post_tag","embeddable":true,"href":"https:\/\/www.europesays.com\/fr\/wp-json\/wp\/v2\/tags?post=346156"}],"curies":[{"name":"wp","href":"https:\/\/api.w.org\/{rel}","templated":true}]}}