{"id":346158,"date":"2025-08-26T22:03:14","date_gmt":"2025-08-26T22:03:14","guid":{"rendered":"https:\/\/www.europesays.com\/fr\/346158\/"},"modified":"2025-08-26T22:03:14","modified_gmt":"2025-08-26T22:03:14","slug":"une-nouvelle-dissolution-apres-un-depart-de-francois-bayrou-de-matignon-lelysee-entretient-lambiguite","status":"publish","type":"post","link":"https:\/\/www.europesays.com\/fr\/346158\/","title":{"rendered":"Une nouvelle dissolution apr\u00e8s un d\u00e9part de Fran\u00e7ois Bayrou de Matignon\u00a0? L\u2019\u00c9lys\u00e9e entretient l\u2019ambigu\u00eft\u00e9"},"content":{"rendered":"<p>        <img decoding=\"async\" loading=\"lazy\" src=\"https:\/\/www.europesays.com\/fr\/wp-content\/uploads\/2025\/08\/f03adc0_sirius-fs-upload-1-gytotezq4aeh-1746267261443-000-43dy9cp.jpg\"  width=\"728\" height=\"410\" alt=\"Emmanuel Macron photographi\u00e9 lors de son d\u00e9placement en Egypte le 24\u00a0avril (illustration)\"\/>  <\/p>\n<p>BENOIT TESSIER \/ AFP<\/p>\n<p>Emmanuel Macron photographi\u00e9 lors de son d\u00e9placement en Egypte le 24\u00a0avril (illustration)<\/p>\n<p class=\"asset asset-text\">POLITIQUE &#8211; La question pourrait tr\u00e8s vite revenir au c\u0153ur des d\u00e9bats. Alors que le sort de <a href=\"https:\/\/www.huffingtonpost.fr\/politique\/article\/francois-bayrou-se-lance-dans-une-operation-seduction-risquee-au-lendemain-de-son-pari-sur-la-confiance_254019.html\" target=\"_blank\" rel=\"noopener\">Fran\u00e7ois Bayrou<\/a> \u00e0 Matignon para\u00eet d\u00e9j\u00e0 bien compromis au lendemain de son annonce de solliciter un vote de confiance \u00e0 l\u2019Assembl\u00e9e nationale le 9\u00a0septembre prochain, l\u2019hypoth\u00e8se d\u2019une <a href=\"https:\/\/www.huffingtonpost.fr\/politique\/article\/une-dissolution-de-l-assemblee-apres-la-chute-de-francois-bayrou-voici-les-dates-possibles-des-elections-legislatives_254005.html\" target=\"_blank\" rel=\"noopener\">nouvelle dissolution<\/a> refait surface dans l\u2019opposition, mais aussi le camp pr\u00e9sidentiel.<\/p>\n<p class=\"asset asset-text\">Officiellement, Emmanuel Macron peut redissoudre l\u2019Assembl\u00e9e depuis le 8\u00a0juillet dernier, un an apr\u00e8s les \u00e9lections l\u00e9gislatives anticip\u00e9es. De l\u00e0 \u00e0 passer ce cap, lui qui avait reconnu lors de ses v\u0153ux pour le Nouvel An que \u00ab\u00a0la dissolution a apport\u00e9, pour le moment, davantage de divisions \u00e0 l\u2019Assembl\u00e9e que de solutions pour les Fran\u00e7ais\u00a0\u00bb, on en est encore tr\u00e8s loin.<\/p>\n<p class=\"asset asset-text\">Son entourage a ainsi indiqu\u00e9 \u00e0 <a href=\"https:\/\/www.bfmtv.com\/politique\/gouvernement\/direct-bientot-la-fin-du-gouvernement-bayrou-le-premier-ministre-va-se-soumettre-a-un-vote-de-confiance-le-8-septembre-la-gauche-et-le-rn-voteront-contre_LN-202508260071.html#article_417018\" target=\"_blank\" rel=\"noopener\" title=\"Nouvelle fen\u00eatre\">RMC<\/a> qu\u2019Emmanuel Macron reste \u00ab\u00a0toujours sur la m\u00eame position\u00a0\u00bb. \u00c0 savoir, que ce n\u2019est \u00ab\u00a0pas son souhait\u00a0\u00bb d\u2019y recourir&#8230; mais qu\u2019il \u00ab\u00a0ne se privera pas a priori d\u2019un pouvoir constitutionnel\u00a0\u00bb. Ces propos ambigus qui vont le sens des propos tenus par Fran\u00e7ois Bayrou ce mercredi matin devant les responsables du socle commun. \u00ab\u00a0Le Pr\u00e9sident ne la souhaite pas mais on ne peut jamais l\u2019exclure, tout est possible\u00a0\u00bb, a-t-il d\u00e9clar\u00e9, selon les informations de <a href=\"https:\/\/www.tf1info.fr\/politique\/direct-budget-2026-bayrou-abat-la-carte-du-vote-de-confiance-le-gouvernement-suspendu-a-un-fil-retailleau-organise-une-reunion-les-dernieres-informations-mardi-26-aout-2025-2390731.html\" target=\"_blank\" rel=\"noopener\" title=\"Nouvelle fen\u00eatre\">TF1-LCI<\/a>.<\/p>\n<p class=\"asset asset-text\">Aupr\u00e8s du HuffPost, l\u2019\u00c9lys\u00e9e relativise une quelconque \u00e9volution dans la pens\u00e9e du chef de l\u2019\u00c9tat, malgr\u00e9 le contexte et l\u2019annonce de Fran\u00e7ois Bayrou, en affirmant que \u00ab\u00a0c\u2019est juste ce que le pr\u00e9sident de la R\u00e9publique a toujours dit, et tout le temps\u00a0\u00bb.<\/p>\n<p class=\"asset asset-text\">Dans un entretien dans <a href=\"https:\/\/www.parismatch.com\/actu\/politique\/exclusif-je-veux-faire-respecter-la-verite-ukraine-calomnie-sur-brigitte-les-mises-au-point-demmanuel-macron-255751\" target=\"_blank\" rel=\"noopener\" title=\"Nouvelle fen\u00eatre\">Paris Match<\/a> publi\u00e9 il y a une semaine \u00e0 peine, Emmanuel Macron r\u00e9p\u00e9tait d\u2019ailleurs clairement \u00eatre oppos\u00e9 \u00e0 l\u2019id\u00e9e de redissoudre l\u2019Assembl\u00e9e. \u00ab\u00a0La dissolution, je l\u2019ai faite, je m\u2019en suis expliqu\u00e9. [&#8230;] Maintenant, en 2025, apr\u00e8s la dissolution, on a un Parlement qui refl\u00e8te les fractures du pays. C\u2019est aux responsables politiques de savoir travailler ensemble\u00a0\u00bb. Mais quelques lignes plus tard, le Pr\u00e9sident estimait que Fran\u00e7ois Bayrou avait \u00ab\u00a0les capacit\u00e9s pour tenir ce gouvernement qui n\u2019est pas habituel\u00a0\u00bb&#8230; Ce qui semble aujourd\u2019hui bien compromis.<\/p>\n<p>    \u00ab\u00a0Personne n\u2019en veut mais elle est inexorable\u00a0\u00bb    <\/p>\n<p class=\"asset asset-text\">Avant m\u00eame le vote de confiance sollicit\u00e9 par le Premier ministre, l\u2019opposition commence de toute fa\u00e7on d\u00e9j\u00e0 \u00e0 pr\u00e9parer la suite, avec l\u2019hypoth\u00e8se d\u2019une nouvelle dissolution plus ou moins clairement abord\u00e9e. C\u2019est le cas du c\u00f4t\u00e9 du Rassemblement national. \u00ab\u00a0Il n\u2019y a qu\u2019une seule possibilit\u00e9 pour sortir de cette impasse politique dans laquelle nous sommes, c\u2019est d\u2019en revenir aux urnes\u00a0\u00bb, a d\u00e9clar\u00e9 Jordan Bardella ce mercredi 26\u00a0ao\u00fbt sur TF1, appelant \u00e0 ce qu\u2019Emmanuel Macron prononce \u00ab\u00a0la dissolution de l\u2019Assembl\u00e9e nationale\u00a0\u00bb ou qu\u2019\u00ab\u00a0il remette sa d\u00e9mission\u00a0\u00bb.<\/p>\n<p class=\"asset asset-text\">\u00c0 gauche, le PS et les \u00c9cologistes se disent \u00ab\u00a0pr\u00eats\u00a0\u00bb \u00e0 prendre la suite du gouvernement Bayrou. Jean-Luc M\u00e9lenchon va m\u00eame plus loin, en affirmant qu\u2019Emmanuel Macron \u00ab\u00a0doit partir\u00a0\u00bb afin de \u00ab\u00a0[l\u2019]emp\u00eacher de nommer pour la troisi\u00e8me fois un Premier ministre qui ferait la m\u00eame politique\u00a0\u00bb. Signe que l\u2019hypoth\u00e8se d\u2019une dissolution est prise au s\u00e9rieux, Manuel Bompard, le coordinateur de LFI, a appel\u00e9 sur X \u00e0 aller s\u2019inscrire sur les listes \u00e9lectorales.<\/p>\n<p class=\"asset asset-text\">M\u00eame au sein du socle commun, certains commencent \u00e0 s\u2019interroger sur l\u2019hypoth\u00e8se de renvoyer de nouveau les Fran\u00e7ais au vote \u00e0 moins de deux ans de l\u2019\u00e9lection pr\u00e9sidentielle. \u00ab\u00a0Il vaut mieux pouvoir trouver un compromis avec les groupes politiques \u00e0 l\u2019Assembl\u00e9e. La dissolution co\u00fbte cher \u00e0 la France bien s\u00fbr, mais il ne faut pas \u00e9carter cette hypoth\u00e8se\u00a0\u00bb, a d\u00e9clar\u00e9 G\u00e9rald Darmanin ce mercredi matin sur France 2. \u00ab\u00a0Personne n\u2019en veut mais elle est inexorable\u00a0\u00bb, pr\u00e9dit aupr\u00e8s de l\u2019AFP un cadre du camp pr\u00e9sidentiel. La rentr\u00e9e politique s\u2019annonce des plus mouvement\u00e9es.<\/p>\n","protected":false},"excerpt":{"rendered":"BENOIT TESSIER \/ AFP Emmanuel Macron photographi\u00e9 lors de son d\u00e9placement en Egypte le 24\u00a0avril (illustration) POLITIQUE &#8211;&hellip;\n","protected":false},"author":2,"featured_media":346159,"comment_status":"","ping_status":"","sticky":false,"template":"","format":"standard","meta":{"footnotes":""},"categories":[2],"tags":[11,25020,1073,1011,27,431,8458,12,316],"class_list":{"0":"post-346158","1":"post","2":"type-post","3":"status-publish","4":"format-standard","5":"has-post-thumbnail","7":"category-actualites","8":"tag-actualites","9":"tag-dissolution","10":"tag-emmanuel-macron","11":"tag-fr","12":"tag-france","13":"tag-francois-bayrou","14":"tag-gouvernement-bayrou","15":"tag-news","16":"tag-politique"},"share_on_mastodon":{"url":"https:\/\/pubeurope.com\/@fr\/115097331481189871","error":""},"_links":{"self":[{"href":"https:\/\/www.europesays.com\/fr\/wp-json\/wp\/v2\/posts\/346158","targetHints":{"allow":["GET"]}}],"collection":[{"href":"https:\/\/www.europesays.com\/fr\/wp-json\/wp\/v2\/posts"}],"about":[{"href":"https:\/\/www.europesays.com\/fr\/wp-json\/wp\/v2\/types\/post"}],"author":[{"embeddable":true,"href":"https:\/\/www.europesays.com\/fr\/wp-json\/wp\/v2\/users\/2"}],"replies":[{"embeddable":true,"href":"https:\/\/www.europesays.com\/fr\/wp-json\/wp\/v2\/comments?post=346158"}],"version-history":[{"count":0,"href":"https:\/\/www.europesays.com\/fr\/wp-json\/wp\/v2\/posts\/346158\/revisions"}],"wp:featuredmedia":[{"embeddable":true,"href":"https:\/\/www.europesays.com\/fr\/wp-json\/wp\/v2\/media\/346159"}],"wp:attachment":[{"href":"https:\/\/www.europesays.com\/fr\/wp-json\/wp\/v2\/media?parent=346158"}],"wp:term":[{"taxonomy":"category","embeddable":true,"href":"https:\/\/www.europesays.com\/fr\/wp-json\/wp\/v2\/categories?post=346158"},{"taxonomy":"post_tag","embeddable":true,"href":"https:\/\/www.europesays.com\/fr\/wp-json\/wp\/v2\/tags?post=346158"}],"curies":[{"name":"wp","href":"https:\/\/api.w.org\/{rel}","templated":true}]}}