{"id":346160,"date":"2025-08-26T22:05:11","date_gmt":"2025-08-26T22:05:11","guid":{"rendered":"https:\/\/www.europesays.com\/fr\/346160\/"},"modified":"2025-08-26T22:05:11","modified_gmt":"2025-08-26T22:05:11","slug":"lucl-de-saint-etienne-fait-sa-rentree-%f0%9f%94%b4-info-libertaire-2","status":"publish","type":"post","link":"https:\/\/www.europesays.com\/fr\/346160\/","title":{"rendered":"L\u2019UCL de Saint-\u00c9tienne fait sa rentr\u00e9e \u2013 \ud83d\udd34 Info Libertaire"},"content":{"rendered":"<p>UNE RIPOSTE DE NOTRE CAMP !<\/p>\n<p>Le combat qui se pr\u00e9pare ne se r\u00e9glera pas en une journ\u00e9e et n\u00e9cessite l\u2019unit\u00e9 de notre camp social face aux int\u00e9r\u00eats de la bourgeoisie et \u00e0 l\u2019id\u00e9ologie n\u00e9o-lib\u00e9rale du gouvernement. Ne nous divisons pas autour des dates : faisons-en au contraire des \u00e9tapes d\u2019une riposte commune et d\u00e9termin\u00e9e. Faisons reculer le gouvernement, arrachons des avanc\u00e9es sociales l\u00e0 o\u00f9 c\u2019est possible : <strong>faisons bloc, faisons classe !<\/strong><\/p>\n<p>S\u2019ORGANISER SUR DES BASES COMMUNISTES LIBERTAIRES<\/p>\n<p>Le communisme libertaire propose une rupture radicale.<\/p>\n<p>Une soci\u00e9t\u00e9 reposant sur l\u2019<strong>autogestion<\/strong>, la <strong>socialisation des moyens de production<\/strong> et l\u2019<strong>action collective<\/strong>.<\/p>\n<p>Une lutte anti-imp\u00e9rialiste et internationale, refusant les rivalit\u00e9s d\u2019\u00c9tats et la domination des peuples.<\/p>\n<p>En bref, la mise en place d\u2019un pouvoir populaire qui mettra <strong>fin au capitalisme<\/strong>, et aux syst\u00e8mes de dominations racistes et patriarcaux, pour que se construise une soci\u00e9t\u00e9 \u00e9galitaire et socialiste.<\/p>\n<p>REJOINS-NOUS<\/p>\n<p>Chacun\u00b7e se reconnaissant dans le projet politique port\u00e9 par l\u2019UCL est le\u00b7a bienvenue, l\u2019exp\u00e9rience militante s\u2019acqui\u00e8re avec le temps et des formations.<\/p>\n<p>Alors que tu sois \u00e9tudiant\u00b7e, ouvrier\u00b7\u00e8, militant\u00b7e chevronn\u00e9\u00b7e, retrait\u00e9\u00b7e, <strong>tu as toute ta place dans notre groupe local<\/strong>.<\/p>\n<p>R\u00c9UNION DE RENTR\u00c9E<\/p>\n<p>Venez nous rencontrer le temps d\u2019une soir\u00e9e pour discuter de l\u2019actualit\u00e9 (locale, nationale, et internationale), et pr\u00e9parer ensemble les mobilisations \u00e0 venir.<\/p>\n<p>QUAND ?<\/p>\n<p>RDV le <strong>jeudi 4 septembre \u00e0 18h30<\/strong> pour environ 2h<\/p>\n<p>O\u00d9 ?<\/p>\n<p>\u00e0 <strong>La Cale<\/strong> (Amicale La\u00efque du Cr\u00eat de Roch), 20 rue Royet \u00e0 Saint-\u00c9tienne.<\/p>\n","protected":false},"excerpt":{"rendered":"UNE RIPOSTE DE NOTRE CAMP ! Le combat qui se pr\u00e9pare ne se r\u00e9glera pas en une journ\u00e9e&hellip;\n","protected":false},"author":2,"featured_media":346161,"comment_status":"","ping_status":"","sticky":false,"template":"","format":"standard","meta":{"footnotes":""},"categories":[9653],"tags":[1111,11,2430,1777,674,1011,27,12,25,4001],"class_list":{"0":"post-346160","1":"post","2":"type-post","3":"status-publish","4":"format-standard","5":"has-post-thumbnail","7":"category-saint-etienne","8":"tag-actu","9":"tag-actualites","10":"tag-auvergne-rhone-alpes","11":"tag-eu","12":"tag-europe","13":"tag-fr","14":"tag-france","15":"tag-news","16":"tag-republique-francaise","17":"tag-saint-etienne"},"share_on_mastodon":{"url":"https:\/\/pubeurope.com\/@fr\/115097339391829533","error":""},"_links":{"self":[{"href":"https:\/\/www.europesays.com\/fr\/wp-json\/wp\/v2\/posts\/346160","targetHints":{"allow":["GET"]}}],"collection":[{"href":"https:\/\/www.europesays.com\/fr\/wp-json\/wp\/v2\/posts"}],"about":[{"href":"https:\/\/www.europesays.com\/fr\/wp-json\/wp\/v2\/types\/post"}],"author":[{"embeddable":true,"href":"https:\/\/www.europesays.com\/fr\/wp-json\/wp\/v2\/users\/2"}],"replies":[{"embeddable":true,"href":"https:\/\/www.europesays.com\/fr\/wp-json\/wp\/v2\/comments?post=346160"}],"version-history":[{"count":0,"href":"https:\/\/www.europesays.com\/fr\/wp-json\/wp\/v2\/posts\/346160\/revisions"}],"wp:featuredmedia":[{"embeddable":true,"href":"https:\/\/www.europesays.com\/fr\/wp-json\/wp\/v2\/media\/346161"}],"wp:attachment":[{"href":"https:\/\/www.europesays.com\/fr\/wp-json\/wp\/v2\/media?parent=346160"}],"wp:term":[{"taxonomy":"category","embeddable":true,"href":"https:\/\/www.europesays.com\/fr\/wp-json\/wp\/v2\/categories?post=346160"},{"taxonomy":"post_tag","embeddable":true,"href":"https:\/\/www.europesays.com\/fr\/wp-json\/wp\/v2\/tags?post=346160"}],"curies":[{"name":"wp","href":"https:\/\/api.w.org\/{rel}","templated":true}]}}