{"id":346165,"date":"2025-08-26T22:11:11","date_gmt":"2025-08-26T22:11:11","guid":{"rendered":"https:\/\/www.europesays.com\/fr\/346165\/"},"modified":"2025-08-26T22:11:11","modified_gmt":"2025-08-26T22:11:11","slug":"montpellier-commemore-le-81e-anniversaire-de-sa-liberation","status":"publish","type":"post","link":"https:\/\/www.europesays.com\/fr\/346165\/","title":{"rendered":"Montpellier comm\u00e9more le 81e anniversaire de sa Lib\u00e9ration"},"content":{"rendered":"<p>Michael Delafosse, maire de Montpellier, a insist\u00e9 sur ce \u00ab\u00a0travail de m\u00e9moire\u00a0\u00bb\u00a0que porte la municipalit\u00e9. \u00ab\u00a0Nous avons enfin fait apparaitre les noms des victimes civiles des bombardements de Montpellier au moment de la Lib\u00e9ration\u00a0\u00bb, a-t-il d\u00e9clar\u00e9. Au parc Ren\u00e9-Dumont, une st\u00e8le porte d\u00e9sormais ces noms, tandis que de nouvelles recherches ont permis de retrouver d\u2019autres figures longtemps oubli\u00e9es. Parmi elles, le p\u00e8re Pr\u00e9vost, montpelli\u00e9rain connu pour avoir cach\u00e9 des enfants juifs, notamment aux c\u00f4t\u00e9s de Sabine Zlatin, r\u00e9sistante juive fran\u00e7aise.<\/p>\n","protected":false},"excerpt":{"rendered":"Michael Delafosse, maire de Montpellier, a insist\u00e9 sur ce \u00ab\u00a0travail de m\u00e9moire\u00a0\u00bb\u00a0que porte la municipalit\u00e9. \u00ab\u00a0Nous avons enfin&hellip;\n","protected":false},"author":2,"featured_media":346166,"comment_status":"","ping_status":"","sticky":false,"template":"","format":"standard","meta":{"footnotes":""},"categories":[9599],"tags":[1111,11,1777,674,1011,27,2208,12,2680,25],"class_list":{"0":"post-346165","1":"post","2":"type-post","3":"status-publish","4":"format-standard","5":"has-post-thumbnail","7":"category-montpellier","8":"tag-actu","9":"tag-actualites","10":"tag-eu","11":"tag-europe","12":"tag-fr","13":"tag-france","14":"tag-montpellier","15":"tag-news","16":"tag-occitanie","17":"tag-republique-francaise"},"share_on_mastodon":{"url":"https:\/\/pubeurope.com\/@fr\/115097363005466661","error":""},"_links":{"self":[{"href":"https:\/\/www.europesays.com\/fr\/wp-json\/wp\/v2\/posts\/346165","targetHints":{"allow":["GET"]}}],"collection":[{"href":"https:\/\/www.europesays.com\/fr\/wp-json\/wp\/v2\/posts"}],"about":[{"href":"https:\/\/www.europesays.com\/fr\/wp-json\/wp\/v2\/types\/post"}],"author":[{"embeddable":true,"href":"https:\/\/www.europesays.com\/fr\/wp-json\/wp\/v2\/users\/2"}],"replies":[{"embeddable":true,"href":"https:\/\/www.europesays.com\/fr\/wp-json\/wp\/v2\/comments?post=346165"}],"version-history":[{"count":0,"href":"https:\/\/www.europesays.com\/fr\/wp-json\/wp\/v2\/posts\/346165\/revisions"}],"wp:featuredmedia":[{"embeddable":true,"href":"https:\/\/www.europesays.com\/fr\/wp-json\/wp\/v2\/media\/346166"}],"wp:attachment":[{"href":"https:\/\/www.europesays.com\/fr\/wp-json\/wp\/v2\/media?parent=346165"}],"wp:term":[{"taxonomy":"category","embeddable":true,"href":"https:\/\/www.europesays.com\/fr\/wp-json\/wp\/v2\/categories?post=346165"},{"taxonomy":"post_tag","embeddable":true,"href":"https:\/\/www.europesays.com\/fr\/wp-json\/wp\/v2\/tags?post=346165"}],"curies":[{"name":"wp","href":"https:\/\/api.w.org\/{rel}","templated":true}]}}