{"id":346167,"date":"2025-08-26T22:12:11","date_gmt":"2025-08-26T22:12:11","guid":{"rendered":"https:\/\/www.europesays.com\/fr\/346167\/"},"modified":"2025-08-26T22:12:11","modified_gmt":"2025-08-26T22:12:11","slug":"apres-avoir-tire-a-plusieurs-reprises-sur-la-police-un-forcene-arme-interpelle-par-le-raid-pres-de-montpellier","status":"publish","type":"post","link":"https:\/\/www.europesays.com\/fr\/346167\/","title":{"rendered":"Apr\u00e8s avoir tir\u00e9 \u00e0 plusieurs reprises sur la police, un forcen\u00e9 arm\u00e9 interpell\u00e9 par le Raid pr\u00e8s de Montpellier"},"content":{"rendered":"<p>L\u2019individu a finalement \u00e9t\u00e9 arr\u00eat\u00e9 chez lui, sans violence. Les policiers, qui ont effectu\u00e9 des tirs de riposte, s\u2019en sont sortis indemnes.<\/p>\n<p class=\"fig-paragraph\">Panique sur l\u2019\u00eele de Thau, \u00e0 S\u00e8te, \u00e0 quelques kilom\u00e8tres de Montpellier. Un forcen\u00e9 arm\u00e9 ayant tir\u00e9 sur la\u00a0<a href=\"http:\/\/www.lefigaro.fr\/flash-actu\/los-angeles-un-homme-s-arrete-en-pleine-course-poursuite-pour-faire-le-plein-d-essence-et-echappe-a-la-police-20250824\" target=\"_blank\" data-fig-type=\"NewsFlash\" rel=\"noopener\" data-gtm-custom-categorie=\"navigation\" data-gtm-custom-action=\"crossclick\" data-gtm-custom-label=\"Contextuel\" data-gtm-event=\"customEventSPE\" data-fig-domain=\"LEFIGARO\">police<\/a>\u00a0\u00e0 plusieurs reprises a \u00e9t\u00e9 interpell\u00e9 apr\u00e8s plusieurs heures d\u2019intervention du\u00a0<a href=\"http:\/\/www.lefigaro.fr\/marseille\/bouches-du-rhone-un-fugitif-recherche-pour-une-tentative-de-meurtre-interpelle-par-le-raid-20250805\" target=\"_blank\" data-fig-type=\"NewsFlash\" rel=\"noopener\" data-gtm-custom-categorie=\"navigation\" data-gtm-custom-action=\"crossclick\" data-gtm-custom-label=\"Contextuel\" data-gtm-event=\"customEventSPE\" data-fig-domain=\"LEFIGARO\">Raid<\/a>, a annonc\u00e9 le pr\u00e9fet de l\u2019H\u00e9rault dans un communiqu\u00e9 ce mardi 26 ao\u00fbt.<\/p>\n<p class=\"fig-paragraph\">Les faits ont d\u00e9but\u00e9 vers 17 heures, lorsqu\u2019un coup de feu a retenti en pleine rue. Des agents de la Brigade anticriminalit\u00e9 ont alors \u00e9t\u00e9 d\u00e9p\u00each\u00e9s sur place, avant d\u2019\u00eatre la cible de trois coups de feu. Les policiers, qui ont effectu\u00e9 des tirs de riposte, s\u2019en sont sortis indemnes.<\/p>\n<p>                                    <a class=\"fig-a11y-skip a11y-hidden\" href=\"#fig-a11y-skip-main-inarticle\"><br \/>\n        Passer la publicit\u00e9<br \/>\n    <\/a><\/p>\n<p>Les riverains \u00e9vacu\u00e9s<\/p>\n<p class=\"fig-paragraph\">Le tireur s\u2019est ensuite retranch\u00e9 chez lui, avant qu\u2019un important dispositif ne soit d\u00e9ploy\u00e9. Pompiers, Samu et Bac de B\u00e9ziers et d\u2019Agde ont \u00e9t\u00e9 d\u00e9ploy\u00e9s aux abords du logement. Un p\u00e9rim\u00e8tre de s\u00e9curit\u00e9 a \u00e9t\u00e9 mis en place et les riverains \u00e9vacu\u00e9s, tandis que des n\u00e9gociations d\u00e9butaient pour faire sortir le forcen\u00e9 de son domicile.<\/p>\n<p class=\"fig-paragraph\">Apr\u00e8s quatre heures de discussions infructueuses, des policiers du Raid sont intervenus et sont parvenus \u00e0 ouvrir la porte du logement. Une fois \u00e0 l\u2019int\u00e9rieur, ils ont retrouv\u00e9 le suspect, allong\u00e9 sur le sol. L\u2019individu, \u00e2g\u00e9 d\u2019une quarantaine d\u2019ann\u00e9es, a \u00e9t\u00e9 appr\u00e9hend\u00e9 sans violence. Aucun bless\u00e9 n\u2019est \u00e0 d\u00e9plorer. L\u2019homme devrait prochainement \u00eatre plac\u00e9 en garde \u00e0 vue, si son \u00e9tat de sant\u00e9 le permet.<\/p>\n","protected":false},"excerpt":{"rendered":"L\u2019individu a finalement \u00e9t\u00e9 arr\u00eat\u00e9 chez lui, sans violence. Les policiers, qui ont effectu\u00e9 des tirs de riposte,&hellip;\n","protected":false},"author":2,"featured_media":346168,"comment_status":"","ping_status":"","sticky":false,"template":"","format":"standard","meta":{"footnotes":""},"categories":[9599],"tags":[1111,11,1777,674,38347,1011,27,2208,12,2680,1072,25],"class_list":{"0":"post-346167","1":"post","2":"type-post","3":"status-publish","4":"format-standard","5":"has-post-thumbnail","7":"category-montpellier","8":"tag-actu","9":"tag-actualites","10":"tag-eu","11":"tag-europe","12":"tag-forcene","13":"tag-fr","14":"tag-france","15":"tag-montpellier","16":"tag-news","17":"tag-occitanie","18":"tag-police","19":"tag-republique-francaise"},"share_on_mastodon":{"url":"https:\/\/pubeurope.com\/@fr\/115097366859767785","error":""},"_links":{"self":[{"href":"https:\/\/www.europesays.com\/fr\/wp-json\/wp\/v2\/posts\/346167","targetHints":{"allow":["GET"]}}],"collection":[{"href":"https:\/\/www.europesays.com\/fr\/wp-json\/wp\/v2\/posts"}],"about":[{"href":"https:\/\/www.europesays.com\/fr\/wp-json\/wp\/v2\/types\/post"}],"author":[{"embeddable":true,"href":"https:\/\/www.europesays.com\/fr\/wp-json\/wp\/v2\/users\/2"}],"replies":[{"embeddable":true,"href":"https:\/\/www.europesays.com\/fr\/wp-json\/wp\/v2\/comments?post=346167"}],"version-history":[{"count":0,"href":"https:\/\/www.europesays.com\/fr\/wp-json\/wp\/v2\/posts\/346167\/revisions"}],"wp:featuredmedia":[{"embeddable":true,"href":"https:\/\/www.europesays.com\/fr\/wp-json\/wp\/v2\/media\/346168"}],"wp:attachment":[{"href":"https:\/\/www.europesays.com\/fr\/wp-json\/wp\/v2\/media?parent=346167"}],"wp:term":[{"taxonomy":"category","embeddable":true,"href":"https:\/\/www.europesays.com\/fr\/wp-json\/wp\/v2\/categories?post=346167"},{"taxonomy":"post_tag","embeddable":true,"href":"https:\/\/www.europesays.com\/fr\/wp-json\/wp\/v2\/tags?post=346167"}],"curies":[{"name":"wp","href":"https:\/\/api.w.org\/{rel}","templated":true}]}}