{"id":346169,"date":"2025-08-26T22:16:18","date_gmt":"2025-08-26T22:16:18","guid":{"rendered":"https:\/\/www.europesays.com\/fr\/346169\/"},"modified":"2025-08-26T22:16:18","modified_gmt":"2025-08-26T22:16:18","slug":"jaurais-bien-aime-etre-journaliste","status":"publish","type":"post","link":"https:\/\/www.europesays.com\/fr\/346169\/","title":{"rendered":"\u00ab\u00a0J\u2019aurais bien aim\u00e9 \u00eatre journaliste\u00a0\u00bb"},"content":{"rendered":"<p>L\u2019ann\u00e9e prochaine, Patrick Delmotte soufflera ses dix bougies en tant que correspondant de presse au Dauphin\u00e9 Lib\u00e9r\u00e9. C\u2019est en 2016, en ouvrant le journal, qu\u2019il d\u00e9couvre une annonce pour recruter un correspondant au service sports. \u00ab\u00a0On m\u2019a envoy\u00e9 sur un match de handball \u00e0 Voiron, et apparemment, je m\u2019en suis bien sorti\u00a0!\u00a0\u00bb, raconte-t-il.<\/p>\n<p>\u00ab\u00a0Apr\u00e8s, on m\u2019a propos\u00e9 un match de roller hockey, je ne savais m\u00eame pas que \u00e7a existait. C\u2019\u00e9tait donc l\u2019\u00e9quipe des Yeti\u2019s. Depuis, je suis devenu le correspondant attitr\u00e9 de l\u2019\u00e9quipe. Maintenant, je connais tout le monde, et c\u2019est du tr\u00e8s haut niveau\u00a0! \u00a0\u00bb<\/p>\n<p>Par la suite, il est aussi devenu correspondant pour la commune de Saint-\u00c9gr\u00e8ve. \u00ab\u00a0C\u2019\u00e9tait en 2019, pareil, j\u2019ai vu l\u2019annonce dans le journal. Je me suis dit, \u00e7a marche bien avec les sports, je vais \u00e9tendre mon activit\u00e9 de correspondant\u00a0!\u00a0\u00bb<\/p>\n<p>Saint-\u00c9gr\u00e8ve, il y a pos\u00e9 ses valises en 2000, \u00ab\u00a0et je n\u2019ai plus boug\u00e9\u00a0! Je\u00a0me suis toujours senti bien ici\u00a0\u00bb. La ville, avec ses habitants, son \u00e9volution\u2026 il la conna\u00eet donc tr\u00e8s bien, et encore plus depuis qu\u2019il \u00e9crit des articles. Mais il garde dans le c\u0153ur son pays, la Belgique, o\u00f9 il est n\u00e9 (\u00e0 Charleroi) et a v\u00e9cu une grande partie de sa vie. Il ne manque pas d\u2019y retourner r\u00e9guli\u00e8rement. \u00ab\u00a0Je reste assez Belge en fait\u00a0!\u00a0\u00bb<\/p>\n<p>Sa carri\u00e8re professionnelle, il l\u2019a commenc\u00e9e en enseignant l\u2019histoire. \u00ab\u00a0En Belgique, j\u2019ai travaill\u00e9 dans des organisations de jeunesse, dans des syndicats\u2026 Et en France, j\u2019\u00e9tais dans un centre d\u2019information pour personnes handicap\u00e9es, qui \u00e9tait \u00e0 Eybens et d\u00e9pendait de l\u2019Office d\u00e9partemental des personnes handicap\u00e9es de l\u2019Is\u00e8re (ODPHI).\u00a0Jusqu\u2019\u00e0 la loi de 2005, on \u00e9tait rattach\u00e9 au conseil g\u00e9n\u00e9ral. J\u2019ai aussi travaill\u00e9 \u00e0 la MDPH [aujourd\u2019hui la Maison d\u00e9partementale de l\u2019autonomie].\u00a0\u00bb<\/p>\n<p>  \u00ab\u00a0J\u2019ai\u00a0toujours \u00e9t\u00e9 attir\u00e9 par l\u2019associatif\u00a0\u00bb<\/p>\n<p>Patrick a pris sa retraite en janvier\u00a02023, mais est rest\u00e9 bien actif depuis. Non seulement en \u00e9tant administrateur \u00e0 Saint-\u00c9gr\u00e8ve Accueil, une association qui organise des activit\u00e9s pour les habitants de la commune.<\/p>\n<p>Mais surtout en faisant partie, depuis l\u2019ann\u00e9e derni\u00e8re, de l\u2019association Mriya Ukraine (mriya signifiant \u201camiti\u00e9\u201d en ukrainien). Lui qui a \u00ab\u00a0toujours \u00e9t\u00e9 attir\u00e9 par l\u2019associatif\u00a0\u00bb. \u00ab\u00a0C\u2019est gr\u00e2ce au Dauphin\u00e9 \u00a0: un film \u00e9tait projet\u00e9 \u00e0 la Vence Sc\u00e8ne, j\u2019ai couvert l\u2019\u00e9v\u00e9nement. J\u2019ai fait l\u2019interview de la pr\u00e9sidente de l\u2019association, qui organise deux fois par an un voyage \u00e0 Lviv en Ukraine. Et on s\u2019est dit, avec mon \u00e9pouse, comme on est retrait\u00e9s, qu\u2019on pourrait aller voir. C\u2019\u00e9tait en avril\u00a02024, on a fait le p\u00e9riple en car et on y est rest\u00e9s une dizaine de jours. On a visit\u00e9 et on a fait aussi de l\u2019humanitaire\u00a0: on a travaill\u00e9 en cuisine pour faire des rations pour les soldats, on a fait des filets de camouflage, on a visit\u00e9 un h\u00f4pital\u2026\u00a0\u00bb<\/p>\n<p>Patrick est actuellement de nouveau en Ukraine, avec son \u00e9pouse, \u00ab\u00a0seulement tous les deux, comme on a nos contacts maintenant. L\u2019id\u00e9e, c\u2019est de refaire de l\u2019humanitaire\u2026 et ramener des articles\u00a0! Notamment, je vais aller dans un centre de r\u00e9adaptation pour voir ce qu\u2019il se passe\u00a0\u00bb.<\/p>\n<p>  \u00ab\u00a0Ce que j\u2019aime bien, c\u2019est l\u2019imm\u00e9diatet\u00e9, voir le r\u00e9sultat dans le journal\u00a0\u00bb<\/p>\n<p>Sur ce qui l\u2019a motiv\u00e9 \u00e0 devenir correspondant, Patrick confie\u00a0: \u00ab\u00a0J\u2019ai enseign\u00e9 l\u2019histoire mais\u2026 j\u2019aurais bien aim\u00e9 \u00eatre journaliste. Mais en Belgique, ce n\u2019\u00e9tait pas \u00e9vident. J\u2019ai m\u00eame suivi des cours du soir de l\u2019Association des journalistes belges, c\u2019\u00e9tait des cours donn\u00e9s par des professionnels, c\u2019\u00e9tait tr\u00e8s int\u00e9ressant. Et apr\u00e8s, dans l\u2019associatif, j\u2019ai toujours \u00e9crit un peu et particip\u00e9 \u00e0 la communication. M\u00eame quand je travaillais dans le handicap, j\u2019\u00e9tais responsable du site web.\u00a0\u00bb<\/p>\n<p>Ce qui lui pla\u00eet dans l\u2019activit\u00e9 de correspondant\u00a0? \u00ab\u00a0L\u2019imm\u00e9diatet\u00e9\u00a0: tu vas quelque part, tu \u00e9cris, et le lendemain ou deux, trois jours apr\u00e8s, tu vois le r\u00e9sultat, et tu es content de retrouver ton papier dans le journal. Dans mon \u00e9cole de journalisme \u00e0 Bruxelles, on me disait \u201cle bon journaliste, c\u2019est celui qui a un bon carnet d\u2019adresses, et qui rend ses papiers \u00e0 temps\u201d\u00a0! [rires] Et bien s\u00fbr, j\u2019aime la rencontre\u00a0: on se rend compte qu\u2019il y a une mine de gens qui ont des passions, des projets\u2026 Et \u00e0 Saint-\u00c9gr\u00e8ve et au Fontanil, on a deux belles salles de spectacles, la Vence Sc\u00e8ne et l\u2019Atrium. J\u2019ai rencontr\u00e9 des artistes. Il y a vraiment un beau dynamisme, l\u2019USSE, les unions de quartier\u2026 Ce qui me marque, peut-\u00eatre parce que je ne suis pas Fran\u00e7ais, ce sont les comm\u00e9morations, \u00e7a a un c\u00f4t\u00e9 \u00e9mouvant, ils sont de moins en moins nombreux, mais ils s\u2019accrochent pour c\u00e9l\u00e9brer les anciens, et je trouve \u00e7a touchant. \u00a0\u00bb<\/p>\n<p>Bref, ce sont toutes ces choses qui font l\u2019attachement de Patrick \u00e0 son territoire et au journal local.<\/p>\n","protected":false},"excerpt":{"rendered":"L\u2019ann\u00e9e prochaine, Patrick Delmotte soufflera ses dix bougies en tant que correspondant de presse au Dauphin\u00e9 Lib\u00e9r\u00e9. C\u2019est&hellip;\n","protected":false},"author":2,"featured_media":346170,"comment_status":"","ping_status":"","sticky":false,"template":"","format":"standard","meta":{"footnotes":""},"categories":[9566],"tags":[34254,1111,11,2430,1687,112,1777,674,12127,1011,27,2731,12,25,275,276,104,2205],"class_list":{"0":"post-346169","1":"post","2":"type-post","3":"status-publish","4":"format-standard","5":"has-post-thumbnail","7":"category-grenoble","8":"tag-80-ans-du-dauphine-libere","9":"tag-actu","10":"tag-actualites","11":"tag-auvergne-rhone-alpes","12":"tag-culture-loisirs","13":"tag-edition-grenoble-agglomeration","14":"tag-eu","15":"tag-europe","16":"tag-fontanil-cornillon","17":"tag-fr","18":"tag-france","19":"tag-grenoble","20":"tag-news","21":"tag-republique-francaise","22":"tag-saint-egreve","23":"tag-saint-egreve-et-autour","24":"tag-societe","25":"tag-television-medias"},"share_on_mastodon":{"url":"https:\/\/pubeurope.com\/@fr\/115097382699200663","error":""},"_links":{"self":[{"href":"https:\/\/www.europesays.com\/fr\/wp-json\/wp\/v2\/posts\/346169","targetHints":{"allow":["GET"]}}],"collection":[{"href":"https:\/\/www.europesays.com\/fr\/wp-json\/wp\/v2\/posts"}],"about":[{"href":"https:\/\/www.europesays.com\/fr\/wp-json\/wp\/v2\/types\/post"}],"author":[{"embeddable":true,"href":"https:\/\/www.europesays.com\/fr\/wp-json\/wp\/v2\/users\/2"}],"replies":[{"embeddable":true,"href":"https:\/\/www.europesays.com\/fr\/wp-json\/wp\/v2\/comments?post=346169"}],"version-history":[{"count":0,"href":"https:\/\/www.europesays.com\/fr\/wp-json\/wp\/v2\/posts\/346169\/revisions"}],"wp:featuredmedia":[{"embeddable":true,"href":"https:\/\/www.europesays.com\/fr\/wp-json\/wp\/v2\/media\/346170"}],"wp:attachment":[{"href":"https:\/\/www.europesays.com\/fr\/wp-json\/wp\/v2\/media?parent=346169"}],"wp:term":[{"taxonomy":"category","embeddable":true,"href":"https:\/\/www.europesays.com\/fr\/wp-json\/wp\/v2\/categories?post=346169"},{"taxonomy":"post_tag","embeddable":true,"href":"https:\/\/www.europesays.com\/fr\/wp-json\/wp\/v2\/tags?post=346169"}],"curies":[{"name":"wp","href":"https:\/\/api.w.org\/{rel}","templated":true}]}}