{"id":346171,"date":"2025-08-26T22:17:26","date_gmt":"2025-08-26T22:17:26","guid":{"rendered":"https:\/\/www.europesays.com\/fr\/346171\/"},"modified":"2025-08-26T22:17:26","modified_gmt":"2025-08-26T22:17:26","slug":"crous-grenoble-alpes-les-nouveautes-de-la-rentree-universitaire","status":"publish","type":"post","link":"https:\/\/www.europesays.com\/fr\/346171\/","title":{"rendered":"Crous Grenoble Alpes : les nouveaut\u00e9s de la rentr\u00e9e universitaire"},"content":{"rendered":"<p>Premi\u00e8re nouveaut\u00e9 de la rentr\u00e9e universitaire 2025-2026 : le <strong>Crous Grenoble Alpes<\/strong> est, depuis le 1er juillet 2025, dirig\u00e9 par <strong>Boris Targe<\/strong>. Ce Grenoblois d&rsquo;origine, dipl\u00f4m\u00e9 de l&rsquo;\u00e9cole de Droit de l&rsquo;Universit\u00e9 Grenoble Alpes (UGA), administrateur territorial, succ\u00e8de \u00e0 <strong>B\u00e9n\u00e9dicte Corvaisier <\/strong>qui a dirig\u00e9 le Crous de janvier 2019 \u00e0 mars 2025. Elle est aujourd&rsquo;hui directrice g\u00e9n\u00e9rale des services de l&rsquo;UGA. <\/p>\n<p>Boris Targe a occup\u00e9 plusieurs postes au cours de ses 25 derni\u00e8res ann\u00e9es, notamment celui de directeur g\u00e9n\u00e9ral de la direction interr\u00e9gionale Grand Ouest des services p\u00e9nitentiaires \u00e0 Rennes. Depuis 2022, il \u00e9tait directeur g\u00e9n\u00e9ral adjoint au conseil d\u00e9partemental de la Haute-Marne. <\/p>\n<p>Le Crous Grenoble Alpes va participer \u00e0 l&rsquo;effort national de construction de logements \u00e9tudiants d&rsquo;ici 2028 <\/p>\n<p>Le nouveau directeur g\u00e9n\u00e9ral annonce que le Crous\u00a0Grenoble Alpes participera \u00e0 l&rsquo;<strong>effort national de construction de nouveaux logements<\/strong> pour les \u00e9tudiants. Il g\u00e8re d\u00e9j\u00e0 plus de 8 000 logements, dont 6 500 dans la m\u00e9tropole de Grenoble et 4 170 sur le campus de Saint-Martin-d&rsquo;H\u00e8res. \u00ab\u00a0En termes d&rsquo;offre de logements, nous couvrons 8 % du nombre d&rsquo;\u00e9tudiants de l&rsquo;acad\u00e9mie, l\u00e0 o\u00f9 ailleurs on est \u00e0 6 % voire moins. Malgr\u00e9 tout, nous esp\u00e9rons pouvoir contribuer au projet du gouvernement de construire 45 000 nouveaux logements \u00e0 l&rsquo;horizon 2028. Nous attendons les textes nationaux pour nous inscrire dans ce travail.\u00a0\u00bb<\/p>\n<p>Le DG pr\u00e9cise sa volont\u00e9 de conserver un <strong>\u00e9quilibre <\/strong>entre les investissements pour construire de nouveaux logements et ceux pour<strong> r\u00e9nover l&rsquo;existant<\/strong>. \u00ab\u00a0Le nerf de la guerre, c&rsquo;est le foncier. Il y a des p\u00e9riodes dans la vie de l&rsquo;\u00e9tablissement o\u00f9 il faudra donner la priorit\u00e9 sur la construction parce qu&rsquo;on a des opportunit\u00e9s.\u00a0\u00bb <\/p>\n<p>Une nouvelle r\u00e9sidence de 506 logements sur le campus et la fermeture du Rabot \u00e0 Grenoble <img decoding=\"async\" alt=\"\" class=\"img-align-center img-size-limited\" data-zoomable=\"\" height=\"1501\" loading=\"lazy\" src=\"https:\/\/www.europesays.com\/fr\/wp-content\/uploads\/2025\/08\/img-20250826-101508.jpg\" title=\"\u00a9 Thomas Richardson - La r\u00e9sidence Jos\u00e9phine Baker a \u00e9t\u00e9 livr\u00e9 en juillet 2025 au sein du campus de Saint-Martin-d'H\u00e8res.\" width=\"2000\"\/> \u00a9 Thomas Richardson &#8211; La r\u00e9sidence \u00e9tudiante Jos\u00e9phine Baker a \u00e9t\u00e9 livr\u00e9e en juillet 2025 au sein du campus de Saint-Martin-d&rsquo;H\u00e8res. <\/p>\n<p>Autre nouveaut\u00e9 : la <a href=\"https:\/\/mesinfos.fr\/38400-saint-martin-dheres\/une-residence-etudiante-de-500-logements-a-37-millions-d-euros-en-septembre-2025-203077.html\" rel=\"noopener\" target=\"_blank\">r\u00e9sidence \u00e9tudiante Jos\u00e9phine Baker<\/a> est sortie de terre (investissement 37 millions d&rsquo;euros) apr\u00e8s 16 mois de travaux. Elle h\u00e9bergera <strong>506 \u00e9tudiants<\/strong> dont, une partie, en provenance de la <a href=\"https:\/\/mesinfos.fr\/auvergne-rhone-alpes\/grenoble-le-public-invite-a-redecouvrir-le-site-du-rabot-ce-vendredi-109480.html\" rel=\"noopener\" target=\"_blank\">r\u00e9sidence du Rabot <\/a>qui n&rsquo;accueille d\u00e9sormais plus d&rsquo;\u00e9tudiants. \u00ab\u00a0Nous serons simple gardien, le temps pour l\u2019\u00c9tat, avec les collectivit\u00e9s territoriales, de retenir un projet pour ce b\u00e2timent. Il y avait moins de 500 places au Rabot qui ne r\u00e9pondait plus aux besoins des \u00e9tudiants.\u00a0\u00bb<\/p>\n<p>La livraison de la <strong>r\u00e9sidence Jos\u00e9phine Baker<\/strong> marque la fin de l&rsquo;op\u00e9ration de r\u00e9novation-construction sur le secteur <strong>Condillac<\/strong>. \u00ab\u00a0Nous avons, par ailleurs, r\u00e9nov\u00e9, d&rsquo;un point de vue \u00e9nerg\u00e9tique, la r\u00e9sidence Ouest et la r\u00e9sidence Berlioz. Il reste \u00e0 r\u00e9nover l&rsquo;int\u00e9rieur de ces b\u00e2timents, cela se fera dans les prochaines ann\u00e9es.\u00a0\u00bb\u00a0 Les deux r\u00e9sidences constituent un ensemble de <strong>13 b\u00e2timents<\/strong>\u00a0construits en 1966 constituant plus de\u00a0<strong>2 000 logements \u00e9tudiants<\/strong>. <\/p>\n<p>Une cinquantaine de places devraient se lib\u00e9rer courant septembre <\/p>\n<p>\u00ab\u00a0Les \u00e9tudiants qui n&rsquo;ont pas trouv\u00e9, doivent continuer \u00e0 regarder notre site Internet pour voir les offres et candidater le plus rapidement possible, sachant que c&rsquo;est le premier arriv\u00e9 premier servi, conclut Boris Targe. Une cinquantaine de logements vont se lib\u00e9rer dans les prochaines semaines.\u00a0\u00bb<\/p>\n","protected":false},"excerpt":{"rendered":"Premi\u00e8re nouveaut\u00e9 de la rentr\u00e9e universitaire 2025-2026 : le Crous Grenoble Alpes est, depuis le 1er juillet 2025,&hellip;\n","protected":false},"author":2,"featured_media":346172,"comment_status":"","ping_status":"","sticky":false,"template":"","format":"standard","meta":{"footnotes":""},"categories":[9566],"tags":[1111,11,2430,1777,674,1011,27,2731,12,25],"class_list":{"0":"post-346171","1":"post","2":"type-post","3":"status-publish","4":"format-standard","5":"has-post-thumbnail","7":"category-grenoble","8":"tag-actu","9":"tag-actualites","10":"tag-auvergne-rhone-alpes","11":"tag-eu","12":"tag-europe","13":"tag-fr","14":"tag-france","15":"tag-grenoble","16":"tag-news","17":"tag-republique-francaise"},"share_on_mastodon":{"url":"https:\/\/pubeurope.com\/@fr\/115097387060976253","error":""},"_links":{"self":[{"href":"https:\/\/www.europesays.com\/fr\/wp-json\/wp\/v2\/posts\/346171","targetHints":{"allow":["GET"]}}],"collection":[{"href":"https:\/\/www.europesays.com\/fr\/wp-json\/wp\/v2\/posts"}],"about":[{"href":"https:\/\/www.europesays.com\/fr\/wp-json\/wp\/v2\/types\/post"}],"author":[{"embeddable":true,"href":"https:\/\/www.europesays.com\/fr\/wp-json\/wp\/v2\/users\/2"}],"replies":[{"embeddable":true,"href":"https:\/\/www.europesays.com\/fr\/wp-json\/wp\/v2\/comments?post=346171"}],"version-history":[{"count":0,"href":"https:\/\/www.europesays.com\/fr\/wp-json\/wp\/v2\/posts\/346171\/revisions"}],"wp:featuredmedia":[{"embeddable":true,"href":"https:\/\/www.europesays.com\/fr\/wp-json\/wp\/v2\/media\/346172"}],"wp:attachment":[{"href":"https:\/\/www.europesays.com\/fr\/wp-json\/wp\/v2\/media?parent=346171"}],"wp:term":[{"taxonomy":"category","embeddable":true,"href":"https:\/\/www.europesays.com\/fr\/wp-json\/wp\/v2\/categories?post=346171"},{"taxonomy":"post_tag","embeddable":true,"href":"https:\/\/www.europesays.com\/fr\/wp-json\/wp\/v2\/tags?post=346171"}],"curies":[{"name":"wp","href":"https:\/\/api.w.org\/{rel}","templated":true}]}}