{"id":346173,"date":"2025-08-26T22:19:33","date_gmt":"2025-08-26T22:19:33","guid":{"rendered":"https:\/\/www.europesays.com\/fr\/346173\/"},"modified":"2025-08-26T22:19:33","modified_gmt":"2025-08-26T22:19:33","slug":"le-lundi-cest-rauzy-battu-a-lorient-rennes-souffre-de-ses-problemes-dindiscipline-2","status":"publish","type":"post","link":"https:\/\/www.europesays.com\/fr\/346173\/","title":{"rendered":"\u00ab\u00a0Le lundi, c&rsquo;est Rauzy\u00a0\u00bb &#8211; Battu \u00e0 Lorient, Rennes souffre de ses probl\u00e8mes d&rsquo;indiscipline"},"content":{"rendered":"<p> <img decoding=\"async\" src=\"https:\/\/www.europesays.com\/fr\/wp-content\/uploads\/2025\/08\/1756246773_653_1200x680\" alt=\"illustration agrandir l'image\" style=\"--_image-preview:url('data:image\/jpeg;base64,\/9j\/2wBDACgcHiMeGSgjISMtKygwPGRBPDc3PHtYXUlkkYCZlo+AjIqgtObDoKrarYqMyP\/L2u71\/\/\/\/m8H\/\/\/\/6\/+b9\/\/j\/2wBDASstLTw1PHZBQXb4pYyl+Pj4+Pj4+Pj4+Pj4+Pj4+Pj4+Pj4+Pj4+Pj4+Pj4+Pj4+Pj4+Pj4+Pj4+Pj4+Pj4+Pj\/wAARCAAqACoDASIAAhEBAxEB\/8QAGAABAQEBAQAAAAAAAAAAAAAAAQIDAAT\/xAAYEAEBAQEBAAAAAAAAAAAAAAAAARESAv\/EABYBAQEBAAAAAAAAAAAAAAAAAAABAv\/EABURAQEAAAAAAAAAAAAAAAAAAAAR\/9oADAMBAAIRAxEAPwDF1OCioqKuooqaDYMEezBYvBYzUZWIsbXyOSqx5dy24PBUbYMU5iiMdyolEzyeVQpR\/9k=');\" loading=\"eager\" fetchpriority=\"high\" aria-hidden=\"true\" class=\"svelte-1pnmlwx rounded\" onload=\"this.__e=event\" onerror=\"this.__e=event\"\/> Le Rennais Fabian Rieder (\u00e0 gauche) \u00e0 la lutte avec le Lorientais Pablo Pagis \u00a9 AFP &#8211; Fred TANNEAU    <\/p>\n<p class=\"g-ici-body-regular-3 info svelte-1a514ib\">Diffus\u00e9 le mardi 26 ao\u00fbt 2025 \u00e0 11:41 <\/p>\n<p class=\"g-ici-body-regular-3 info svelte-1a514ib\">Publi\u00e9 le mardi 26 ao\u00fbt 2025 \u00e0 11:41 <\/p>\n<p class=\"g-ici-body-bold-1 standFirst svelte-aj6ybf\">R\u00e9duit \u00e0 9 apr\u00e8s deux exclusions rapides, le Stade Rennais s\u2019est lourdement inclin\u00e9 4-0 ce dimanche \u00e0 Lorient \u00e0 l\u2019occasion de la 2e journ\u00e9e de Ligue 1. On revient sur ce derby breton dans ce nouvel \u00e9pisode de \u00ab\u00a0Le lundi, c\u2019est Rauzy\u00a0\u00bb.<\/p>\n<p>Le Stade Rennais fait face \u00e0 des probl\u00e8mes de discipline en ce d\u00e9but de saison\u00a0: apr\u00e8s avoir battu Marseille \u00e0 10 contre 11 malgr\u00e9 l\u2019expulsion pr\u00e9coce d\u2019A\u00eft-Boudlal, les Rouge et Noir se sont cette fois inclin\u00e9s 4-0 \u00e0 Lorient, <strong>apr\u00e8s avoir re\u00e7u deux cartons rouges en dix minutes de jeu au Moustoir<\/strong>. Les expulsions de Camara et Wooh auront rapidement tu\u00e9 dans l\u2019\u0153uf tout espoir d\u2019encha\u00eener une deuxi\u00e8me victoire de suite en championnat pour les hommes d\u2019Habib Beye. On \u00e9voque ces probl\u00e8mes d\u2019indiscipline r\u00e9currents c\u00f4t\u00e9 rennais depuis le d\u00e9but de saison, les signaux malgr\u00e9 tout encourageants dans le jeu Rouge et Noir, et la fin du mercato dans ce nouvel \u00e9pisode de \u00ab\u00a0Le lundi, c\u2019est Rauzy\u00a0\u00bb. Notre journaliste Fran\u00e7ois Rauzy est accompagn\u00e9 ce lundi 25 ao\u00fbt par l\u2019ancien joueur du club Emilien Waflart et les supporters Fabrice Pinel (Rouge M\u00e9moire) et Cl\u00e9mence Guguen. Bonne \u00e9coute\u00a0!<\/p>\n<ul class=\"SocialNetworks svelte-bt5901\">\n<li class=\"svelte-bt5901\"><\/li>\n<li class=\"svelte-bt5901\"><\/li>\n<li class=\"svelte-bt5901\"><\/li>\n<li class=\"svelte-bt5901\"><\/li>\n<li class=\"svelte-bt5901\"><\/li>\n<\/ul>\n<p class=\"g-ici-body-regular-3 description svelte-1vha4t1\">Tous les vendredis, recevez le meilleur de la semaine d\u2019ici Armorique\u00a0: certifi\u00e9 100% local\u00a0!<\/p>\n<p>En cliquant sur \u00ab\u00a0S\u2019abonner\u00a0\u00bb, j&rsquo;accepte que les donn\u00e9es recueillies par<br \/>\n        Radio France soient destin\u00e9es \u00e0 l&rsquo;envoi par courrier \u00e9lectronique de<br \/>\n        contenus et d&rsquo;informations relatifs aux programmes. Plus d&rsquo;informations.<\/p>\n","protected":false},"excerpt":{"rendered":"Le Rennais Fabian Rieder (\u00e0 gauche) \u00e0 la lutte avec le Lorientais Pablo Pagis \u00a9 AFP &#8211; Fred&hellip;\n","protected":false},"author":2,"featured_media":11291,"comment_status":"","ping_status":"","sticky":false,"template":"","format":"standard","meta":{"footnotes":""},"categories":[2821],"tags":[1111,11,829,1777,674,1011,27,12,584,25],"class_list":{"0":"post-346173","1":"post","2":"type-post","3":"status-publish","4":"format-standard","5":"has-post-thumbnail","7":"category-rennes","8":"tag-actu","9":"tag-actualites","10":"tag-bretagne","11":"tag-eu","12":"tag-europe","13":"tag-fr","14":"tag-france","15":"tag-news","16":"tag-rennes","17":"tag-republique-francaise"},"share_on_mastodon":{"url":"https:\/\/pubeurope.com\/@fr\/115097394615977051","error":""},"_links":{"self":[{"href":"https:\/\/www.europesays.com\/fr\/wp-json\/wp\/v2\/posts\/346173","targetHints":{"allow":["GET"]}}],"collection":[{"href":"https:\/\/www.europesays.com\/fr\/wp-json\/wp\/v2\/posts"}],"about":[{"href":"https:\/\/www.europesays.com\/fr\/wp-json\/wp\/v2\/types\/post"}],"author":[{"embeddable":true,"href":"https:\/\/www.europesays.com\/fr\/wp-json\/wp\/v2\/users\/2"}],"replies":[{"embeddable":true,"href":"https:\/\/www.europesays.com\/fr\/wp-json\/wp\/v2\/comments?post=346173"}],"version-history":[{"count":0,"href":"https:\/\/www.europesays.com\/fr\/wp-json\/wp\/v2\/posts\/346173\/revisions"}],"wp:featuredmedia":[{"embeddable":true,"href":"https:\/\/www.europesays.com\/fr\/wp-json\/wp\/v2\/media\/11291"}],"wp:attachment":[{"href":"https:\/\/www.europesays.com\/fr\/wp-json\/wp\/v2\/media?parent=346173"}],"wp:term":[{"taxonomy":"category","embeddable":true,"href":"https:\/\/www.europesays.com\/fr\/wp-json\/wp\/v2\/categories?post=346173"},{"taxonomy":"post_tag","embeddable":true,"href":"https:\/\/www.europesays.com\/fr\/wp-json\/wp\/v2\/tags?post=346173"}],"curies":[{"name":"wp","href":"https:\/\/api.w.org\/{rel}","templated":true}]}}