{"id":346177,"date":"2025-08-26T22:22:11","date_gmt":"2025-08-26T22:22:11","guid":{"rendered":"https:\/\/www.europesays.com\/fr\/346177\/"},"modified":"2025-08-26T22:22:11","modified_gmt":"2025-08-26T22:22:11","slug":"la-municipalite-defend-une-requalification-de-grande-qualite","status":"publish","type":"post","link":"https:\/\/www.europesays.com\/fr\/346177\/","title":{"rendered":"la municipalit\u00e9 d\u00e9fend une \u00ab\u00a0requalification de grande qualit\u00e9\u00a0\u00bb"},"content":{"rendered":"<p><strong>Un projet immobilier d\u00e9velopp\u00e9 du c\u00f4t\u00e9 du Cros-de-Cagnes met en rogne certains riverains, qui estiment que le chantier d\u00e9naturerait le patrimoine de la commune. La Ville assume l\u2019am\u00e9nagement et souligne ses atouts.<\/strong><\/p>\n<p><strong>En bref \u2013 <\/strong>La municipalit\u00e9 de Louis N\u00e8gre \u00e9voque, elle, un dessein qui s\u2019oppose \u00ab\u00a0\u00e0 la sp\u00e9culation\u00a0\u00bb et une \u00ab\u00a0requalification de grande qualit\u00e9 urbanistique\u00a0\u00bb. En r\u00e9ponse, elle assure que \u00ab\u00a0cette op\u00e9ration transforme l\u2019ancienne friche urbaine qui servait de parking aux riverains en lieu de vie et d\u2019habitation, en harmonie avec l\u2019esprit de village du Cros. Le programme comporte 22 logements sociaux, 7 r\u00e9habilit\u00e9s, 15 logements neufs dont 9 villas accessibles uniquement par l\u2019avenue de Nice.\u00a0\u00bb <\/p>\n<p>Le conseil municipal d\u2019octobre 2023 a autoris\u00e9 la soci\u00e9t\u00e9 ERILIA \u00e0 d\u00e9poser un permis de construire. Par ailleurs, l\u2019Architecte des B\u00e2timents de France a \u00e9mis un avis favorable. (Extrait)<\/p>\n","protected":false},"excerpt":{"rendered":"Un projet immobilier d\u00e9velopp\u00e9 du c\u00f4t\u00e9 du Cros-de-Cagnes met en rogne certains riverains, qui estiment que le chantier&hellip;\n","protected":false},"author":2,"featured_media":346178,"comment_status":"","ping_status":"","sticky":false,"template":"","format":"standard","meta":{"footnotes":""},"categories":[2819],"tags":[1111,11,1777,674,1011,27,12,2401,882,25],"class_list":{"0":"post-346177","1":"post","2":"type-post","3":"status-publish","4":"format-standard","5":"has-post-thumbnail","7":"category-nice","8":"tag-actu","9":"tag-actualites","10":"tag-eu","11":"tag-europe","12":"tag-fr","13":"tag-france","14":"tag-news","15":"tag-nice","16":"tag-provence-alpes-cote-dazur","17":"tag-republique-francaise"},"share_on_mastodon":{"url":"https:\/\/pubeurope.com\/@fr\/115097406560288262","error":""},"_links":{"self":[{"href":"https:\/\/www.europesays.com\/fr\/wp-json\/wp\/v2\/posts\/346177","targetHints":{"allow":["GET"]}}],"collection":[{"href":"https:\/\/www.europesays.com\/fr\/wp-json\/wp\/v2\/posts"}],"about":[{"href":"https:\/\/www.europesays.com\/fr\/wp-json\/wp\/v2\/types\/post"}],"author":[{"embeddable":true,"href":"https:\/\/www.europesays.com\/fr\/wp-json\/wp\/v2\/users\/2"}],"replies":[{"embeddable":true,"href":"https:\/\/www.europesays.com\/fr\/wp-json\/wp\/v2\/comments?post=346177"}],"version-history":[{"count":0,"href":"https:\/\/www.europesays.com\/fr\/wp-json\/wp\/v2\/posts\/346177\/revisions"}],"wp:featuredmedia":[{"embeddable":true,"href":"https:\/\/www.europesays.com\/fr\/wp-json\/wp\/v2\/media\/346178"}],"wp:attachment":[{"href":"https:\/\/www.europesays.com\/fr\/wp-json\/wp\/v2\/media?parent=346177"}],"wp:term":[{"taxonomy":"category","embeddable":true,"href":"https:\/\/www.europesays.com\/fr\/wp-json\/wp\/v2\/categories?post=346177"},{"taxonomy":"post_tag","embeddable":true,"href":"https:\/\/www.europesays.com\/fr\/wp-json\/wp\/v2\/tags?post=346177"}],"curies":[{"name":"wp","href":"https:\/\/api.w.org\/{rel}","templated":true}]}}