{"id":346197,"date":"2025-08-26T22:34:19","date_gmt":"2025-08-26T22:34:19","guid":{"rendered":"https:\/\/www.europesays.com\/fr\/346197\/"},"modified":"2025-08-26T22:34:19","modified_gmt":"2025-08-26T22:34:19","slug":"reseau-pleine-lune-a-lyon-les-tcl-annoncent-des-nouveautes-des-septembre","status":"publish","type":"post","link":"https:\/\/www.europesays.com\/fr\/346197\/","title":{"rendered":"R\u00e9seau \u00ab\u00a0Pleine Lune\u00a0\u00bb \u00e0 Lyon : les TCL annoncent des nouveaut\u00e9s d\u00e8s septembre"},"content":{"rendered":"<p>TCL lance son nouveau r\u00e9seau de nuit \u00ab\u00a0Pleine Lune\u00a0\u00bb d\u00e8s le 5 septembre, \u00e0 Lyon.<\/p>\n<p>D\u00e8s le 5 septembre, l&rsquo;offre nocturne des TCL va \u00e9voluer \u00e0 Lyon, avec la mise en place du r\u00e9seau Pleine Lune. <\/p>\n<p><b>Objectif :<\/b> mieux relier les campus, les quartiers festifs et les lieux de vie nocturne \u00e0 la Presqu&rsquo;\u00eele.<\/p>\n<p>Quatre nouvelles lignes verront le jour, toutes connect\u00e9es \u00e0 Cordeliers, transform\u00e9 en v\u00e9ritable p\u00f4le d&rsquo;\u00e9changes nocturne. <\/p>\n<p>Les bus circuleront du jeudi au samedi, avec des d\u00e9parts \u00e0 1h20, 2h30, 3h40 et 4h50, dans les deux sens.<\/p>\n<p>Quatre nouvelles lignes Pleine Lune<\/p>\n<p><b>PL1 :<\/b> Cit\u00e9 Internationale \u2013 Cordeliers \u2013 Parilly Universit\u00e9<br \/>Fusion des anciennes PL1 et PL2, elle dessert directement les campus INSA, Grange Blanche et Parilly.<\/p>\n<p><b>PL2 :<\/b> Cuire \u2013 Cordeliers \u2013 Mus\u00e9e des Confluences<br \/>Une nouvelle liaison diam\u00e9trale entre Croix-Rousse et Confluences, inspir\u00e9e de la ligne C13.<\/p>\n<p><b>PL3 :<\/b> Campus Lyon Ouest \u2013 Cordeliers \u2013 Stade de Gerland<br \/>Elle dessert Lyon 5, Lyon 9, La Duch\u00e8re, Lyon 7, l&rsquo;ENS et la future gare routi\u00e8re de Gerland.<\/p>\n<p><b>PL4 :<\/b> Cordeliers \u2013 Vaulx-en-Velin H\u00f4tel de Ville Campus<br \/>Elle propose une desserte 24h\/24 de jeudi 5h \u00e0 lundi 1h, notamment via le couloir bus Lafayette\/Tolsto\u00ef.<\/p>\n<p>Des lignes de bus prolong\u00e9es la nuit<\/p>\n<p>En plus du r\u00e9seau Pleine Lune, TCL \u00e9largit les horaires de plusieurs lignes d\u00e8s le <b>1er septembre<\/b> :<\/p>\n<p><b>C1 (Cuire  Part-Dieu) <\/b>: jusqu&rsquo;\u00e0 1h du matin, id\u00e9al apr\u00e8s un concert \u00e0 l&rsquo;Amphith\u00e9\u00e2tre 3000.<\/p>\n<p><b>C2 (Rillieux  Part-Dieu)<\/b> : fr\u00e9quence renforc\u00e9e avec un bus toutes les 30 minutes jusqu&rsquo;\u00e0 1h.<\/p>\n<p><b>C5 (Rillieux  Cordeliers)<\/b> : circule jusqu&rsquo;\u00e0 1h du matin.<\/p>\n<p><b>C23 (Cit\u00e9 Internationale  Flachet)<\/b> : prolong\u00e9e jusqu&rsquo;\u00e0 1h, avec une fr\u00e9quence doubl\u00e9e.<\/p>\n<p>Favoriser la mobilit\u00e9 nocturne et la vie \u00e9tudiante<\/p>\n<p>Avec ce r\u00e9seau repens\u00e9, TCL veut encourager les mobilit\u00e9s nocturnes, r\u00e9duire la d\u00e9pendance \u00e0 la voiture et soutenir la vie culturelle, \u00e9tudiante et festive de la m\u00e9tropole de Lyon.<\/p>\n<p>Retrouvez les itin\u00e9raires et horaires d\u00e9taill\u00e9s sur le site officiel : <a class=\"url\" href=\"https:\/\/www.tcl.fr\/adof-pleine-lune\" target=\"_blank\" rel=\"nofollow noopener\">www.tcl.fr<\/a>.<\/p>\n<p><\/p>\n","protected":false},"excerpt":{"rendered":"TCL lance son nouveau r\u00e9seau de nuit \u00ab\u00a0Pleine Lune\u00a0\u00bb d\u00e8s le 5 septembre, \u00e0 Lyon. D\u00e8s le 5&hellip;\n","protected":false},"author":2,"featured_media":346198,"comment_status":"","ping_status":"","sticky":false,"template":"","format":"standard","meta":{"footnotes":""},"categories":[1889],"tags":[1111,11,2430,48220,1777,674,1011,27,48221,2428,12,48219,25,10213],"class_list":{"0":"post-346197","1":"post","2":"type-post","3":"status-publish","4":"format-standard","5":"has-post-thumbnail","7":"category-lyon","8":"tag-actu","9":"tag-actualites","10":"tag-auvergne-rhone-alpes","11":"tag-bus-de-nuit","12":"tag-eu","13":"tag-europe","14":"tag-fr","15":"tag-france","16":"tag-horaires-tcl","17":"tag-lyon","18":"tag-news","19":"tag-pleine-lune","20":"tag-republique-francaise","21":"tag-tcl"},"share_on_mastodon":{"url":"https:\/\/pubeurope.com\/@fr\/115097453773520987","error":""},"_links":{"self":[{"href":"https:\/\/www.europesays.com\/fr\/wp-json\/wp\/v2\/posts\/346197","targetHints":{"allow":["GET"]}}],"collection":[{"href":"https:\/\/www.europesays.com\/fr\/wp-json\/wp\/v2\/posts"}],"about":[{"href":"https:\/\/www.europesays.com\/fr\/wp-json\/wp\/v2\/types\/post"}],"author":[{"embeddable":true,"href":"https:\/\/www.europesays.com\/fr\/wp-json\/wp\/v2\/users\/2"}],"replies":[{"embeddable":true,"href":"https:\/\/www.europesays.com\/fr\/wp-json\/wp\/v2\/comments?post=346197"}],"version-history":[{"count":0,"href":"https:\/\/www.europesays.com\/fr\/wp-json\/wp\/v2\/posts\/346197\/revisions"}],"wp:featuredmedia":[{"embeddable":true,"href":"https:\/\/www.europesays.com\/fr\/wp-json\/wp\/v2\/media\/346198"}],"wp:attachment":[{"href":"https:\/\/www.europesays.com\/fr\/wp-json\/wp\/v2\/media?parent=346197"}],"wp:term":[{"taxonomy":"category","embeddable":true,"href":"https:\/\/www.europesays.com\/fr\/wp-json\/wp\/v2\/categories?post=346197"},{"taxonomy":"post_tag","embeddable":true,"href":"https:\/\/www.europesays.com\/fr\/wp-json\/wp\/v2\/tags?post=346197"}],"curies":[{"name":"wp","href":"https:\/\/api.w.org\/{rel}","templated":true}]}}