{"id":346210,"date":"2025-08-26T22:43:10","date_gmt":"2025-08-26T22:43:10","guid":{"rendered":"https:\/\/www.europesays.com\/fr\/346210\/"},"modified":"2025-08-26T22:43:10","modified_gmt":"2025-08-26T22:43:10","slug":"les-attaques-ukrainiennes-contre-loleoduc-droujba-revoltent-la-hongrie","status":"publish","type":"post","link":"https:\/\/www.europesays.com\/fr\/346210\/","title":{"rendered":"Les attaques ukrainiennes contre l\u2019ol\u00e9oduc Droujba r\u00e9voltent la Hongrie"},"content":{"rendered":"\n<p>Depuis la mi-ao\u00fbt, l\u2019ol\u00e9oduc Droujba (\u201camiti\u00e9\u201d, en russe) est devenu le nouveau point de friction entre Kiev, Budapest et Bratislava. Principale voie d\u2019exportation du p\u00e9trole russe vers l\u2019Europe, sa branche sud traverse l\u2019Ukraine, la Slovaquie, la Hongrie et la R\u00e9publique tch\u00e8que, <a href=\"https:\/\/www.dw.com\/ru\/slovakia-i-vengria-zaavili-o-vozobnovlenii-postavok-nefti-po-druzbe\/a-73697185\" target=\"_blank\" rel=\"noopener\">rappelle la r\u00e9daction russophone de la <strong>Deutsche Welle<\/strong><\/a><strong>.<\/strong> Aujourd\u2019hui, seuls Budapest et Bratislava ach\u00e8tent encore du p\u00e9trole russe, une d\u00e9pendance qui rend la Hongrie et la Slovaquie particuli\u00e8rement vuln\u00e9rables aux frappes ukrainiennes.<\/p>\n<p>Or, selon les autorit\u00e9s hongroises, \u201cKiev a frapp\u00e9 \u00e0 trois reprises \u2013\u00a0le 13, le 18 et le 22\u00a0ao\u00fbt\u00a0\u2013 la section sud de l\u2019ol\u00e9oduc\u201d, <a href=\"https:\/\/www.kommersant.ru\/doc\/7988948?from=main\" target=\"_blank\" rel=\"noopener\">rapporte le quotidien \u00e9conomique russe <strong>Kommersant<\/strong><\/a><strong>, <\/strong>provoquant ainsi plusieurs arr\u00eats temporaires d\u2019approvisionnement. Ces frappes ukrainiennes visent \u00e0 \u201cprovoquer une certaine agitation \u00e0 Moscou\u201d,<strong> <\/strong>estime Ivan Lizan, \u00e9conomiste <a href=\"https:\/\/vz.ru\/politics\/2025\/8\/22\/1354694.html\" target=\"_blank\" rel=\"noopener\">interrog\u00e9 par le journal pro-Kremlin <strong>Vzgliad<\/strong><\/a><strong>. <\/strong>Pour Budapest et Bratislava, en revanche, elles repr\u00e9sentent une menace directe pour leur s\u00e9curit\u00e9 \u00e9nerg\u00e9tique.<\/p>\n<p> Des actes \u201cr\u00e9voltants et scandaleux\u201d <\/p>\n<p>C\u2019est dans ce contexte d\u00e9j\u00e0 fragile qu\u2019a \u00e9clat\u00e9 un bras de fer politique. Le 24\u00a0ao\u00fbt, lors d\u2019une conf\u00e9rence de presse, Volodymyr Zelensky a \u00e9t\u00e9 interrog\u00e9 sur <a href=\"https:\/\/www.courrierinternational.com\/article\/la-hongrie-organise-une-votation-contre-l-entree-de-l-ukraine-dans-l-ue_229695\" target=\"_blank\" rel=\"noopener\">le veto hongrois \u00e0 l\u2019ouverture des n\u00e9gociations d\u2019adh\u00e9sion de l\u2019Ukraine<\/a><\/p>\n","protected":false},"excerpt":{"rendered":"Depuis la mi-ao\u00fbt, l\u2019ol\u00e9oduc Droujba (\u201camiti\u00e9\u201d, en russe) est devenu le nouveau point de friction entre Kiev, Budapest&hellip;\n","protected":false},"author":2,"featured_media":346211,"comment_status":"","ping_status":"","sticky":false,"template":"","format":"standard","meta":{"footnotes":""},"categories":[1590],"tags":[11,1777,674,1892,131,804,12,5821,132,10845,8904,220],"class_list":{"0":"post-346210","1":"post","2":"type-post","3":"status-publish","4":"format-standard","5":"has-post-thumbnail","7":"category-ukraine","8":"tag-actualites","9":"tag-eu","10":"tag-europe","11":"tag-gu00e9opolitique","12":"tag-guerre-en-ukraine","13":"tag-hongrie","14":"tag-news","15":"tag-pu00e9trole","16":"tag-russie","17":"tag-slovaquie","18":"tag-u00e9nergie","19":"tag-ukraine"},"share_on_mastodon":{"url":"https:\/\/pubeurope.com\/@fr\/115097488867998202","error":""},"_links":{"self":[{"href":"https:\/\/www.europesays.com\/fr\/wp-json\/wp\/v2\/posts\/346210","targetHints":{"allow":["GET"]}}],"collection":[{"href":"https:\/\/www.europesays.com\/fr\/wp-json\/wp\/v2\/posts"}],"about":[{"href":"https:\/\/www.europesays.com\/fr\/wp-json\/wp\/v2\/types\/post"}],"author":[{"embeddable":true,"href":"https:\/\/www.europesays.com\/fr\/wp-json\/wp\/v2\/users\/2"}],"replies":[{"embeddable":true,"href":"https:\/\/www.europesays.com\/fr\/wp-json\/wp\/v2\/comments?post=346210"}],"version-history":[{"count":0,"href":"https:\/\/www.europesays.com\/fr\/wp-json\/wp\/v2\/posts\/346210\/revisions"}],"wp:featuredmedia":[{"embeddable":true,"href":"https:\/\/www.europesays.com\/fr\/wp-json\/wp\/v2\/media\/346211"}],"wp:attachment":[{"href":"https:\/\/www.europesays.com\/fr\/wp-json\/wp\/v2\/media?parent=346210"}],"wp:term":[{"taxonomy":"category","embeddable":true,"href":"https:\/\/www.europesays.com\/fr\/wp-json\/wp\/v2\/categories?post=346210"},{"taxonomy":"post_tag","embeddable":true,"href":"https:\/\/www.europesays.com\/fr\/wp-json\/wp\/v2\/tags?post=346210"}],"curies":[{"name":"wp","href":"https:\/\/api.w.org\/{rel}","templated":true}]}}