{"id":346216,"date":"2025-08-26T22:46:29","date_gmt":"2025-08-26T22:46:29","guid":{"rendered":"https:\/\/www.europesays.com\/fr\/346216\/"},"modified":"2025-08-26T22:46:29","modified_gmt":"2025-08-26T22:46:29","slug":"laccuse-condamne-a-une-peine-de-prison-a-perpetuite-la-mort-delena-doit-servir-delectrochoc","status":"publish","type":"post","link":"https:\/\/www.europesays.com\/fr\/346216\/","title":{"rendered":"l&rsquo;accus\u00e9 condamn\u00e9 \u00e0 une peine de prison \u00e0 perp\u00e9tuit\u00e9, \u00ab\u00a0la mort d\u2019Elena doit servir d\u2019\u00e9lectrochoc\u00a0\u00bb"},"content":{"rendered":"<p class=\"article__intro\">Ce mardi 26 ao\u00fbt, la justice allemande a d\u00e9clar\u00e9 Konstantin Charles Knodel coupable du meurtre d&rsquo;Elena Chaplin, son ancienne psychologue. L&rsquo;homme de 43 ans l&rsquo;avait poignard\u00e9e \u00e0 mort devant son cabinet le 11 f\u00e9vrier 2025. Il est condamn\u00e9 \u00e0 la prison \u00e0 perp\u00e9tuit\u00e9.<\/p>\n<p>\n      La Quotidienne Soci\u00e9t\u00e9\n    <\/p>\n<p>\n      De la vie quotidienne aux grands enjeux, recevez tous les jours les sujets qui font la soci\u00e9t\u00e9 locale, comme la justice, l\u2019\u00e9ducation, la sant\u00e9 et la famille.\n    <\/p>\n<p>    France T\u00e9l\u00e9visions utilise votre adresse e-mail afin de vous envoyer la newsletter \u00ab\u00a0La Quotidienne Soci\u00e9t\u00e9\u00a0\u00bb. Vous pouvez vous d\u00e9sinscrire \u00e0 tout moment via le lien en bas de cette newsletter. <a target=\"_blank\" href=\"https:\/\/www.francetelevisions.fr\/groupe\/confidentialite\/politique-de-confidentialite\/politique-de-confidentialite-de-france-televisions-6503\" rel=\"nofollow noopener\">Notre politique de confidentialit\u00e9<\/a><\/p>\n<p><a href=\"https:\/\/france3-regions.franceinfo.fr\/grand-est\/bas-rhin\/strasbourg-0\/meurtre-au-couteau-d-une-psychotherapeute-francaise-le-proces-s-ouvre-en-allemagne-3184098.html\" target=\"_blank\" rel=\"noopener noreferrer nofollow\" data-tooltip-url=\"https:\/\/france3-regions.franceinfo.fr\/grand-est\/bas-rhin\/strasbourg-0\/meurtre-au-couteau-d-une-psychotherapeute-francaise-le-proces-s-ouvre-en-allemagne-3184098.html\">Il encourrait la prison \u00e0 perp\u00e9tuit\u00e9 avec circonstances aggravantes<\/a>, la peine maximale en droit allemand. C&rsquo;est ce \u00e0 quoi il a \u00e9t\u00e9 condamn\u00e9 par la justice, ce mardi 26\u00a0ao\u00fbt. Apr\u00e8s six\u00a0audiences, qui se sont tenues \u00e0 partir du 8\u00a0juillet, Konstantin Charles Knodel a \u00e9t\u00e9 reconnu coupable du meurtre de son ancienne psychoth\u00e9rapeute par le tribunal de grande instance d&rsquo;Offenbourg.<\/p>\n<p>La cour a notamment retenu des faits de pr\u00e9m\u00e9ditation et la compl\u00e8te responsabilit\u00e9 de ses actes au moment du crime. Le mis en cause est rest\u00e9 silencieux et impassible, tout au long du proc\u00e8s. Il avait \u00e9galement interdit \u00e0 son avocat de le d\u00e9fendre.<\/p>\n<p>Les faits se sont d\u00e9roul\u00e9s le mardi 11\u00a0f\u00e9vrier 2025, \u00e0 Offenbourg, devant le cabinet d&rsquo;Elena Chaplin, strasbourgeoise de 37\u00a0ans. Konstantin Charles Knodel sait que ce jour-l\u00e0, Elena Chaplin travaille tard. Il l&rsquo;attend sur le parking o\u00f9 elle a l&rsquo;habitude de garer sa voiture et quand elle quitte le travail, il la poignarde \u00e0 38\u00a0reprises. La psychoth\u00e9rapeute meurt sur place. Circonstance aggravante non-retenue par la justice, il ignorait qu&rsquo;elle \u00e9tait enceinte de quatre mois.<\/p>\n<p> Konstantin Charles Knodel <a href=\"https:\/\/france3-regions.franceinfo.fr\/grand-est\/bas-rhin\/strasbourg-0\/une-strasbourgeoise-est-morte-apres-avoir-ete-grievement-blesse-a-offenbourg-3106918.html\" target=\"_blank\" rel=\"noopener noreferrer nofollow\" data-tooltip-url=\"https:\/\/france3-regions.franceinfo.fr\/grand-est\/bas-rhin\/strasbourg-0\/une-strasbourgeoise-est-morte-apres-avoir-ete-grievement-blesse-a-offenbourg-3106918.html\">est arr\u00eat\u00e9 le lendemain<\/a>, le 12\u00a0f\u00e9vrier \u00e0 son domicile.<\/p>\n<\/p>\n<p>L&rsquo;homme de 43\u00a0ans, de nationalit\u00e9s fran\u00e7aise et allemande, est n\u00e9 \u00e0 Neuilly-sur-Seine (Hauts de Seine), o\u00f9 il a \u00e9t\u00e9 condamn\u00e9 en\u00a02004 \u00e0 <a href=\"https:\/\/france3-regions.franceinfo.fr\/grand-est\/bas-rhin\/strasbourg-0\/une-strasbourgeoise-tuee-en-allemagne-ce-que-l-on-sait-du-suspect-deja-condamne-pour-meurtre-3107731.html\" target=\"_blank\" rel=\"noopener noreferrer nofollow\" data-tooltip-url=\"https:\/\/france3-regions.franceinfo.fr\/grand-est\/bas-rhin\/strasbourg-0\/une-strasbourgeoise-tuee-en-allemagne-ce-que-l-on-sait-du-suspect-deja-condamne-pour-meurtre-3107731.html\">15\u00a0ans de prison pour le meurtre de son voisin<\/a>. C&rsquo;est \u00e0 la suite de sa lib\u00e9ration anticip\u00e9e en\u00a02015 qu&rsquo;il d\u00e9m\u00e9nage en Allemagne. Il avait \u00e9t\u00e9 le patient d&rsquo;Elena Chaplin dans un institut pour personnes atteintes de maladie mentale en 2021.<\/p>\n<p>\u00c0 l&rsquo;occasion d&rsquo;une conf\u00e9rence de presse donn\u00e9e \u00e0 l&rsquo;issue du verdict, la famille d&rsquo;Elena Chaplin a remerci\u00e9 chaleureusement la justice. Mais elle a aussi tenu \u00e0 rappeler les manquements survenus dans l&rsquo;affaire. \u00ab\u00a0Des alertes ont \u00e9t\u00e9 ignor\u00e9es, des signaux de d\u00e9tresse n\u2019ont pas \u00e9t\u00e9 pris au s\u00e9rieux et des mesures qui auraient pu pr\u00e9venir ce drame n\u2019ont jamais \u00e9t\u00e9 mises en place\u00a0\u00bb, a d\u00e9clar\u00e9 Pierrick Chaplin, le p\u00e8re d&rsquo;Elena Chaplin.<\/p>\n<p>En d\u00e9cembre 2023, la psychoth\u00e9rapeute avait re\u00e7u des menaces de mort de la part de Konstantin Charles Knodel, Elle avait pr\u00e9c\u00e9demment mis fin \u00e0 son suivi car elle le trouvait \u00ab\u00a0dangereux et manipulateur\u00a0\u00bb, selon son mari. Une enqu\u00eate de la police allemande avait conclu que le mis en cause n&rsquo;\u00e9tait \u00ab\u00a0pas dangereux\u00a0\u00bb. Une commande de couteaux, une ceinture pour porter des armes et une veste de protection avaient pourtant \u00e9t\u00e9 retrouv\u00e9es chez lui.<\/p>\n<p>Au proc\u00e8s, 43\u00a0personnes qui connaissaient le meurtrier ont t\u00e9moign\u00e9 (policiers, travailleurs sociaux, psychologues, m\u00e9decins&#8230;). L&rsquo;avocat de la famille d\u00e9plore le manque d&rsquo;initiatives pour signaler sa dangerosit\u00e9. \u00ab\u00a0Ce qui me rend fou, c&rsquo;est qu&rsquo;aucune de ces 43\u00a0personnes n&rsquo;a regard\u00e9 la famille lors du proc\u00e8s. Aucun d&rsquo;eux n&rsquo;a cherch\u00e9 le contact visuel avec les proches. Personne n&rsquo;a dit \u00ab\u00a0peut-\u00eatre que je me suis tromp\u00e9 dans mon avis sur lui\u00a0\u00bb. Non, ils sont rest\u00e9s droits dans leurs bottes, ils ont fait leur devoir, personne n&rsquo;a fait d&rsquo;erreur.\u00a0\u00bb<\/p>\n<p>\u00ab\u00a0La mort d\u2019Elena doit servir d\u2019\u00e9lectrochoc\u00a0\u00bb, a ajout\u00e9 le p\u00e8re de la victime. \u00ab\u00a0Il est temps que les autorit\u00e9s comp\u00e9tentes assument leurs responsabilit\u00e9s et revoient leurs pratiques afin que plus jamais une famille n\u2019ait \u00e0 vivre une telle \u00e9preuve.\u00a0\u00bb<\/p>\n<p>La peine de prison de Konstantin Charles Knodel pourra \u00eatre r\u00e9examin\u00e9e apr\u00e8s 15\u00a0ans de d\u00e9tention, s&rsquo;il accepte de suivre des soins et une th\u00e9rapie. Malgr\u00e9 tout, une lib\u00e9ration conditionnelle serait pour lui tr\u00e8s difficile \u00e0 obtenir au vu des circonstances aggravantes retenues.<\/p>\n","protected":false},"excerpt":{"rendered":"Ce mardi 26 ao\u00fbt, la justice allemande a d\u00e9clar\u00e9 Konstantin Charles Knodel coupable du meurtre d&rsquo;Elena Chaplin, son&hellip;\n","protected":false},"author":2,"featured_media":346217,"comment_status":"","ping_status":"","sticky":false,"template":"","format":"standard","meta":{"footnotes":""},"categories":[1587],"tags":[11,672,1804,1805,1803,1777,674,1801,12,1802],"class_list":{"0":"post-346216","1":"post","2":"type-post","3":"status-publish","4":"format-standard","5":"has-post-thumbnail","7":"category-allemagne","8":"tag-actualites","9":"tag-allemagne","10":"tag-bundesrepublik-deutschland","11":"tag-de","12":"tag-deutschland","13":"tag-eu","14":"tag-europe","15":"tag-germany","16":"tag-news","17":"tag-republique-federale-dallemagne"},"share_on_mastodon":{"url":"https:\/\/pubeurope.com\/@fr\/115097500626029830","error":""},"_links":{"self":[{"href":"https:\/\/www.europesays.com\/fr\/wp-json\/wp\/v2\/posts\/346216","targetHints":{"allow":["GET"]}}],"collection":[{"href":"https:\/\/www.europesays.com\/fr\/wp-json\/wp\/v2\/posts"}],"about":[{"href":"https:\/\/www.europesays.com\/fr\/wp-json\/wp\/v2\/types\/post"}],"author":[{"embeddable":true,"href":"https:\/\/www.europesays.com\/fr\/wp-json\/wp\/v2\/users\/2"}],"replies":[{"embeddable":true,"href":"https:\/\/www.europesays.com\/fr\/wp-json\/wp\/v2\/comments?post=346216"}],"version-history":[{"count":0,"href":"https:\/\/www.europesays.com\/fr\/wp-json\/wp\/v2\/posts\/346216\/revisions"}],"wp:featuredmedia":[{"embeddable":true,"href":"https:\/\/www.europesays.com\/fr\/wp-json\/wp\/v2\/media\/346217"}],"wp:attachment":[{"href":"https:\/\/www.europesays.com\/fr\/wp-json\/wp\/v2\/media?parent=346216"}],"wp:term":[{"taxonomy":"category","embeddable":true,"href":"https:\/\/www.europesays.com\/fr\/wp-json\/wp\/v2\/categories?post=346216"},{"taxonomy":"post_tag","embeddable":true,"href":"https:\/\/www.europesays.com\/fr\/wp-json\/wp\/v2\/tags?post=346216"}],"curies":[{"name":"wp","href":"https:\/\/api.w.org\/{rel}","templated":true}]}}