{"id":346218,"date":"2025-08-26T22:47:09","date_gmt":"2025-08-26T22:47:09","guid":{"rendered":"https:\/\/www.europesays.com\/fr\/346218\/"},"modified":"2025-08-26T22:47:09","modified_gmt":"2025-08-26T22:47:09","slug":"ruben-amorim-soulage-de-ne-pas-jouer-leurope-angleterre-manchester-united","status":"publish","type":"post","link":"https:\/\/www.europesays.com\/fr\/346218\/","title":{"rendered":"R\u00faben Amorim soulag\u00e9 de ne pas jouer l\u2019Europe &#8211; Angleterre &#8211; Manchester United"},"content":{"rendered":"<p>Un fervent partisan du Brexit ?<\/p>\n<p>Ce sera suffisamment rare cette saison pour qu\u2019on le souligne : Manchester United jouera en milieu de semaine, <strong>mercredi, face \u00e0 Grimsby, modeste pensionnaire de League Two<\/strong>. L\u2019occasion de d\u00e9crocher une premi\u00e8re victoire cette saison, tout en se qualifiant pour le troisi\u00e8me tour de la League Cup. De l\u2019aveu de R\u00faben Amorim, <strong>l\u2019absence de Coupe d\u2019Europe au calendrier<\/strong> des Red Devils est m\u00eame une bonne chose.<\/p>\n<p>\u00ab\u202fNous ne sommes <strong>pas pr\u00e9par\u00e9s \u00e0 jouer l\u2019Europe et la Premier League<\/strong>, d\u2019avoir des gros matchs en Ligue des champions et d\u2019encha\u00eener avec la Premier League. C\u2019est mon sentiment, a-t-il l\u00e2ch\u00e9 en conf\u00e9rence de presse alors que son club n\u2019avait plus connu une saison sans comp\u00e9tition europ\u00e9enne depuis 2014-2015. Nous avons besoin de temps pour nous d\u00e9velopper en tant qu\u2019\u00e9quipe. Il nous faut du temps pour construire une base et, ensuite, avancer.\u202f\u00bb<\/p>\n<p>Mieux vaudrait balancer la League Cup et la FA Cup pour \u00e9viter de surcharger le calendrier.<\/p>\n<p>\t\t\t\t\t\t\t\t\t\t<a class=\"lien-connexe\" href=\"https:\/\/www.sofoot.com\/breves\/mercato-rasmus-hojlund-pourrait-se-relancer-a-naples-ou-a-milan\" rel=\"nofollow noopener\" target=\"_blank\">Rasmus H\u00f8jlund a des touches en Italie<\/a>\t\t\t\t\t<\/p>\n","protected":false},"excerpt":{"rendered":"Un fervent partisan du Brexit ? Ce sera suffisamment rare cette saison pour qu\u2019on le souligne : Manchester&hellip;\n","protected":false},"author":2,"featured_media":346219,"comment_status":"","ping_status":"","sticky":false,"template":"","format":"standard","meta":{"footnotes":""},"categories":[1586],"tags":[47,11,61,69,65,64,1777,674,63,1011,27,68,66,12,62,70,25,67],"class_list":{"0":"post-346218","1":"post","2":"type-post","3":"status-publish","4":"format-standard","5":"has-post-thumbnail","7":"category-europe","8":"tag-actualite","9":"tag-actualites","10":"tag-actus-football","11":"tag-bundesliga","12":"tag-championnats-europeens","13":"tag-equipe-de-france","14":"tag-eu","15":"tag-europe","16":"tag-football","17":"tag-fr","18":"tag-france","19":"tag-ligua","20":"tag-ligue-1","21":"tag-news","22":"tag-news-foot","23":"tag-premier-league","24":"tag-republique-francaise","25":"tag-serie-a"},"share_on_mastodon":{"url":"https:\/\/pubeurope.com\/@fr\/115097504571005979","error":""},"_links":{"self":[{"href":"https:\/\/www.europesays.com\/fr\/wp-json\/wp\/v2\/posts\/346218","targetHints":{"allow":["GET"]}}],"collection":[{"href":"https:\/\/www.europesays.com\/fr\/wp-json\/wp\/v2\/posts"}],"about":[{"href":"https:\/\/www.europesays.com\/fr\/wp-json\/wp\/v2\/types\/post"}],"author":[{"embeddable":true,"href":"https:\/\/www.europesays.com\/fr\/wp-json\/wp\/v2\/users\/2"}],"replies":[{"embeddable":true,"href":"https:\/\/www.europesays.com\/fr\/wp-json\/wp\/v2\/comments?post=346218"}],"version-history":[{"count":0,"href":"https:\/\/www.europesays.com\/fr\/wp-json\/wp\/v2\/posts\/346218\/revisions"}],"wp:featuredmedia":[{"embeddable":true,"href":"https:\/\/www.europesays.com\/fr\/wp-json\/wp\/v2\/media\/346219"}],"wp:attachment":[{"href":"https:\/\/www.europesays.com\/fr\/wp-json\/wp\/v2\/media?parent=346218"}],"wp:term":[{"taxonomy":"category","embeddable":true,"href":"https:\/\/www.europesays.com\/fr\/wp-json\/wp\/v2\/categories?post=346218"},{"taxonomy":"post_tag","embeddable":true,"href":"https:\/\/www.europesays.com\/fr\/wp-json\/wp\/v2\/tags?post=346218"}],"curies":[{"name":"wp","href":"https:\/\/api.w.org\/{rel}","templated":true}]}}