{"id":346220,"date":"2025-08-26T22:48:20","date_gmt":"2025-08-26T22:48:20","guid":{"rendered":"https:\/\/www.europesays.com\/fr\/346220\/"},"modified":"2025-08-26T22:48:20","modified_gmt":"2025-08-26T22:48:20","slug":"plus-de-40-milliards-deuros-depenses-en-2023-pour-la-lutte-contre-les-incendies","status":"publish","type":"post","link":"https:\/\/www.europesays.com\/fr\/346220\/","title":{"rendered":"plus de 40 milliards d\u2019euros d\u00e9pens\u00e9s en 2023 pour la lutte contre les incendies"},"content":{"rendered":"<p>            <a href=\"https:\/\/industries.ma\/wp-content\/uploads\/2025\/08\/incendie.jpg\" data-caption=\"En 2023, les \u00c9tats membres de l\u2019UE ont consacr\u00e9 40,6 milliards d\u2019euros \u00e0 la protection contre les incendies, selon Eurostat.\" rel=\"nofollow noopener\" target=\"_blank\"><img loading=\"lazy\" decoding=\"async\" width=\"696\" height=\"392\" class=\"entry-thumb td-modal-image\" src=\"https:\/\/www.europesays.com\/fr\/wp-content\/uploads\/2025\/08\/incendie-696x392.jpg\"   alt=\"UE : plus de 40 milliards d\u2019euros d\u00e9pens\u00e9s en 2023 pour la lutte contre les incendies\" title=\"UE : plus de 40 milliards d\u2019euros d\u00e9pens\u00e9s en 2023 pour la lutte contre les incendies\"\/><\/a>En 2023, les \u00c9tats membres de l\u2019UE ont consacr\u00e9 40,6 milliards d\u2019euros \u00e0 la protection contre les incendies, selon Eurostat.<\/p>\n<p>    <a href=\"https:\/\/www.fiat.ma\/promotions\/fiat-titano?utm_source=IDM&amp;utm_medium=RTB-RPR&amp;utm_campaign=TITANOIDMJULY25_MO_FIAT_VN_Fleet-LCV-LEV_Launch_RTB-RPR_I_ElseNo_LDS_LEAD_NA_NA&amp;partner_uid=HashedMail\" rel=\"nofollow noopener\" target=\"_blank\"><img decoding=\"async\" src=\"https:\/\/www.europesays.com\/fr\/wp-content\/uploads\/2025\/07\/Bilboard-Mobile-Desktop-970x250-1.jpg\" alt=\"\"\/><\/a><\/p>\n<p style=\"text-align: justify\"><strong>Les \u00c9tats membres de l\u2019Union europ\u00e9enne (UE) ont consacr\u00e9 40,6 milliards d\u2019euros aux services de protection contre les incendies en 2023, selon des donn\u00e9es publi\u00e9es par Eurostat.<\/strong><\/p>\n<p style=\"text-align: justify\" data-start=\"350\" data-end=\"596\">Ce montant marque une hausse de 8,5 % par rapport \u00e0 2022 (37,4 milliards d\u2019euros). Toutefois, la part des d\u00e9penses li\u00e9es \u00e0 la protection contre les incendies demeure stable, repr\u00e9sentant 0,5 % des d\u00e9penses publiques totales de l\u2019UE depuis 2017.<\/p>\n<p style=\"text-align: justify\" data-start=\"598\" data-end=\"947\">De fortes disparit\u00e9s existent entre pays : la Roumanie a enregistr\u00e9 la part la plus \u00e9lev\u00e9e en 2023 avec 0,9 % des d\u00e9penses publiques d\u00e9di\u00e9es aux services d\u2019incendie, suivie par l\u2019Estonie et la Gr\u00e8ce (0,7 % chacune). \u00c0 l\u2019oppos\u00e9, le Danemark (0,1 %), Malte (0,2 %), ainsi que le Portugal et l\u2019Autriche (0,3 %) affichaient les parts les plus faibles.<\/p>\n<p style=\"text-align: justify\" data-start=\"949\" data-end=\"1354\">Par ailleurs, l\u2019UE comptait 390.600 pompiers professionnels en 2024, soit 0,19 % de l\u2019emploi total, en progression de 28.200 par rapport \u00e0 2023. La Croatie (0,45 %), la Gr\u00e8ce (0,41 %) et la Tch\u00e9quie (0,34 %) pr\u00e9sentaient les proportions les plus \u00e9lev\u00e9es de pompiers dans la population active, tandis que les plus faibles ont \u00e9t\u00e9 relev\u00e9es aux Pays-Bas (0,07 %), au Danemark (0,08 %) et en Su\u00e8de (0,10 %).<\/p>\n<p style=\"text-align: justify\" data-start=\"1356\" data-end=\"1565\">Eurostat souligne \u00e9galement que 75,2 % des pompiers professionnels europ\u00e9ens avaient entre 15 et 49 ans, contre 64,8 % pour l\u2019ensemble des travailleurs, traduisant une main-d\u2019\u0153uvre plus jeune que la moyenne.<\/p>\n<p>    <a href=\"https:\/\/www.sahambank.com\/\" rel=\"nofollow noopener\" target=\"_blank\"><img decoding=\"async\" src=\"https:\/\/www.europesays.com\/fr\/wp-content\/uploads\/2025\/07\/SG-970X250-2.jpg\" alt=\"\"\/><\/a>        <\/p>\n","protected":false},"excerpt":{"rendered":"En 2023, les \u00c9tats membres de l\u2019UE ont consacr\u00e9 40,6 milliards d\u2019euros \u00e0 la protection contre les incendies,&hellip;\n","protected":false},"author":2,"featured_media":298315,"comment_status":"","ping_status":"","sticky":false,"template":"","format":"standard","meta":{"footnotes":""},"categories":[1586],"tags":[11,1777,674,1779,1011,27,12,25,1778,364],"class_list":{"0":"post-346220","1":"post","2":"type-post","3":"status-publish","4":"format-standard","5":"has-post-thumbnail","7":"category-europe","8":"tag-actualites","9":"tag-eu","10":"tag-europe","11":"tag-european-union","12":"tag-fr","13":"tag-france","14":"tag-news","15":"tag-republique-francaise","16":"tag-ue","17":"tag-union-europeenne"},"share_on_mastodon":{"url":"https:\/\/pubeurope.com\/@fr\/115097508607909439","error":""},"_links":{"self":[{"href":"https:\/\/www.europesays.com\/fr\/wp-json\/wp\/v2\/posts\/346220","targetHints":{"allow":["GET"]}}],"collection":[{"href":"https:\/\/www.europesays.com\/fr\/wp-json\/wp\/v2\/posts"}],"about":[{"href":"https:\/\/www.europesays.com\/fr\/wp-json\/wp\/v2\/types\/post"}],"author":[{"embeddable":true,"href":"https:\/\/www.europesays.com\/fr\/wp-json\/wp\/v2\/users\/2"}],"replies":[{"embeddable":true,"href":"https:\/\/www.europesays.com\/fr\/wp-json\/wp\/v2\/comments?post=346220"}],"version-history":[{"count":0,"href":"https:\/\/www.europesays.com\/fr\/wp-json\/wp\/v2\/posts\/346220\/revisions"}],"wp:featuredmedia":[{"embeddable":true,"href":"https:\/\/www.europesays.com\/fr\/wp-json\/wp\/v2\/media\/298315"}],"wp:attachment":[{"href":"https:\/\/www.europesays.com\/fr\/wp-json\/wp\/v2\/media?parent=346220"}],"wp:term":[{"taxonomy":"category","embeddable":true,"href":"https:\/\/www.europesays.com\/fr\/wp-json\/wp\/v2\/categories?post=346220"},{"taxonomy":"post_tag","embeddable":true,"href":"https:\/\/www.europesays.com\/fr\/wp-json\/wp\/v2\/tags?post=346220"}],"curies":[{"name":"wp","href":"https:\/\/api.w.org\/{rel}","templated":true}]}}