{"id":346227,"date":"2025-08-26T22:54:13","date_gmt":"2025-08-26T22:54:13","guid":{"rendered":"https:\/\/www.europesays.com\/fr\/346227\/"},"modified":"2025-08-26T22:54:13","modified_gmt":"2025-08-26T22:54:13","slug":"transferts-top-14-la-rochelle-securise-son-pilier-droit-aleksandre-kuntelia","status":"publish","type":"post","link":"https:\/\/www.europesays.com\/fr\/346227\/","title":{"rendered":"Transferts \/ Top 14 \u2013 La\u00a0Rochelle s\u00e9curise son pilier droit Aleksandre Kuntelia"},"content":{"rendered":"<p>\n                Davantage actif sur le march\u00e9 des transferts avec cinq arriv\u00e9es \u00e0 l\u2019intersaison, le Stade rochelais n\u2019en oublie pas de prolonger ses joueurs. Le pilier international g\u00e9orgien\u00a0Aleksandre Kuntelia devrait poursuivre son aventure dans la cit\u00e9 maritime lors des prochaines saisons.\n            <\/p>\n<p data-end=\"737\" data-start=\"0\">Contrairement \u00e0 la saison pass\u00e9e, le Stade rochelais s\u2019est montr\u00e9 plus vif sur le march\u00e9 des transferts en attirant cinq joueurs, et pas des moindres, dans ses filets (Le Garrec, Niniashvili, Pacome, Lagivala et Galvan). Mais, comme il a su le faire avec ses joueurs cadres ces derni\u00e8res ann\u00e9es, les dirigeants rochelais ont aussi pris soin de prolonger des joueurs importants. Ce fut le cas avec les Alldritt, Boudehent, Atonio, Bourgarit, etc. \u00c7a l\u2019est encore en cet \u00e9t\u00e9 2025.<\/p>\n<p data-end=\"737\" data-start=\"0\">D\u2019apr\u00e8s une information de <a href=\"https:\/\/www.sudouest.fr\/sport\/rugby\/stade-rochelais\/stade-rochelais-aleksandre-kuntelia-prolonge-jusqu-en-2028-25657155.php\" target=\"_self\" rel=\"nofollow noopener\"><strong>Sud Ouest<\/strong><\/a>, le pilier droit Aleksandre Kuntelia a prolong\u00e9 son contrat de deux saisons suppl\u00e9mentaires. L\u2019international g\u00e9orgien (sept s\u00e9lections) est d\u00e9sormais engag\u00e9 jusqu\u2019en 2028 avec le club \u00e0 la caravelle.<\/p>\n<p>Crucial en l\u2019absence d\u2019Atonio<\/p>\n<p>La prolongation de Kuntelia est une bonne nouvelle pour le Stade rochelais, qui s\u00e9curise ainsi un joueur qui arrivait en fin de contrat \u00e0 l\u2019issue de la saison. Auteur de 21 matchs en 2024-2025 (dont huit comme titulaire), le G\u00e9orgien sera d\u2019autant plus important dans cette premi\u00e8re partie de saison en raison de l\u2019absence de Uini Atonio, bless\u00e9 plusieurs mois. \u00c0 ce poste de pilier droit, La Rochelle peut compter sur Kuntelia, donc, mais aussi sur le jeune Karl Sorin (22 ans), revenu de son pr\u00eat \u00e0 Soyaux-Angoul\u00eame o\u00f9 il a pu grappiller un peu de temps de jeu (10 rencontres).<\/p>\n<p>La nouvelle recrue, le jeune Argentin Gael Galvan (20 ans), et son physique impressionnant, pourrait aussi avoir son mot \u00e0 dire, en attendant le retour de son homologue Joel Sclavi, retenu avec les Pumas pour le Rugby Championship. Ce jeudi, les Rochelais disputeront leur seul match amical de pr\u00e9paration contre Pau \u00e0 Mont-de-Marsan, avant d\u2019entamer le Top 14 par un d\u00e9placement \u00e0 Bordeaux, le 6 septembre prochain (21h05).<\/p>\n","protected":false},"excerpt":{"rendered":"Davantage actif sur le march\u00e9 des transferts avec cinq arriv\u00e9es \u00e0 l\u2019intersaison, le Stade rochelais n\u2019en oublie pas&hellip;\n","protected":false},"author":2,"featured_media":346228,"comment_status":"","ping_status":"","sticky":false,"template":"","format":"standard","meta":{"footnotes":""},"categories":[1416],"tags":[1011,27,479,1468,60],"class_list":{"0":"post-346227","1":"post","2":"type-post","3":"status-publish","4":"format-standard","5":"has-post-thumbnail","7":"category-rugby","8":"tag-fr","9":"tag-france","10":"tag-rugby","11":"tag-rugby-football","12":"tag-sports"},"share_on_mastodon":{"url":"https:\/\/pubeurope.com\/@fr\/115097532124656340","error":""},"_links":{"self":[{"href":"https:\/\/www.europesays.com\/fr\/wp-json\/wp\/v2\/posts\/346227","targetHints":{"allow":["GET"]}}],"collection":[{"href":"https:\/\/www.europesays.com\/fr\/wp-json\/wp\/v2\/posts"}],"about":[{"href":"https:\/\/www.europesays.com\/fr\/wp-json\/wp\/v2\/types\/post"}],"author":[{"embeddable":true,"href":"https:\/\/www.europesays.com\/fr\/wp-json\/wp\/v2\/users\/2"}],"replies":[{"embeddable":true,"href":"https:\/\/www.europesays.com\/fr\/wp-json\/wp\/v2\/comments?post=346227"}],"version-history":[{"count":0,"href":"https:\/\/www.europesays.com\/fr\/wp-json\/wp\/v2\/posts\/346227\/revisions"}],"wp:featuredmedia":[{"embeddable":true,"href":"https:\/\/www.europesays.com\/fr\/wp-json\/wp\/v2\/media\/346228"}],"wp:attachment":[{"href":"https:\/\/www.europesays.com\/fr\/wp-json\/wp\/v2\/media?parent=346227"}],"wp:term":[{"taxonomy":"category","embeddable":true,"href":"https:\/\/www.europesays.com\/fr\/wp-json\/wp\/v2\/categories?post=346227"},{"taxonomy":"post_tag","embeddable":true,"href":"https:\/\/www.europesays.com\/fr\/wp-json\/wp\/v2\/tags?post=346227"}],"curies":[{"name":"wp","href":"https:\/\/api.w.org\/{rel}","templated":true}]}}