{"id":346229,"date":"2025-08-26T22:55:10","date_gmt":"2025-08-26T22:55:10","guid":{"rendered":"https:\/\/www.europesays.com\/fr\/346229\/"},"modified":"2025-08-26T22:55:10","modified_gmt":"2025-08-26T22:55:10","slug":"giovanni-mpetshi-perricard-battu-dentree-a-lus-open-je-commencais-a-avoir-des-spasmes-lequipe","status":"publish","type":"post","link":"https:\/\/www.europesays.com\/fr\/346229\/","title":{"rendered":"Giovanni Mpetshi Perricard, battu d&#039;entr\u00e9e \u00e0 l&#039;US Open : \u00ab Je commen\u00e7ais \u00e0 avoir des spasmes \u00bb &#8211; L&#039;\u00c9quipe"},"content":{"rendered":"<ol>\n<li><a href=\"https:\/\/news.google.com\/rss\/articles\/CBMi0gFBVV95cUxOVHdqU1dsbnNpdkZTVWpIVW1OaHZtLXdoTlRQLS1idGEyNVNCVzUxVGtQX0FDMmc2d2d3VEdvWUN5MEhsN05QTG0zZjRvaHhPamJheEpjbVV4X2lmRFhCY1FqUGRhS2l4UmNHcUwxWDJiLWh0azVUU05kazhVUzZJRHhIa1dpSU9tcHN6VDdNd0ZUWlgyNVEyNGhPazljOFBPVk1kMzFUZDBxdXNyR0ZKekhMbEJ0YWsxd3hwTjd3Q3dwVDE3NXhIeDNGMUxubktFemc?oc=5\" target=\"_blank\" rel=\"nofollow noopener\">Giovanni Mpetshi Perricard, battu d&rsquo;entr\u00e9e \u00e0 l&rsquo;US Open : \u00ab Je commen\u00e7ais \u00e0 avoir des spasmes \u00bb<\/a>&nbsp;&nbsp;L&rsquo;\u00c9quipe<\/li>\n<li><a href=\"https:\/\/news.google.com\/rss\/articles\/CBMigAJBVV95cUxNamkzTTlOa0ROMHIzY2J2dWJFYTVpQm9IWENyeEtZZ19OekVRamtmb0tIREtRaWNwaUR6NHg4djloemFUMVpnV3lUQ3A2LWhydTBBTzNUMTcxbEJTYzRQZDlLcE9UUGtIZ2hlWVdud05xLW15bEdET0xDQjNzNmlxZlAzU19lbEo1QjNGQUVGX1dRLWVyUDFnNl9UUFp4V0tFRG5TY1VjSEJ0WGVPdDRua2x2bTFwMG1FdE9wYUVsY3hmSnBEYmhTMzBzU3V5ZXN2NVM2bl9KdUt6RnhMVllmWGtKaFoyZjRHeUExVUJ3NDVvc2ppNnJSMklXSUxKOVBu?oc=5\" target=\"_blank\" rel=\"nofollow noopener\">Mpetshi Perricard dompt\u00e9 par Musetti<\/a>&nbsp;&nbsp;Eurosport<\/li>\n<li><a href=\"https:\/\/news.google.com\/rss\/articles\/CBMizwFBVV95cUxNMk5IR29VbFBNSTRoQ2xnQVZmX0xTY1BoTjE1RXE1X3B5anBGWTltdkQwV1VxaGNWNTB6SWdyLWF1R1dOOXlmaXhvLXRBWkRUYnZuV3VJeUw1ODlNeEFhQUdtNThGRHJXMnNNaTZXaUU3TUE0LXJzc1hDVWpab01VeTdSY1hRemRMY3dBSVRDWWVXcm5NaU9fR2ZoWkJLRWpxQXdXcE5pUUNDTnRXSDhpcHV4c202V3ktNFpJVnZSZlZjZXRLZnRacTdXU3dLSVXSAc4BQVVfeXFMTmt3cEJ2clgyNFFSSEFrWTF4UDEybERYVUpQazNHYmpyODJ3VWtyOWRyTUJUU1F2b2ZWYTBZOFZyTEI4QnFxN3p1Y0pZYVNfQW1iTEtjNWx2amwyZVZlWkRaZjc3c3drMF83S25GLU1od1lrU0pDaVFFMXpLVGhfQnZHcFNsZnpYcjBTT2p5WFJmeks3Yl9oLXRLcUtJS3d4NDRCQWZHMkE4eTFEazBTYnpTTGVvOEF5Mk02OU9FV2xoTzRtY1V0Y3RuYlJBTHc?oc=5\" target=\"_blank\" rel=\"nofollow noopener\">US Open (H) : D\u00e9fait par Musetti, Mpetshi Perricard prend d\u00e9j\u00e0 la porte<\/a>&nbsp;&nbsp;Orange Actualit\u00e9s | Sports<\/li>\n<li><a href=\"https:\/\/news.google.com\/rss\/articles\/CBMirAFBVV95cUxNSDhsRm9nMVd4WWFDWXRuaTVmRzJ4dnBwQ2FteVNJbE5YdGZDZmdtSUZPeWx1R0tvdXpxTFZVM2x1TWJiaGY2SUVDUmdKRzg3Z29IS05MeGd4NkRhaExxY0M2LU84ZkF2ckNmd0NmNUVsN3A4YktVN19CRHdXNl80ZnZ0emx5VWF2cG42QXk1dU9VVDd0dEhXcWxWSnVyVFJRVVZzb1lLYWloaHpw?oc=5\" target=\"_blank\" rel=\"nofollow noopener\">US Open : Mpetshi Perricard stopp\u00e9 d\u2019entr\u00e9e par Musetti<\/a>&nbsp;&nbsp;Le Figaro<\/li>\n<li><a href=\"https:\/\/news.google.com\/rss\/articles\/CBMitgFBVV95cUxOQ1dscDlyUkN4WFNKVnFCU01xOVo5Zml6WDMwS2U1enJDbWg4alFVNjMzeVdCQWVtNTdYazNVWklrNThwclloZEQyNUhDXzRIeVB2NDJHajdLX1VPYlJaVFppaDk3WnRaUmNlSFI2U3RkbWxraWM2TUwwclgtcDhMdzlwN2E2Q016eS0tNUo3M191NnM4czJzbmtKdmcyOEFTS2dNRzY5SlNLZDVnNEN6d2JNeWxqdw?oc=5\" target=\"_blank\" rel=\"nofollow noopener\">Tennis. Giovanni Mpetshi Perricard \u00e9limin\u00e9 par Musetti au premier tour de l&rsquo;US Open<\/a>&nbsp;&nbsp;L&rsquo;Alsace<\/li>\n<\/ol>\n","protected":false},"excerpt":{"rendered":"Giovanni Mpetshi Perricard, battu d&rsquo;entr\u00e9e \u00e0 l&rsquo;US Open : \u00ab Je commen\u00e7ais \u00e0 avoir des spasmes \u00bb&nbsp;&nbsp;L&rsquo;\u00c9quipe Mpetshi&hellip;\n","protected":false},"author":2,"featured_media":346230,"comment_status":"","ping_status":"","sticky":false,"template":"","format":"standard","meta":{"footnotes":""},"categories":[1415],"tags":[1011,27,60,1467],"class_list":{"0":"post-346229","1":"post","2":"type-post","3":"status-publish","4":"format-standard","5":"has-post-thumbnail","7":"category-tennis","8":"tag-fr","9":"tag-france","10":"tag-sports","11":"tag-tennis"},"share_on_mastodon":{"url":"https:\/\/pubeurope.com\/@fr\/115097536007715629","error":""},"_links":{"self":[{"href":"https:\/\/www.europesays.com\/fr\/wp-json\/wp\/v2\/posts\/346229","targetHints":{"allow":["GET"]}}],"collection":[{"href":"https:\/\/www.europesays.com\/fr\/wp-json\/wp\/v2\/posts"}],"about":[{"href":"https:\/\/www.europesays.com\/fr\/wp-json\/wp\/v2\/types\/post"}],"author":[{"embeddable":true,"href":"https:\/\/www.europesays.com\/fr\/wp-json\/wp\/v2\/users\/2"}],"replies":[{"embeddable":true,"href":"https:\/\/www.europesays.com\/fr\/wp-json\/wp\/v2\/comments?post=346229"}],"version-history":[{"count":0,"href":"https:\/\/www.europesays.com\/fr\/wp-json\/wp\/v2\/posts\/346229\/revisions"}],"wp:featuredmedia":[{"embeddable":true,"href":"https:\/\/www.europesays.com\/fr\/wp-json\/wp\/v2\/media\/346230"}],"wp:attachment":[{"href":"https:\/\/www.europesays.com\/fr\/wp-json\/wp\/v2\/media?parent=346229"}],"wp:term":[{"taxonomy":"category","embeddable":true,"href":"https:\/\/www.europesays.com\/fr\/wp-json\/wp\/v2\/categories?post=346229"},{"taxonomy":"post_tag","embeddable":true,"href":"https:\/\/www.europesays.com\/fr\/wp-json\/wp\/v2\/tags?post=346229"}],"curies":[{"name":"wp","href":"https:\/\/api.w.org\/{rel}","templated":true}]}}