{"id":346235,"date":"2025-08-26T22:59:43","date_gmt":"2025-08-26T22:59:43","guid":{"rendered":"https:\/\/www.europesays.com\/fr\/346235\/"},"modified":"2025-08-26T22:59:43","modified_gmt":"2025-08-26T22:59:43","slug":"tour-de-lavenir-etang-sur-arroux-en-fete-avec-le-depart-de-la-3eme-etape-2","status":"publish","type":"post","link":"https:\/\/www.europesays.com\/fr\/346235\/","title":{"rendered":"Tour de l&rsquo;Avenir : Etang sur Arroux en f\u00eate avec le d\u00e9part de la 3\u00e8me \u00e9tape (2)"},"content":{"rendered":"<p>26\/08\/2025 19:49<\/p>\n<p>943 lectures<\/p>\n<p><a class=\"share\" href=\"https:\/\/www.autun-infos.com\/javascript:void(0)\" onclick=\"javascript:popup(&#039;https:\/\/m.facebook.com\/sharer.php?u=https:\/\/www.autun-infos.com\/news\/sport\/cyclisme\/tour-de-l-avenir-etang-sur-arroux-en-fete-avec-le-depart-de-la-3eme-etape-2.html&#039;)\" rel=\"nofollow noopener\" target=\"_blank\"><img decoding=\"async\" src=\"https:\/\/www.europesays.com\/fr\/wp-content\/uploads\/2025\/08\/share_facebook.png\"\/><\/a><a class=\"share\" href=\"https:\/\/www.autun-infos.com\/javascript:void(0)\" onclick=\"javascript:popup(&#039;https:\/\/twitter.com\/intent\/tweet?original_referer=https:\/\/www.autun-infos.com\/news\/sport\/cyclisme\/tour-de-l-avenir-etang-sur-arroux-en-fete-avec-le-depart-de-la-3eme-etape-2.html&amp;text=Tour+de+l%27Avenir+%3A+Etang+sur+Arroux+en+f%C3%AAte+avec+le+d%C3%A9part+de+la+3%C3%A8me+%C3%A9tape+%282%29&amp;tw_p=tweetbutton&amp;url=https:\/\/www.autun-infos.com\/news\/sport\/cyclisme\/tour-de-l-avenir-etang-sur-arroux-en-fete-avec-le-depart-de-la-3eme-etape-2.html&#039;)\" rel=\"nofollow noopener\" target=\"_blank\"><img decoding=\"async\" src=\"https:\/\/www.europesays.com\/fr\/wp-content\/uploads\/2025\/08\/share_x.png\"\/><\/a><a class=\"share\" href=\"https:\/\/www.autun-infos.com\/javascript:void(0)\" onclick=\"javascript:popup(&#039;https:\/\/www.linkedin.com\/sharing\/share-offsite\/?url=https:\/\/www.autun-infos.com\/news\/sport\/cyclisme\/tour-de-l-avenir-etang-sur-arroux-en-fete-avec-le-depart-de-la-3eme-etape-2.html&#039;)\" rel=\"nofollow noopener\" target=\"_blank\"><img decoding=\"async\" src=\"https:\/\/www.europesays.com\/fr\/wp-content\/uploads\/2025\/08\/share_linkedin.png\"\/><\/a><a class=\"print\" href=\"https:\/\/www.autun-infos.com\/news\/sport\/cyclisme\/tour-de-l-avenir-etang-sur-arroux-en-fete-avec-le-depart-de-la-3eme-etape-2-print.html\" target=\"_blank\" rel=\"nofollow noopener\"><img decoding=\"async\" src=\"https:\/\/www.europesays.com\/fr\/wp-content\/uploads\/2025\/08\/icon_print.png\"\/> IMPRIMER L&rsquo;ARTICLE<\/a><img decoding=\"async\" class=\"newsFullImg  \" src=\"https:\/\/www.europesays.com\/fr\/wp-content\/uploads\/2025\/08\/96619_1_full.jpg\"\/><\/p>\n<p>Une heure apr\u00e8s les hommes, les femmes sont elles parties en direction de Lugny.<\/p>\n<p><img decoding=\"async\" class=\"newsFullImg\" newsfullimgreduced=\"\" src=\"https:\/\/www.europesays.com\/fr\/wp-content\/uploads\/2025\/08\/96619_2_full.jpg\"\/><\/p>\n<p>Notre reportage photos.<\/p>\n<p><a href=\"https:\/\/www.elanchalon.com\/la-campagne-dabonnement-2025-2026-est-lancee\/\" target=\"_blank\" rel=\"nofollow noopener\"><img decoding=\"async\" border=\"0\" class=\"adImgWide\" src=\"https:\/\/www.europesays.com\/fr\/wp-content\/uploads\/2025\/07\/ad_innews_1_2_autun.jpg\"\/><\/a><\/p>\n<p>Apr\u00e8s le d\u00e9part du peloton hommes \u00e0 12 h 45, ce fut les \u00e9quipes f\u00e9minines qui se sont succ\u00e9d\u00e9 sur le podium pour les signatures et pr\u00e9sentation des \u00e9quipes femmes avant leur d\u00e9part direction Lugny, et c&rsquo;est 16 \u00e9quipes qui se sont engag\u00e9es dans ce tour 2025.\u00a0\u00a0Patrick VIEILLARD<br \/><img decoding=\"async\" src=\"https:\/\/www.europesays.com\/fr\/wp-content\/uploads\/2025\/08\/tour-de-l-avenir-etang-sur-arroux-en-fete-avec-le-depart-de-la-3eme-etape-1-284500.jpg\"\/><img decoding=\"async\" src=\"https:\/\/www.europesays.com\/fr\/wp-content\/uploads\/2025\/08\/tour-de-l-avenir-etang-sur-arroux-en-fete-avec-le-depart-de-la-3eme-etape-1-126946.jpg\"\/><img decoding=\"async\" src=\"https:\/\/www.europesays.com\/fr\/wp-content\/uploads\/2025\/08\/tour-de-l-avenir-etang-sur-arroux-en-fete-avec-le-depart-de-la-3eme-etape-1-388524.jpg\"\/><img decoding=\"async\" src=\"https:\/\/www.europesays.com\/fr\/wp-content\/uploads\/2025\/08\/tour-de-l-avenir-etang-sur-arroux-en-fete-avec-le-depart-de-la-3eme-etape-1-341910.jpg\"\/><br \/>\n<img decoding=\"async\" src=\"https:\/\/www.europesays.com\/fr\/wp-content\/uploads\/2025\/08\/tour-de-l-avenir-etang-sur-arroux-en-fete-avec-le-depart-de-la-3eme-etape-1-242699.jpg\"\/><img decoding=\"async\" src=\"https:\/\/www.europesays.com\/fr\/wp-content\/uploads\/2025\/08\/tour-de-l-avenir-etang-sur-arroux-en-fete-avec-le-depart-de-la-3eme-etape-1-86523.jpg\"\/><img decoding=\"async\" src=\"https:\/\/www.europesays.com\/fr\/wp-content\/uploads\/2025\/08\/tour-de-l-avenir-etang-sur-arroux-en-fete-avec-le-depart-de-la-3eme-etape-1-458452.jpg\"\/><img decoding=\"async\" src=\"https:\/\/www.europesays.com\/fr\/wp-content\/uploads\/2025\/08\/tour-de-l-avenir-etang-sur-arroux-en-fete-avec-le-depart-de-la-3eme-etape-1-277160.jpg\"\/><img decoding=\"async\" src=\"https:\/\/www.europesays.com\/fr\/wp-content\/uploads\/2025\/08\/tour-de-l-avenir-etang-sur-arroux-en-fete-avec-le-depart-de-la-3eme-etape-1-477739.jpg\"\/><br \/>\n<img decoding=\"async\" src=\"https:\/\/www.europesays.com\/fr\/wp-content\/uploads\/2025\/08\/tour-de-l-avenir-etang-sur-arroux-en-fete-avec-le-depart-de-la-3eme-etape-1-488544.jpg\"\/><img decoding=\"async\" src=\"https:\/\/www.europesays.com\/fr\/wp-content\/uploads\/2025\/08\/tour-de-l-avenir-etang-sur-arroux-en-fete-avec-le-depart-de-la-3eme-etape-1-277700.jpg\"\/><img decoding=\"async\" src=\"https:\/\/www.europesays.com\/fr\/wp-content\/uploads\/2025\/08\/tour-de-l-avenir-etang-sur-arroux-en-fete-avec-le-depart-de-la-3eme-etape-1-300120.jpg\"\/><img decoding=\"async\" src=\"https:\/\/www.europesays.com\/fr\/wp-content\/uploads\/2025\/08\/tour-de-l-avenir-etang-sur-arroux-en-fete-avec-le-depart-de-la-3eme-etape-1-6435.jpg\"\/><img decoding=\"async\" src=\"https:\/\/www.europesays.com\/fr\/wp-content\/uploads\/2025\/08\/tour-de-l-avenir-etang-sur-arroux-en-fete-avec-le-depart-de-la-3eme-etape-1-423306.jpg\"\/><br \/>\n<img decoding=\"async\" src=\"https:\/\/www.europesays.com\/fr\/wp-content\/uploads\/2025\/08\/tour-de-l-avenir-etang-sur-arroux-en-fete-avec-le-depart-de-la-3eme-etape-1-402783.jpg\"\/><img decoding=\"async\" src=\"https:\/\/www.europesays.com\/fr\/wp-content\/uploads\/2025\/08\/tour-de-l-avenir-etang-sur-arroux-en-fete-avec-le-depart-de-la-3eme-etape-1-179447.jpg\"\/><img decoding=\"async\" src=\"https:\/\/www.europesays.com\/fr\/wp-content\/uploads\/2025\/08\/tour-de-l-avenir-etang-sur-arroux-en-fete-avec-le-depart-de-la-3eme-etape-1-95954.jpg\"\/><img decoding=\"async\" src=\"https:\/\/www.europesays.com\/fr\/wp-content\/uploads\/2025\/08\/tour-de-l-avenir-etang-sur-arroux-en-fete-avec-le-depart-de-la-3eme-etape-1-312610.jpg\"\/><img decoding=\"async\" src=\"https:\/\/www.europesays.com\/fr\/wp-content\/uploads\/2025\/08\/tour-de-l-avenir-etang-sur-arroux-en-fete-avec-le-depart-de-la-3eme-etape-1-362352.jpg\"\/><br \/>\n<img decoding=\"async\" src=\"https:\/\/www.europesays.com\/fr\/wp-content\/uploads\/2025\/08\/tour-de-l-avenir-etang-sur-arroux-en-fete-avec-le-depart-de-la-3eme-etape-1-57939.jpg\"\/><img decoding=\"async\" src=\"https:\/\/www.europesays.com\/fr\/wp-content\/uploads\/2025\/08\/tour-de-l-avenir-etang-sur-arroux-en-fete-avec-le-depart-de-la-3eme-etape-1-227712.jpg\"\/><img decoding=\"async\" src=\"https:\/\/www.europesays.com\/fr\/wp-content\/uploads\/2025\/08\/tour-de-l-avenir-etang-sur-arroux-en-fete-avec-le-depart-de-la-3eme-etape-1-231194.jpg\"\/><img decoding=\"async\" src=\"https:\/\/www.europesays.com\/fr\/wp-content\/uploads\/2025\/08\/tour-de-l-avenir-etang-sur-arroux-en-fete-avec-le-depart-de-la-3eme-etape-1-298730.jpg\"\/><img decoding=\"async\" src=\"https:\/\/www.europesays.com\/fr\/wp-content\/uploads\/2025\/08\/tour-de-l-avenir-etang-sur-arroux-en-fete-avec-le-depart-de-la-3eme-etape-1-206781.jpg\"\/><br \/>\n<img decoding=\"async\" src=\"https:\/\/www.europesays.com\/fr\/wp-content\/uploads\/2025\/08\/tour-de-l-avenir-etang-sur-arroux-en-fete-avec-le-depart-de-la-3eme-etape-1-124294.jpg\"\/><img decoding=\"async\" src=\"https:\/\/www.europesays.com\/fr\/wp-content\/uploads\/2025\/08\/tour-de-l-avenir-etang-sur-arroux-en-fete-avec-le-depart-de-la-3eme-etape-1-387281.jpg\"\/><img decoding=\"async\" src=\"https:\/\/www.europesays.com\/fr\/wp-content\/uploads\/2025\/08\/tour-de-l-avenir-etang-sur-arroux-en-fete-avec-le-depart-de-la-3eme-etape-1-16214.jpg\"\/><img decoding=\"async\" src=\"https:\/\/www.europesays.com\/fr\/wp-content\/uploads\/2025\/08\/tour-de-l-avenir-etang-sur-arroux-en-fete-avec-le-depart-de-la-3eme-etape-1-177189.jpg\"\/><img decoding=\"async\" src=\"https:\/\/www.europesays.com\/fr\/wp-content\/uploads\/2025\/08\/tour-de-l-avenir-etang-sur-arroux-en-fete-avec-le-depart-de-la-3eme-etape-1-288163.jpg\"\/><br \/><script async src=\"https:\/\/platform.twitter.com\/widgets.js\" charset=\"utf-8\"><\/script><\/p>\n","protected":false},"excerpt":{"rendered":"26\/08\/2025 19:49 943 lectures IMPRIMER L&rsquo;ARTICLE Une heure apr\u00e8s les hommes, les femmes sont elles parties en direction&hellip;\n","protected":false},"author":2,"featured_media":346236,"comment_status":"","ping_status":"","sticky":false,"template":"","format":"standard","meta":{"footnotes":""},"categories":[1411],"tags":[1154,207,1011,27,60],"class_list":{"0":"post-346235","1":"post","2":"type-post","3":"status-publish","4":"format-standard","5":"has-post-thumbnail","7":"category-cyclisme","8":"tag-cycling","9":"tag-cyclisme","10":"tag-fr","11":"tag-france","12":"tag-sports"},"share_on_mastodon":{"url":"https:\/\/pubeurope.com\/@fr\/115097553252591937","error":""},"_links":{"self":[{"href":"https:\/\/www.europesays.com\/fr\/wp-json\/wp\/v2\/posts\/346235","targetHints":{"allow":["GET"]}}],"collection":[{"href":"https:\/\/www.europesays.com\/fr\/wp-json\/wp\/v2\/posts"}],"about":[{"href":"https:\/\/www.europesays.com\/fr\/wp-json\/wp\/v2\/types\/post"}],"author":[{"embeddable":true,"href":"https:\/\/www.europesays.com\/fr\/wp-json\/wp\/v2\/users\/2"}],"replies":[{"embeddable":true,"href":"https:\/\/www.europesays.com\/fr\/wp-json\/wp\/v2\/comments?post=346235"}],"version-history":[{"count":0,"href":"https:\/\/www.europesays.com\/fr\/wp-json\/wp\/v2\/posts\/346235\/revisions"}],"wp:featuredmedia":[{"embeddable":true,"href":"https:\/\/www.europesays.com\/fr\/wp-json\/wp\/v2\/media\/346236"}],"wp:attachment":[{"href":"https:\/\/www.europesays.com\/fr\/wp-json\/wp\/v2\/media?parent=346235"}],"wp:term":[{"taxonomy":"category","embeddable":true,"href":"https:\/\/www.europesays.com\/fr\/wp-json\/wp\/v2\/categories?post=346235"},{"taxonomy":"post_tag","embeddable":true,"href":"https:\/\/www.europesays.com\/fr\/wp-json\/wp\/v2\/tags?post=346235"}],"curies":[{"name":"wp","href":"https:\/\/api.w.org\/{rel}","templated":true}]}}