{"id":346241,"date":"2025-08-26T23:02:14","date_gmt":"2025-08-26T23:02:14","guid":{"rendered":"https:\/\/www.europesays.com\/fr\/346241\/"},"modified":"2025-08-26T23:02:14","modified_gmt":"2025-08-26T23:02:14","slug":"la-gare-de-perpignan-sans-laquelle-tous-nous-serions-en-australie-probablement-entoures-de-kangourous-il-y-a-60-ans-dali-baptisait-le-centre-du-monde","status":"publish","type":"post","link":"https:\/\/www.europesays.com\/fr\/346241\/","title":{"rendered":"\u00ab\u00a0La gare de Perpignan, sans laquelle, tous, nous serions en Australie, probablement entour\u00e9s de kangourous\u00a0\u00bb\u00a0: il y a 60 ans, Dali baptisait le centre du monde"},"content":{"rendered":"<p>\n                                                                Le 27\u00a0ao\u00fbt 1965, Salvador Dali d\u00e9cr\u00e9tait la gare de Perpignan \u00ab\u00a0Centre du monde\u00a0\u00bb. 60 ans apr\u00e8s, l\u2019h\u00e9ritage de la figure du surr\u00e9alisme reste discret dans la ville. Quand, \u00e0 une cinquantaine de kilom\u00e8tres, Figueres, sa ville natale, accueille plus d\u2019un million de visiteurs chaque ann\u00e9e attir\u00e9s par le mus\u00e9e Dali et sa maison natale. La Ville de Perpignan veut reprendre la main et projette une exposition Dali en 2027 au mus\u00e9e Rigaud et la cr\u00e9ation d\u2019un \u00ab\u00a0sentier\u00a0\u00bb dalinien le long de lieux fr\u00e9quent\u00e9s par le Ma\u00eetre du surr\u00e9alisme.\n                            <\/p>\n<p>Perpignan est le Centre du monde depuis 60 ans. Depuis\u00a0le 27\u00a0ao\u00fbt 1965\u00a0et ce voyage triomphal de C\u00e9ret \u00e0 Perpignan, o\u00f9, v\u00eatu en amiral, accompagn\u00e9 de sa muse Gala, d\u2019un ocelot blanc et d\u2019une bonne partie de sa cour, Salvador Dal\u00ed\u00a0c\u00e9l\u00e9bra \u00ab\u00a0une extase cosmogonique\u00a0\u00bb, \u00ab\u00a0une vision exacte de la constitution de l\u2019univers\u00a0\u00bb, au c\u0153ur d\u2019une gare baptis\u00e9e ce jour-l\u00e0, \u00e0 16h21, \u00ab\u00a0Centre du monde\u00a0\u00bb.\u00a0\u00ab\u00a0Sans laquelle, tous, nous serions en Australie, probablement entour\u00e9s de kangourous\u00a0\u00bb, ajoutait, plus surr\u00e9aliste que jamais, \u00ab\u00a0Le Ma\u00eetre\u00a0\u00bb, n\u00e9 \u00e0 Figueres en 1904.<\/p>\n<p>Dal\u00ed ne d\u00e9couvrait pas la gare perpignanaise ce jour-l\u00e0. Bien au contraire, elle \u00e9tait le pr\u00e9cieux point de transit\u00a0de ses \u0153uvres vers toute l\u2019Europe, en plein\u00a0franquisme en Espagne. Tout sauf un d\u00e9tail pour celui qu\u2019Andr\u00e9 Breton surnomma \u00ab\u00a0Avida Dollars\u00a0\u00bb. 60 ans plus tard, Perpignan cherche toujours \u00e0 surfer sur cet h\u00e9ritage Centre du Monde.<\/p>\n<p>Chantal Gombert, \u00e9lue \u00e0 la culture sous le mandat de Jean-Paul Alduy, fut la premi\u00e8re \u00e0 organiser\u00a0une d\u00e9ambulation dalinienne, le 27\u00a0ao\u00fbt 1995, avec la compagnie Malabar \u00e0 l\u2019\u0153uvre. Elle a convaincu\u00a0le capitaine Moore, secr\u00e9taire de Dal\u00ed, d\u2019installer deux statues devant la gare, et exposa le plus petit mus\u00e9e surr\u00e9aliste dans le wagon utilis\u00e9 en 1965. Elle lan\u00e7a m\u00eame la commande d\u2019une statue hommage aux Pritchard\u2019s, couple d\u2019artistes locaux. Mais, elle ne trouva que des oreilles discr\u00e8tes, limitant l\u2019ambition de la Ville. Jusqu\u2019\u00e0 s\u2019essouffler trop vite.<\/p>\n<blockquote>\n<p>\u00ab\u00a0La Fondation Dal\u00ed de Figu\u00e8res voit cela d\u2019un tr\u00e8s bon \u0153il\u00a0\u00bb.<\/p>\n<\/blockquote>\n<p>Lui a du souffle, v\u00e9n\u00e8re le Ma\u00eetre et lui rend un hommage tout en passion et choux-fleurs chaque 27\u00a0ao\u00fbt. Lluis Colet entretient la flamme. Inlassablement (lire plus bas).<\/p>\n<p>Pourtant, en ce soixanti\u00e8me anniversaire, un nouveau souffle semble se lever. Perpignan revendique une approche nouvelle, au-del\u00e0 des deux d\u00e9ambulations organis\u00e9es en\u00a02024 et\u00a02025, jamais \u00e0 la date du 27\u00a0ao\u00fbt. Dans une interview sur les r\u00e9seaux sociaux de la Ville, le maire Louis Aliot donne le ton. Adjoint \u00e0 la culture, Andr\u00e9 Bonnet pr\u00e9cise les ambitions\u00a0: \u00ab\u00a0Nous pr\u00e9parons une expo Dal\u00ed\u00a0en 2027 au mus\u00e9e Rigaud\u00a0; nous baptisons la m\u00e9diath\u00e8que du Vernet, du nom de Salvador Dal\u00ed, et souhaitons y organiser\u00a0chaque ann\u00e9e des journ\u00e9es d\u2019\u00e9tude qui lui seront consacr\u00e9es\u00a0; nous r\u00e9fl\u00e9chissons \u00e0 la cr\u00e9ation d\u2019un sentier\u00a0Dal\u00ed\u00a0le long de tous les sites embl\u00e9matiques (gare, avenue de la gare, bijouterie Ducommun, H\u00f4tel de France, Sant-Vicens\u2026). Tout cela en collaboration avec la Fondation Dal\u00ed\u00a0de Figu\u00e8res qui voit cela d\u2019un tr\u00e8s bon oeil\u00a0\u00bb.<\/p>\n<p>        <img decoding=\"async\" class=\"std-img__img responsive-img\" src=\"https:\/\/www.europesays.com\/fr\/wp-content\/uploads\/2025\/08\/1756249334_85_image.jpg\" alt=\"Une esquisse de d\u00e9ambulation dalinienne \u00e0 Perpignan.\"\/><\/p>\n<p>                Une esquisse de d\u00e9ambulation dalinienne \u00e0 Perpignan.<br \/>\n                                    Infographie L&rsquo;Ind\u00e9pendant &#8211; Infographie L&rsquo;Ind\u00e9pendant<\/p>\n<p>Un pr\u00eat exceptionnel du Centre Pompidou au mus\u00e9e Rigaud en mars\u00a02026<\/p>\n<p>D\u00e8s mars\u00a02026, le mus\u00e9e Rigaud accueillera, gr\u00e2ce \u00e0 un pr\u00eat exceptionnel du Centre Pompidou, une \u0153uvre majeure du ma\u00eetre du surr\u00e9alisme\u00a0: Hallucination partielle. Six images de L\u00e9nine sur un piano, dat\u00e9e de 1931. Le tableau sera expos\u00e9 pendant plus d\u2019un an dans l\u2019ancien salon d\u2019apparat de l\u2019h\u00f4tel particulier Lazerme, au coeur du mus\u00e9e. \u00ab\u00a0Aux c\u00f4t\u00e9s de ce\u00a0chef-d\u2019\u0153uvre, deux \u0153uvres issues des collections du mus\u00e9e Rigaud enrichissent l\u2019accrochage. Un dessin original de Dal\u00ed\u00a0repr\u00e9sentant le clocher de Collioure, rare t\u00e9moignage de son attachement au paysage roussillonnais. Une photographie rehauss\u00e9e de gouache par Dal\u00ed, d\u00e9clinant son tableau La Gare de Perpignan ou Pop, Po, Yes-Yes, Pompier (1965)\u00a0\u00bb, pr\u00e9cise\u00a0le mus\u00e9e Rigaud.<\/p>\n<p>Un pr\u00e9ambule donc \u00e0\u00a0l\u2019exposition Dal\u00ed\u00a0&amp; Perpignan, th\u00e9orie d\u2019une cosmogonie ferroviaire, programm\u00e9e\u00a0de la fin juin\u00a02026 \u00e0 janvier\u00a02027. Le mus\u00e9e Rigaud prenant alors un air de Centre du Monde. Et Perpignan avec.<\/p>\n<p>    Les 60 choux-fleurs pour 60 ans de Centre du Monde<\/p>\n<p>Comme chaque ann\u00e9e, il donne rendez-vous ce mercredi 27 ao\u00fbt 2025 \u00e0 16h21, dans le hall de la gare de Perpignan. Un rendez-vous avec celui qu&rsquo;il n&rsquo;appelle que \u00ab\u00a0Le Ma\u00eetre\u00a0\u00bb. Soixanti\u00e8me anniversaire oblige, Lluis Colet concocte son hommage. Pour c\u00e9l\u00e9brer les 60 ans de la r\u00e9v\u00e9lation du \u00ab\u00a0Centre du Monde\u00a0\u00bb \u00e0 Salvador Dal\u00ed, il a command\u00e9 60 choux-fleurs,\u00a0repr\u00e9sentant \u00ab\u00a0la vision du ma\u00eetre\u00a0\u00bb, qu&rsquo;il d\u00e9posera pieusement. Au coup de sifflet de la cheffe de gare, il fera revivre ce \u00ab\u00a0Voyage triomphal\u00a0\u00bb, qui mena Dal\u00ed de C\u00e9ret vers Perpignan. \u00ab\u00a0Le train arriva quai 2, voie 2, \u00e0 16h21 exactement\u00a0\u00bb.\u00a0L&rsquo;infatigable supporter des Dragons Catalans sera accompagn\u00e9 pour l&rsquo;occassion des Pompom girls pr\u00e9sentes \u00e0 chaque match \u00e0 Gilbert-Brutus. La performance s&rsquo;ach\u00e8vera dans une \u00ab\u00a0ode au Ma\u00eetre\u00a0\u00bb.\u00a0<\/p>\n","protected":false},"excerpt":{"rendered":"Le 27\u00a0ao\u00fbt 1965, Salvador Dali d\u00e9cr\u00e9tait la gare de Perpignan \u00ab\u00a0Centre du monde\u00a0\u00bb. 60 ans apr\u00e8s, l\u2019h\u00e9ritage de&hellip;\n","protected":false},"author":2,"featured_media":346242,"comment_status":"","ping_status":"","sticky":false,"template":"","format":"standard","meta":{"footnotes":""},"categories":[1358],"tags":[1348,1384,1385,1386,58,59,1011,27],"class_list":{"0":"post-346241","1":"post","2":"type-post","3":"status-publish","4":"format-standard","5":"has-post-thumbnail","7":"category-arts-et-design","8":"tag-arts","9":"tag-arts-and-design","10":"tag-arts-et-design","11":"tag-design","12":"tag-divertissement","13":"tag-entertainment","14":"tag-fr","15":"tag-france"},"share_on_mastodon":{"url":"https:\/\/pubeurope.com\/@fr\/115097563717423581","error":""},"_links":{"self":[{"href":"https:\/\/www.europesays.com\/fr\/wp-json\/wp\/v2\/posts\/346241","targetHints":{"allow":["GET"]}}],"collection":[{"href":"https:\/\/www.europesays.com\/fr\/wp-json\/wp\/v2\/posts"}],"about":[{"href":"https:\/\/www.europesays.com\/fr\/wp-json\/wp\/v2\/types\/post"}],"author":[{"embeddable":true,"href":"https:\/\/www.europesays.com\/fr\/wp-json\/wp\/v2\/users\/2"}],"replies":[{"embeddable":true,"href":"https:\/\/www.europesays.com\/fr\/wp-json\/wp\/v2\/comments?post=346241"}],"version-history":[{"count":0,"href":"https:\/\/www.europesays.com\/fr\/wp-json\/wp\/v2\/posts\/346241\/revisions"}],"wp:featuredmedia":[{"embeddable":true,"href":"https:\/\/www.europesays.com\/fr\/wp-json\/wp\/v2\/media\/346242"}],"wp:attachment":[{"href":"https:\/\/www.europesays.com\/fr\/wp-json\/wp\/v2\/media?parent=346241"}],"wp:term":[{"taxonomy":"category","embeddable":true,"href":"https:\/\/www.europesays.com\/fr\/wp-json\/wp\/v2\/categories?post=346241"},{"taxonomy":"post_tag","embeddable":true,"href":"https:\/\/www.europesays.com\/fr\/wp-json\/wp\/v2\/tags?post=346241"}],"curies":[{"name":"wp","href":"https:\/\/api.w.org\/{rel}","templated":true}]}}